{"id":11267,"date":"2026-09-04T08:00:00","date_gmt":"2026-09-04T06:00:00","guid":{"rendered":"https:\/\/agora.xtec.cat\/iesehtb\/?p=11267"},"modified":"2026-09-04T13:46:18","modified_gmt":"2026-09-04T11:46:18","slug":"llista-despera-setembre-2026","status":"publish","type":"post","link":"https:\/\/agora.xtec.cat\/iesehtb\/general\/llista-despera-setembre-2026\/","title":{"rendered":"Llista d&#8217;espera &#8211; Setembre 2026"},"content":{"rendered":"<p><!--more--><\/p>\n<div class=\"page\" title=\"Page 1\">\n<div class=\"layoutArea\">\n<div class=\"column\">\u00a0<\/div>\n<\/div>\n<\/div>\n<div class=\"layoutArea\">\n<div class=\"column\">\n<table style=\"border-collapse: collapse; width: 100%; height: 100px;\">\n<tbody>\n<tr style=\"height: 100px;\">\n<td style=\"width: 100%; background-color: #800040; height: 100px;\">\n<h3 style=\"text-align: center;\"><span style=\"color: #ffffff;\"><span dir=\"ltr\" role=\"presentation\">Proc\u00e9s de llista d&#8217;espera &#8211; SETEMBRE<\/span><\/span><\/h3>\n<\/td>\n<\/tr>\n<\/tbody>\n<\/table>\n<\/div>\n<p style=\"text-align: justify;\" data-start=\"105\" data-end=\"336\">En el proc\u00e9s extraordinari de preinscripci\u00f3 i matr\u00edcula que tindr\u00e0 lloc al mes de setembre, el centre oferir\u00e0 places vacants, sempre que quedin disponibles despr\u00e9s del per\u00edode ordinari de matr\u00edcula, pr\u00e8via sol\u00b7licitud d&#8217;inscripci\u00f3.<\/p>\n<div id=\"content-1617897277508-008ced9d-382d\" class=\"w-tabs-section-content\" aria-expanded=\"true\">\n<div class=\"w-tabs-section-content-h i-cf\">\n<div class=\"wpb_text_column introTtl\">\n<div class=\"wpb_wrapper\">\n<div class=\"layoutArea\">\n<div id=\"content-1617897277508-008ced9d-382d\" class=\"w-tabs-section-content\" aria-expanded=\"true\">\n<div class=\"w-tabs-section-content-h i-cf\">\n<div class=\"wpb_text_column introTtl\">\n<div class=\"wpb_wrapper\">\n<p>El Departament d&#8217;Educaci\u00f3 estableix una cua virtual, que \u00e9s una eina d\u2019\u00fas obligatori i \u00e9s \u00fanica per a cada centre educatiu i per a cada tipus d\u2019ensenyament (grau mitj\u00e0 i grau superior); per tant, no s\u2019estableixen cues diferenciades per a cada cicle formatiu. Les persones interessades s\u00f3n ateses seguint estrictament l\u2019ordre cronol\u00f2gic d\u2019inscripci\u00f3 a la cua virtual del centre.<\/p>\n<p>L\u2019alumnat es pot inscriure a la cua virtual de <strong>qualsevol centre<\/strong> que disposi de vacants i, si ho considera oport\u00fa, tamb\u00e9 pot inscriure\u2019s <strong>simult\u00e0niament a les cues d\u2019altres centres<\/strong>. En aquesta fase <strong>no se sol\u00b7licita pla\u00e7a per a un cicle formatiu concret, sin\u00f3 que la inscripci\u00f3 es fa a nivell de centre<\/strong>.<\/p>\n<p><strong>Cal tenir present que la posici\u00f3 a la cua determina \u00fanicament l\u2019ordre d\u2019atenci\u00f3 i no garanteix l\u2019obtenci\u00f3 d\u2019una pla\u00e7a determinada<\/strong>. At\u00e8s que la cua \u00e9s pr\u00f2pia del centre i no d\u2019un cicle formatiu espec\u00edfic, <strong>l\u2019adjudicaci\u00f3 final dependr\u00e0 tant de les vacants disponibles en cada cicle en el moment de l\u2019atenci\u00f3 com de les opcions escollides per les persones que hagin estat ateses amb anterioritat<\/strong>.<\/p>\n<p>La inscripci\u00f3 de l\u2019alumnat a la cua virtual s\u2019activar\u00e0 de manera centralitzada i simult\u00e0nia per a tots els centres participants el <strong>7 de setembre de 2026, entre les 09.00 h i les 23.59 h<\/strong>.<\/p>\n<\/div>\n<\/div>\n<\/div>\n<\/div>\n<table>\n<tbody>\n<tr>\n<td style=\"background-color: #ffa500;\"><strong>CALENDARI<\/strong><\/td>\n<\/tr>\n<\/tbody>\n<\/table>\n<ul>\n<li>Publicaci\u00f3 de places vacants: 7 de setembre de 2026<\/li>\n<li>Matr\u00edcula online:<strong> 8 i 10 de setembre de 2026<\/strong><\/li>\n<\/ul>\n<table style=\"border-collapse: collapse; width: 100%; height: 23px;\">\n<tbody>\n<tr style=\"height: 23px;\">\n<td style=\"width: 100%; background-color: #ffa500; height: 23px;\"><strong>PLACES VACANTS<\/strong><\/td>\n<\/tr>\n<\/tbody>\n<\/table>\n<\/div>\n<\/div>\n<\/div>\n<\/div>\n<\/div>\n<\/div>\n\n\n<p>Pots consultar les places vacants al seg\u00fcent enlla\u00e7: <a href=\"https:\/\/preinscripcio.gencat.cat\/ca\/estudis\/fp-grau-superior\/accedeix-vacant\/\">https:\/\/preinscripcio.gencat.cat\/ca\/estudis\/fp-grau-superior\/accedeix-vacant\/<\/a><\/p>\n\n\n\n<p><\/p>\n\n\n\n<figure class=\"wp-block-table\"><table class=\"has-luminous-vivid-amber-background-color has-background has-fixed-layout\"><tbody><tr><td><strong>INSCRIPCI\u00d3<\/strong><\/td><\/tr><\/tbody><\/table><\/figure>\n\n\n\n<p>Pots realitzar la teva inscripci\u00f3 a trav\u00e9s del seg\u00fcent enlla\u00e7:&nbsp; <a href=\"https:\/\/aplicacions.gestioeducativa.gencat.cat\/ords\/pls\/apex\/f?p=20160079072543618:650:::NO:650:P650_CENTRE:950279C726C63CE202EE5B28D2F154CC3C6B7FC2C444933D\" target=\"_blank\" rel=\"noreferrer noopener\">Apuntat a la cua virtual de l&#8217;EHTB<\/a><\/p>\n","protected":false},"excerpt":{"rendered":"","protected":false},"author":1,"featured_media":11018,"comment_status":"closed","ping_status":"open","sticky":true,"template":"","format":"standard","meta":{"_bbp_topic_count":0,"_bbp_reply_count":0,"_bbp_total_topic_count":0,"_bbp_total_reply_count":0,"_bbp_voice_count":0,"_bbp_anonymous_reply_count":0,"_bbp_topic_count_hidden":0,"_bbp_reply_count_hidden":0,"_bbp_forum_subforum_count":0,"site-sidebar-layout":"default","site-content-layout":"","ast-site-content-layout":"default","site-content-style":"default","site-sidebar-style":"default","ast-global-header-display":"","ast-banner-title-visibility":"","ast-main-header-display":"","ast-hfb-above-header-display":"","ast-hfb-below-header-display":"","ast-hfb-mobile-header-display":"","site-post-title":"","ast-breadcrumbs-content":"","ast-featured-img":"","footer-sml-layout":"","theme-transparent-header-meta":"","adv-header-id-meta":"","stick-header-meta":"","header-above-stick-meta":"","header-main-stick-meta":"","header-below-stick-meta":"","astra-migrate-meta-layouts":"set","ast-page-background-enabled":"default","ast-page-background-meta":{"desktop":{"background-color":"var(--ast-global-color-4)","background-image":"","background-repeat":"repeat","background-position":"center center","background-size":"auto","background-attachment":"scroll","background-type":"","background-media":"","overlay-type":"","overlay-color":"","overlay-opacity":"","overlay-gradient":""},"tablet":{"background-color":"","background-image":"","background-repeat":"repeat","background-position":"center center","background-size":"auto","background-attachment":"scroll","background-type":"","background-media":"","overlay-type":"","overlay-color":"","overlay-opacity":"","overlay-gradient":""},"mobile":{"background-color":"","background-image":"","background-repeat":"repeat","background-position":"center center","background-size":"auto","background-attachment":"scroll","background-type":"","background-media":"","overlay-type":"","overlay-color":"","overlay-opacity":"","overlay-gradient":""}},"ast-content-background-meta":{"desktop":{"background-color":"var(--ast-global-color-5)","background-image":"","background-repeat":"repeat","background-position":"center center","background-size":"auto","background-attachment":"scroll","background-type":"","background-media":"","overlay-type":"","overlay-color":"","overlay-opacity":"","overlay-gradient":""},"tablet":{"background-color":"var(--ast-global-color-5)","background-image":"","background-repeat":"repeat","background-position":"center center","background-size":"auto","background-attachment":"scroll","background-type":"","background-media":"","overlay-type":"","overlay-color":"","overlay-opacity":"","overlay-gradient":""},"mobile":{"background-color":"var(--ast-global-color-5)","background-image":"","background-repeat":"repeat","background-position":"center center","background-size":"auto","background-attachment":"scroll","background-type":"","background-media":"","overlay-type":"","overlay-color":"","overlay-opacity":"","overlay-gradient":""}},"footnotes":""},"categories":[5,15,14,6,59,60,19,20,30,3,4,141,1,29],"tags":[104,71,106,105],"class_list":["post-11267","post","type-post","status-publish","format-standard","has-post-thumbnail","hentry","category-cfgm-ht10","category-cfgm-ia60","category-cfgm-ht30","category-cfgs-hta0","category-direccio-de-cuina","category-cfgs-direccio-en-serveis-de-restauracio","category-cfgs-htb0","category-cfgs-htf0","category-cicles-formatius","category-cfgm","category-cfgs","category-dual","category-general","category-portada","tag-ehtb","tag-hoteleria","tag-industries-alimentaries","tag-turisme"],"post_mailing_queue_ids":[],"_links":{"self":[{"href":"https:\/\/agora.xtec.cat\/iesehtb\/wp-json\/wp\/v2\/posts\/11267","targetHints":{"allow":["GET"]}}],"collection":[{"href":"https:\/\/agora.xtec.cat\/iesehtb\/wp-json\/wp\/v2\/posts"}],"about":[{"href":"https:\/\/agora.xtec.cat\/iesehtb\/wp-json\/wp\/v2\/types\/post"}],"author":[{"embeddable":true,"href":"https:\/\/agora.xtec.cat\/iesehtb\/wp-json\/wp\/v2\/users\/1"}],"replies":[{"embeddable":true,"href":"https:\/\/agora.xtec.cat\/iesehtb\/wp-json\/wp\/v2\/comments?post=11267"}],"version-history":[{"count":6,"href":"https:\/\/agora.xtec.cat\/iesehtb\/wp-json\/wp\/v2\/posts\/11267\/revisions"}],"predecessor-version":[{"id":11273,"href":"https:\/\/agora.xtec.cat\/iesehtb\/wp-json\/wp\/v2\/posts\/11267\/revisions\/11273"}],"wp:featuredmedia":[{"embeddable":true,"href":"https:\/\/agora.xtec.cat\/iesehtb\/wp-json\/wp\/v2\/media\/11018"}],"wp:attachment":[{"href":"https:\/\/agora.xtec.cat\/iesehtb\/wp-json\/wp\/v2\/media?parent=11267"}],"wp:term":[{"taxonomy":"category","embeddable":true,"href":"https:\/\/agora.xtec.cat\/iesehtb\/wp-json\/wp\/v2\/categories?post=11267"},{"taxonomy":"post_tag","embeddable":true,"href":"https:\/\/agora.xtec.cat\/iesehtb\/wp-json\/wp\/v2\/tags?post=11267"}],"curies":[{"name":"wp","href":"https:\/\/api.w.org\/{rel}","templated":true}]}}