{"id":9640,"date":"2023-11-24T07:55:35","date_gmt":"2023-11-24T06:55:35","guid":{"rendered":"https:\/\/agora.xtec.cat\/iesducdemontblanc\/?p=9640"},"modified":"2023-11-25T11:35:32","modified_gmt":"2023-11-25T10:35:32","slug":"provencio-contra-la-violencia","status":"publish","type":"post","link":"https:\/\/agora.xtec.cat\/iesducdemontblanc\/eso\/provencio-contra-la-violencia\/","title":{"rendered":"25 N, Provenci\u00f3 contra la viol\u00e8ncia"},"content":{"rendered":"<p>Des de la mat\u00e8ria de Comunicaci\u00f3 Audiovisual hem treballat en una campanya de sensibilitzaci\u00f3 sobre el 25 de novembre, Dia Internacional per l\u2019Erradicaci\u00f3 de la Viol\u00e8ncia vers les Dones.<\/p>\n<p>Per poder treballar aquesta tem\u00e0tica durant diverses sessions hem parlat sobre les sexualitats, les relacions afectives i s&#8217;ha donat molta import\u00e0ncia al respecte cap als altres i a la necessitat d&#8217;una bona comunicaci\u00f3 per poder viure unes relacions sanes. En aquest proc\u00e9s hem volgut tractar el tema des de la provenci\u00f3.<br \/>\nLa provenci\u00f3 es diferencia de la prevenci\u00f3 en el fet que en dota d&#8217;eines per detectar, identificar i afrontar una situaci\u00f3 en aquest cas de viol\u00e8ncia.<\/p>\n<p><iframe loading=\"lazy\" src=\"\/\/www.youtube.com\/embed\/ela7lko7jd4?si=WXb_Vct3rXm7dR1Z\" width=\"300\" height=\"168\" allowfullscreen=\"allowfullscreen\"><\/iframe><\/p>\n<p>Amb aquesta campanya de I tu&#8230; quin paper esculls?, s&#8217;ha volgut implicar a tothom en la identificaci\u00f3 dels diferents agents involucrats en situacions de viol\u00e8ncia i ab\u00fas, el que el jovent en diu RED FLAGS.<br \/>\nAquesta campanya s&#8217;ha dissenyat sota la consigna de conscienciar a l&#8217;alumnat sobre els primers indicis de la viol\u00e8ncia o les relacions desiguals per prevenir, per\u00f2 a la vegada es mostren conductes d&#8217;autocura, estrat\u00e8gies de provenci\u00f3 per afrontar i acompanyar en aquestes situacions fins a erradicar-les de la nostra societat.<\/p>\n","protected":false},"excerpt":{"rendered":"<p>Des de la mat\u00e8ria de Comunicaci\u00f3 Audiovisual hem treballat en una campanya de sensibilitzaci\u00f3 sobre el 25 de novembre, Dia [&hellip;]<\/p>\n","protected":false},"author":7,"featured_media":9641,"comment_status":"closed","ping_status":"closed","sticky":false,"template":"","format":"standard","meta":{"_bbp_topic_count":0,"_bbp_reply_count":0,"_bbp_total_topic_count":0,"_bbp_total_reply_count":0,"_bbp_voice_count":0,"_bbp_anonymous_reply_count":0,"_bbp_topic_count_hidden":0,"_bbp_reply_count_hidden":0,"_bbp_forum_subforum_count":0,"site-sidebar-layout":"default","site-content-layout":"","ast-site-content-layout":"","site-content-style":"default","site-sidebar-style":"default","ast-global-header-display":"","ast-banner-title-visibility":"","ast-main-header-display":"","ast-hfb-above-header-display":"","ast-hfb-below-header-display":"","ast-hfb-mobile-header-display":"","site-post-title":"","ast-breadcrumbs-content":"","ast-featured-img":"","footer-sml-layout":"","theme-transparent-header-meta":"","adv-header-id-meta":"","stick-header-meta":"","header-above-stick-meta":"","header-main-stick-meta":"","header-below-stick-meta":"","astra-migrate-meta-layouts":"default","ast-page-background-enabled":"default","ast-page-background-meta":{"desktop":{"background-color":"var(--ast-global-color-4)","background-image":"","background-repeat":"repeat","background-position":"center center","background-size":"auto","background-attachment":"scroll","background-type":"","background-media":"","overlay-type":"","overlay-color":"","overlay-opacity":"","overlay-gradient":""},"tablet":{"background-color":"","background-image":"","background-repeat":"repeat","background-position":"center center","background-size":"auto","background-attachment":"scroll","background-type":"","background-media":"","overlay-type":"","overlay-color":"","overlay-opacity":"","overlay-gradient":""},"mobile":{"background-color":"","background-image":"","background-repeat":"repeat","background-position":"center center","background-size":"auto","background-attachment":"scroll","background-type":"","background-media":"","overlay-type":"","overlay-color":"","overlay-opacity":"","overlay-gradient":""}},"ast-content-background-meta":{"desktop":{"background-color":"var(--ast-global-color-5)","background-image":"","background-repeat":"repeat","background-position":"center center","background-size":"auto","background-attachment":"scroll","background-type":"","background-media":"","overlay-type":"","overlay-color":"","overlay-opacity":"","overlay-gradient":""},"tablet":{"background-color":"var(--ast-global-color-5)","background-image":"","background-repeat":"repeat","background-position":"center center","background-size":"auto","background-attachment":"scroll","background-type":"","background-media":"","overlay-type":"","overlay-color":"","overlay-opacity":"","overlay-gradient":""},"mobile":{"background-color":"var(--ast-global-color-5)","background-image":"","background-repeat":"repeat","background-position":"center center","background-size":"auto","background-attachment":"scroll","background-type":"","background-media":"","overlay-type":"","overlay-color":"","overlay-opacity":"","overlay-gradient":""}},"footnotes":""},"categories":[8,178,3,29],"tags":[],"class_list":["post-9640","post","type-post","status-publish","format-standard","has-post-thumbnail","hentry","category-batxillerat","category-coeducacio","category-eso","category-portada"],"post_mailing_queue_ids":[],"_links":{"self":[{"href":"https:\/\/agora.xtec.cat\/iesducdemontblanc\/wp-json\/wp\/v2\/posts\/9640","targetHints":{"allow":["GET"]}}],"collection":[{"href":"https:\/\/agora.xtec.cat\/iesducdemontblanc\/wp-json\/wp\/v2\/posts"}],"about":[{"href":"https:\/\/agora.xtec.cat\/iesducdemontblanc\/wp-json\/wp\/v2\/types\/post"}],"author":[{"embeddable":true,"href":"https:\/\/agora.xtec.cat\/iesducdemontblanc\/wp-json\/wp\/v2\/users\/7"}],"replies":[{"embeddable":true,"href":"https:\/\/agora.xtec.cat\/iesducdemontblanc\/wp-json\/wp\/v2\/comments?post=9640"}],"version-history":[{"count":3,"href":"https:\/\/agora.xtec.cat\/iesducdemontblanc\/wp-json\/wp\/v2\/posts\/9640\/revisions"}],"predecessor-version":[{"id":9645,"href":"https:\/\/agora.xtec.cat\/iesducdemontblanc\/wp-json\/wp\/v2\/posts\/9640\/revisions\/9645"}],"wp:featuredmedia":[{"embeddable":true,"href":"https:\/\/agora.xtec.cat\/iesducdemontblanc\/wp-json\/wp\/v2\/media\/9641"}],"wp:attachment":[{"href":"https:\/\/agora.xtec.cat\/iesducdemontblanc\/wp-json\/wp\/v2\/media?parent=9640"}],"wp:term":[{"taxonomy":"category","embeddable":true,"href":"https:\/\/agora.xtec.cat\/iesducdemontblanc\/wp-json\/wp\/v2\/categories?post=9640"},{"taxonomy":"post_tag","embeddable":true,"href":"https:\/\/agora.xtec.cat\/iesducdemontblanc\/wp-json\/wp\/v2\/tags?post=9640"}],"curies":[{"name":"wp","href":"https:\/\/api.w.org\/{rel}","templated":true}]}}