{"id":9578,"date":"2023-11-17T20:20:22","date_gmt":"2023-11-17T19:20:22","guid":{"rendered":"https:\/\/agora.xtec.cat\/iesducdemontblanc\/?p=9578"},"modified":"2023-11-17T21:35:32","modified_gmt":"2023-11-17T20:35:32","slug":"assamblea-anual-de-lafa","status":"publish","type":"post","link":"https:\/\/agora.xtec.cat\/iesducdemontblanc\/portada\/assamblea-anual-de-lafa\/","title":{"rendered":"Assamblea anual de l&#8217;AFA"},"content":{"rendered":"<p>Fam\u00edlies, ja tenim data per a la nostra Assemblea Anual d&#8217;AFA\u2757<\/p>\n<p>Ser\u00e0 el pr\u00f2xim <strong>dilluns 4 de Desembre<\/strong>, a la <strong>Biblioteca de l&#8217;institut Duc de Montblanc<\/strong> en \u00fanica convocat\u00f2ria de <strong>17:45h<\/strong>.<\/p>\n<p>L&#8217;Assemblea serveix per fer valoraci\u00f3 de les accions fetes durant el curs anterior, tancar el balan\u00e7 econ\u00f2mic i pactar tant els objectius i accions del nou any, com en decidir com prioritzarem les despeses del nou any.<\/p>\n<p><a href=\"https:\/\/agora.xtec.cat\/iesducdemontblanc\/wp-content\/uploads\/usu873\/2020\/10\/AFA-DUC-2020-1.jpg\"><img loading=\"lazy\" decoding=\"async\" class=\"aligncenter wp-image-3462 size-medium\" src=\"https:\/\/agora.xtec.cat\/iesducdemontblanc\/wp-content\/uploads\/usu873\/2020\/10\/AFA-DUC-2020-1-288x300.jpg\" alt=\"\" width=\"288\" height=\"300\" srcset=\"https:\/\/agora.xtec.cat\/iesducdemontblanc\/wp-content\/uploads\/usu873\/2020\/10\/AFA-DUC-2020-1-288x300.jpg 288w, https:\/\/agora.xtec.cat\/iesducdemontblanc\/wp-content\/uploads\/usu873\/2020\/10\/AFA-DUC-2020-1-768x800.jpg 768w, https:\/\/agora.xtec.cat\/iesducdemontblanc\/wp-content\/uploads\/usu873\/2020\/10\/AFA-DUC-2020-1-984x1024.jpg 984w\" sizes=\"auto, (max-width: 288px) 100vw, 288px\" \/><\/a><\/p>\n<p><strong>Vols formar part de l&#8217;AFA?<\/strong><br \/>\nAra \u00e9s un bon moment per a con\u00e8ixer-nos, explicar-nos les teves inquietuds i decidir quina \u00e9s la Comissi\u00f3 on t&#8217;agrairia ajudar.<\/p>\n<p><strong>L&#8217;ordre del dia \u00e9s el seg\u00fcent:<\/strong><br \/>\n1. Activitats Curs 2022-23.<br \/>\n2. Balan\u00e7 econ\u00f2mic Curs 2022-23.<br \/>\n3. Pla d&#8217;activitats, projectes previstos i pressupost Curs 2023-24.<br \/>\n4. Aprovaci\u00f3 del Pressupost.<br \/>\n5. El tel\u00e8fon m\u00f2bil a l&#8217;institut.<br \/>\n6. Torn obert de paraules.<\/p>\n<p>Us hi esperem!!!&#8221;<\/p>\n","protected":false},"excerpt":{"rendered":"<p>Fam\u00edlies, ja tenim data per a la nostra Assemblea Anual d&#8217;AFA\u2757 Ser\u00e0 el pr\u00f2xim dilluns 4 de Desembre, a la [&hellip;]<\/p>\n","protected":false},"author":7,"featured_media":3462,"comment_status":"closed","ping_status":"closed","sticky":false,"template":"","format":"standard","meta":{"_bbp_topic_count":0,"_bbp_reply_count":0,"_bbp_total_topic_count":0,"_bbp_total_reply_count":0,"_bbp_voice_count":0,"_bbp_anonymous_reply_count":0,"_bbp_topic_count_hidden":0,"_bbp_reply_count_hidden":0,"_bbp_forum_subforum_count":0,"site-sidebar-layout":"default","site-content-layout":"","ast-site-content-layout":"","site-content-style":"default","site-sidebar-style":"default","ast-global-header-display":"","ast-banner-title-visibility":"","ast-main-header-display":"","ast-hfb-above-header-display":"","ast-hfb-below-header-display":"","ast-hfb-mobile-header-display":"","site-post-title":"","ast-breadcrumbs-content":"","ast-featured-img":"","footer-sml-layout":"","theme-transparent-header-meta":"","adv-header-id-meta":"","stick-header-meta":"","header-above-stick-meta":"","header-main-stick-meta":"","header-below-stick-meta":"","astra-migrate-meta-layouts":"default","ast-page-background-enabled":"default","ast-page-background-meta":{"desktop":{"background-color":"var(--ast-global-color-4)","background-image":"","background-repeat":"repeat","background-position":"center center","background-size":"auto","background-attachment":"scroll","background-type":"","background-media":"","overlay-type":"","overlay-color":"","overlay-opacity":"","overlay-gradient":""},"tablet":{"background-color":"","background-image":"","background-repeat":"repeat","background-position":"center center","background-size":"auto","background-attachment":"scroll","background-type":"","background-media":"","overlay-type":"","overlay-color":"","overlay-opacity":"","overlay-gradient":""},"mobile":{"background-color":"","background-image":"","background-repeat":"repeat","background-position":"center center","background-size":"auto","background-attachment":"scroll","background-type":"","background-media":"","overlay-type":"","overlay-color":"","overlay-opacity":"","overlay-gradient":""}},"ast-content-background-meta":{"desktop":{"background-color":"var(--ast-global-color-5)","background-image":"","background-repeat":"repeat","background-position":"center center","background-size":"auto","background-attachment":"scroll","background-type":"","background-media":"","overlay-type":"","overlay-color":"","overlay-opacity":"","overlay-gradient":""},"tablet":{"background-color":"var(--ast-global-color-5)","background-image":"","background-repeat":"repeat","background-position":"center center","background-size":"auto","background-attachment":"scroll","background-type":"","background-media":"","overlay-type":"","overlay-color":"","overlay-opacity":"","overlay-gradient":""},"mobile":{"background-color":"var(--ast-global-color-5)","background-image":"","background-repeat":"repeat","background-position":"center center","background-size":"auto","background-attachment":"scroll","background-type":"","background-media":"","overlay-type":"","overlay-color":"","overlay-opacity":"","overlay-gradient":""}},"footnotes":""},"categories":[31,29],"tags":[],"class_list":["post-9578","post","type-post","status-publish","format-standard","has-post-thumbnail","hentry","category-afa","category-portada"],"post_mailing_queue_ids":[],"_links":{"self":[{"href":"https:\/\/agora.xtec.cat\/iesducdemontblanc\/wp-json\/wp\/v2\/posts\/9578","targetHints":{"allow":["GET"]}}],"collection":[{"href":"https:\/\/agora.xtec.cat\/iesducdemontblanc\/wp-json\/wp\/v2\/posts"}],"about":[{"href":"https:\/\/agora.xtec.cat\/iesducdemontblanc\/wp-json\/wp\/v2\/types\/post"}],"author":[{"embeddable":true,"href":"https:\/\/agora.xtec.cat\/iesducdemontblanc\/wp-json\/wp\/v2\/users\/7"}],"replies":[{"embeddable":true,"href":"https:\/\/agora.xtec.cat\/iesducdemontblanc\/wp-json\/wp\/v2\/comments?post=9578"}],"version-history":[{"count":1,"href":"https:\/\/agora.xtec.cat\/iesducdemontblanc\/wp-json\/wp\/v2\/posts\/9578\/revisions"}],"predecessor-version":[{"id":9579,"href":"https:\/\/agora.xtec.cat\/iesducdemontblanc\/wp-json\/wp\/v2\/posts\/9578\/revisions\/9579"}],"wp:featuredmedia":[{"embeddable":true,"href":"https:\/\/agora.xtec.cat\/iesducdemontblanc\/wp-json\/wp\/v2\/media\/3462"}],"wp:attachment":[{"href":"https:\/\/agora.xtec.cat\/iesducdemontblanc\/wp-json\/wp\/v2\/media?parent=9578"}],"wp:term":[{"taxonomy":"category","embeddable":true,"href":"https:\/\/agora.xtec.cat\/iesducdemontblanc\/wp-json\/wp\/v2\/categories?post=9578"},{"taxonomy":"post_tag","embeddable":true,"href":"https:\/\/agora.xtec.cat\/iesducdemontblanc\/wp-json\/wp\/v2\/tags?post=9578"}],"curies":[{"name":"wp","href":"https:\/\/api.w.org\/{rel}","templated":true}]}}