{"id":947,"date":"2018-01-11T23:11:46","date_gmt":"2018-01-11T22:11:46","guid":{"rendered":"http:\/\/agora.xtec.cat\/iesducdemontblanc\/?p=947"},"modified":"2018-01-13T19:13:26","modified_gmt":"2018-01-13T18:13:26","slug":"benvinguts-a-lespai-dorientacio","status":"publish","type":"post","link":"https:\/\/agora.xtec.cat\/iesducdemontblanc\/eso\/benvinguts-a-lespai-dorientacio\/","title":{"rendered":"Espai d&#8217;orientaci\u00f3"},"content":{"rendered":"<p>En aquesta p\u00e0gina trobareu informaci\u00f3 sobre l&#8217;orientaci\u00f3 al llarg de tota l&#8217;etapa d&#8217;ESO i Batxillerat, aix\u00ed com diferents enlla\u00e7os \u00fatils per a aprofundir en el tema.<\/p>\n<p>A les NOFC del centre, la secci\u00f3 que parla d&#8217;orientaci\u00f3 acad\u00e8mica i professional, trobem la informaci\u00f3 seg\u00fcent:<\/p>\n<p>Orientaci\u00f3 acad\u00e8mica i professional a 1r i 2n d\u2019ESO<\/p>\n<ul>\n<li>L\u2019orientaci\u00f3 que es d\u00f3na al primer cicle d\u2019ESO \u00e9s b\u00e0sicament acad\u00e8mica i personal. L\u2019\u00fanic itinerari acad\u00e8mic a triar que t\u00e9 l\u2019alumnat \u00e9s el de l\u2019oferta trimestral de mat\u00e8ries optatives, oferta \u00a0feta per cadascun dels departaments i que es d\u00f3na a con\u00e8ixer a l\u2019alumnat i les fam\u00edlies a trav\u00e9s dels tutors. Aquestes optatives ajuden a iniciar, refor\u00e7ar i ampliar \u00a0compet\u00e8ncies necess\u00e0ries per al seu curr\u00edculum.<\/li>\n<li>Despr\u00e9s tamb\u00e9 hi ha l\u2019orientaci\u00f3 de caire personal que els tutors amb la col\u00b7laboraci\u00f3 del departament d\u2019orientaci\u00f3 recomanen a l\u2019alumne\/a en base a les seves necessitats educatives i extraeducatives. Amb el suport de les fam\u00edlies, aquesta orientaci\u00f3 es pot traduir en una adaptaci\u00f3 curricular, en una beca per a una sortida o un refor\u00e7 extraescolar.Orientaci\u00f3 acad\u00e8mica i professional a 3r i 4t d\u2019ESO<\/li>\n<\/ul>\n<p align=\"JUSTIFY\">Dintre d&#8217;aquesta tasca orientativa el nostre centre t\u00e9 programades un conjunt de xerrades a c\u00e0rrec de cap d\u2019estudis, de coordinaci\u00f3 i dels tutors\/es de curs que tenen lloc durant el segon i tercer trimestre de tercer i quart per tal que l&#8217;alumnat pugui fer totes aquelles consultes que consideri oportunes.<\/p>\n<p align=\"JUSTIFY\">M\u00e9s avall trobareu un recull de recursos.<\/p>\n<p align=\"JUSTIFY\">Els alumnes de quart d\u2019ESO visiten el Sal\u00f3 de l\u2019Ensenyament i assisteixen a xerrades informatives sobre batxillerat, cicles formatius i altres sortides en funci\u00f3 de cap a on orienten el seu futur.<\/p>\n<p align=\"JUSTIFY\">Orientaci\u00f3 acad\u00e8mica i professional a Batxillerat<\/p>\n<ul>\n<li>\n<p align=\"JUSTIFY\">En el Batxillerat, aquest \u00e9s el principal tema de la tutoria de 2n, i es fa palesa en activitats concretes a 1r, com ara la visita a la universitat, i a 2n, en la jornada de portes obertes a la universitat. A m\u00e9s, sobretot a 2n, s\u2019organitzen xerrades en l\u2019hora de tutoria per aclarir conceptes sobretot de cara a la selecci\u00f3 de les mat\u00e8ries de les PAU i la seva repercussi\u00f3 en la posterior preinscripci\u00f3 universit\u00e0ria. S\u2019informa tamb\u00e9 de la possibilitat d\u2019accedir als Cicles Formatius de Grau Superior, ja sigui a trav\u00e9s de les proves d\u2019acc\u00e9s o amb l\u2019acc\u00e9s directe havent aprovat el Batxillerat.<\/p>\n<\/li>\n<\/ul>\n<ul>\n<li>\n<p align=\"JUSTIFY\">L\u2019alumnat tamb\u00e9 t\u00e9 al seu abast en l\u2019Espai de Tutoria de 2n de Batxillerat, enlla\u00e7os a diversos portals d\u2019orientaci\u00f3 acad\u00e8mica i , en general, informaci\u00f3 addicional sobre l\u2019acc\u00e9s als Cicles Formatius de Grau Superior i a la universitat.<\/p>\n<p>D&#8217;altra banda, tot seguit trobareu una s\u00e8rie d&#8217;enlla\u00e7os \u00fatils per a aprofundir en el tema:<\/li>\n<\/ul>\n<p><strong>1. Itineraris i estudis:<\/strong><\/p>\n<p><a href=\"http:\/\/queestudiar.gencat.cat\/ca\/orientacio\/joves\/informo-ensenyaments\/explora_mapa_destudis\/\">Mapa del sistema educatiu<\/a><\/p>\n<p><a href=\"http:\/\/www20.gencat.cat\/portal\/site\/familiaescola\">Fam\u00edlia i escola, junts per l&#8217;educaci\u00f3<\/a><\/p>\n<p><a href=\"http:\/\/queestudiar.gencat.cat\/ca\/orientacio\/joves\/\">Orientaci\u00f3 per als estudiants<\/a><\/p>\n<p><a href=\"http:\/\/www20.gencat.cat\/portal\/site\/queestudiar\/menuitem.ebe86eb754a719a7e85c7273b0c0e1a0\/?vgnextoid=682eb8eaf2bc9210VgnVCM1000000b0c1e0aRCRD&amp;vgnextchannel=682eb8eaf2bc9210VgnVCM1000000b0c1e0aRCRD&amp;vgnextfmt=default\">Estudiar a Catalunya<\/a><\/p>\n<p><a href=\"http:\/\/www.unportal.net\/\">Unportal<\/a><\/p>\n<p><strong>2.\u00a0<a href=\"http:\/\/queestudiar.gencat.cat\/ca\/estudis\/pfi\/\"> Programes de formaci\u00f3 i inserci\u00f3<\/a><\/strong><\/p>\n<p><strong>3. Formaci\u00f3 professional:<\/strong><\/p>\n<p><a href=\"http:\/\/queestudiar.gencat.cat\/ca\/estudis\/fp\/\">Informaci\u00f3 sobre la FP<\/a><\/p>\n<p><a href=\"http:\/\/queestudiar.gencat.cat\/ca\/orientacio\/joves\/exploro-mon-laboral\/mercat-laboral\/\">De qu\u00e8 t&#8217;agradaria treballar?<\/a><\/p>\n<p><a href=\"http:\/\/serveiocupacio.gencat.cat\/ca\/soc\/ambits\/orientacio-professional\/\">De qu\u00e8 puc treballar?<\/a><\/p>\n<p><a href=\"http:\/\/ensenyament.gencat.cat\/ca\/serveis-tramits\/proves\/proves-acces\/gm-fp\/\">Prova d&#8217;acc\u00e9s a Cicles Formatius de Grau Mitj\u00e0<\/a><\/p>\n<p>&nbsp;<\/p>\n<p><strong>4. Batxillerat:<\/strong><\/p>\n<p><a href=\"http:\/\/www.gencat.cat\/ensenyament\/eac\/pdf\/BATXLOE_CA.pdf\">Guia informativa de batxillerat<\/a><\/p>\n<p><strong>5. PAU:<\/strong><\/p>\n<p><a href=\"http:\/\/universitats.gencat.cat\/ca\/pau\/que_heu_saber\/estructura_qualificacio\/\">Estructura de les PAU<\/a><\/p>\n<p><a href=\"http:\/\/universitats.gencat.cat\/ca\/pau\/model_examens\/\">Models de les PAU<\/a><\/p>\n<p><a href=\"http:\/\/universitats.gencat.cat\/ca\/preinscripcio\/taula_ponderacions\/\">Taula de ponderacions de les mat\u00e8ries a les PAU<\/a><\/p>\n<p><strong>6. Universitats:<\/strong><\/p>\n<p><a href=\"http:\/\/universitats.gencat.cat\/ca\/inici\/\">Qu\u00e8 estudiar i com accedir-hi?<\/a><\/p>\n<p><a href=\"http:\/\/universitats.gencat.cat\/ca\/preinscripcio\/llistes_i_notes\/\">Notes de tall dels estudis universitaris<\/a><\/p>\n<p><strong>7. Informacions generals:<\/strong><\/p>\n<p><a href=\"http:\/\/xtec.gencat.cat\/ca\/curriculum\/orientacioeducativa\/consell-orientador\/\">El Consell Orientador: pautes per a l&#8217;elaboraci\u00f3<\/a><\/p>\n<p><a href=\"http:\/\/xtec.gencat.cat\/ca\/curriculum\/orientacioeducativa\/recursos\/\">Recursos<\/a><\/p>\n<p><a href=\"http:\/\/xtec.gencat.cat\/ca\/curriculum\/orientacioeducativa\/glossari\/\">Glossari terminol\u00f2gic<\/a><\/p>\n<p><a href=\"http:\/\/xtec.gencat.cat\/ca\/curriculum\/orientacioeducativa\/normativa\/\">Normativa<\/a><\/p>\n<p>&nbsp;<\/p>\n<p>&nbsp;<\/p>\n<p>&nbsp;<\/p>\n<p>&nbsp;<\/p>\n<p>&nbsp;<\/p>\n","protected":false},"excerpt":{"rendered":"<p>En aquesta p\u00e0gina trobareu informaci\u00f3 sobre l&#8217;orientaci\u00f3 al llarg de tota l&#8217;etapa d&#8217;ESO i Batxillerat, aix\u00ed com diferents enlla\u00e7os \u00fatils [&hellip;]<\/p>\n","protected":false},"author":1,"featured_media":0,"comment_status":"open","ping_status":"closed","sticky":false,"template":"","format":"standard","meta":{"_bbp_topic_count":0,"_bbp_reply_count":0,"_bbp_total_topic_count":0,"_bbp_total_reply_count":0,"_bbp_voice_count":0,"_bbp_anonymous_reply_count":0,"_bbp_topic_count_hidden":0,"_bbp_reply_count_hidden":0,"_bbp_forum_subforum_count":0,"site-sidebar-layout":"default","site-content-layout":"","ast-site-content-layout":"","site-content-style":"default","site-sidebar-style":"default","ast-global-header-display":"","ast-banner-title-visibility":"","ast-main-header-display":"","ast-hfb-above-header-display":"","ast-hfb-below-header-display":"","ast-hfb-mobile-header-display":"","site-post-title":"","ast-breadcrumbs-content":"","ast-featured-img":"","footer-sml-layout":"","theme-transparent-header-meta":"","adv-header-id-meta":"","stick-header-meta":"","header-above-stick-meta":"","header-main-stick-meta":"","header-below-stick-meta":"","astra-migrate-meta-layouts":"default","ast-page-background-enabled":"default","ast-page-background-meta":{"desktop":{"background-color":"var(--ast-global-color-4)","background-image":"","background-repeat":"repeat","background-position":"center center","background-size":"auto","background-attachment":"scroll","background-type":"","background-media":"","overlay-type":"","overlay-color":"","overlay-opacity":"","overlay-gradient":""},"tablet":{"background-color":"","background-image":"","background-repeat":"repeat","background-position":"center center","background-size":"auto","background-attachment":"scroll","background-type":"","background-media":"","overlay-type":"","overlay-color":"","overlay-opacity":"","overlay-gradient":""},"mobile":{"background-color":"","background-image":"","background-repeat":"repeat","background-position":"center center","background-size":"auto","background-attachment":"scroll","background-type":"","background-media":"","overlay-type":"","overlay-color":"","overlay-opacity":"","overlay-gradient":""}},"ast-content-background-meta":{"desktop":{"background-color":"var(--ast-global-color-5)","background-image":"","background-repeat":"repeat","background-position":"center center","background-size":"auto","background-attachment":"scroll","background-type":"","background-media":"","overlay-type":"","overlay-color":"","overlay-opacity":"","overlay-gradient":""},"tablet":{"background-color":"var(--ast-global-color-5)","background-image":"","background-repeat":"repeat","background-position":"center center","background-size":"auto","background-attachment":"scroll","background-type":"","background-media":"","overlay-type":"","overlay-color":"","overlay-opacity":"","overlay-gradient":""},"mobile":{"background-color":"var(--ast-global-color-5)","background-image":"","background-repeat":"repeat","background-position":"center center","background-size":"auto","background-attachment":"scroll","background-type":"","background-media":"","overlay-type":"","overlay-color":"","overlay-opacity":"","overlay-gradient":""}},"footnotes":""},"categories":[3,132],"tags":[],"class_list":["post-947","post","type-post","status-publish","format-standard","hentry","category-eso","category-orientacio"],"post_mailing_queue_ids":[],"_links":{"self":[{"href":"https:\/\/agora.xtec.cat\/iesducdemontblanc\/wp-json\/wp\/v2\/posts\/947","targetHints":{"allow":["GET"]}}],"collection":[{"href":"https:\/\/agora.xtec.cat\/iesducdemontblanc\/wp-json\/wp\/v2\/posts"}],"about":[{"href":"https:\/\/agora.xtec.cat\/iesducdemontblanc\/wp-json\/wp\/v2\/types\/post"}],"author":[{"embeddable":true,"href":"https:\/\/agora.xtec.cat\/iesducdemontblanc\/wp-json\/wp\/v2\/users\/1"}],"replies":[{"embeddable":true,"href":"https:\/\/agora.xtec.cat\/iesducdemontblanc\/wp-json\/wp\/v2\/comments?post=947"}],"version-history":[{"count":4,"href":"https:\/\/agora.xtec.cat\/iesducdemontblanc\/wp-json\/wp\/v2\/posts\/947\/revisions"}],"predecessor-version":[{"id":976,"href":"https:\/\/agora.xtec.cat\/iesducdemontblanc\/wp-json\/wp\/v2\/posts\/947\/revisions\/976"}],"wp:attachment":[{"href":"https:\/\/agora.xtec.cat\/iesducdemontblanc\/wp-json\/wp\/v2\/media?parent=947"}],"wp:term":[{"taxonomy":"category","embeddable":true,"href":"https:\/\/agora.xtec.cat\/iesducdemontblanc\/wp-json\/wp\/v2\/categories?post=947"},{"taxonomy":"post_tag","embeddable":true,"href":"https:\/\/agora.xtec.cat\/iesducdemontblanc\/wp-json\/wp\/v2\/tags?post=947"}],"curies":[{"name":"wp","href":"https:\/\/api.w.org\/{rel}","templated":true}]}}