{"id":8283,"date":"2023-04-17T09:42:11","date_gmt":"2023-04-17T07:42:11","guid":{"rendered":"https:\/\/agora.xtec.cat\/iesducdemontblanc\/?p=8283"},"modified":"2023-06-27T21:41:06","modified_gmt":"2023-06-27T19:41:06","slug":"preinscripcions-btx-alumnat-nou-al-centre","status":"publish","type":"post","link":"https:\/\/agora.xtec.cat\/iesducdemontblanc\/noticies\/preinscripcions-btx-alumnat-nou-al-centre\/","title":{"rendered":"Actualitzaci\u00f3 Preinscripcions BTX (alumnat NOU al centre) 21\/06\/2023"},"content":{"rendered":"<p><strong>Nou! Publicaci\u00f3 de la <a href=\"https:\/\/agora.xtec.cat\/iesducdemontblanc\/wp-content\/uploads\/usu873\/2023\/06\/INFORME_ASSIGNADES_INFORME_ASSIGNADES-4.pdf\">llista d&#8217;admesos<\/a> i la <a href=\"https:\/\/agora.xtec.cat\/iesducdemontblanc\/wp-content\/uploads\/usu873\/2023\/06\/INFORME_LLISTA_ESPERA_OME_LLISTA_ESPERA-3.pdf\">llista d&#8217;espera<\/a><\/strong><\/p>\n<p><strong>Publicaci\u00f3 de <a href=\"https:\/\/agora.xtec.cat\/iesducdemontblanc\/wp-content\/uploads\/usu873\/2023\/06\/Captura-de-Pantalla-2023-06-20-a-las-22.10.09.png\">l&#8217;oferta definitiva<\/a> de places<\/strong><\/p>\n<p><strong>Publicaci\u00f3 de la <a href=\"https:\/\/agora.xtec.cat\/iesducdemontblanc\/wp-content\/uploads\/usu873\/2023\/06\/INFORME_BAREM_DEFINITIU_BAREM.pdf\">llista ordenada<\/a><\/strong><\/p>\n<p><strong>Publicaci\u00f3 de la llista de <a href=\"https:\/\/agora.xtec.cat\/iesducdemontblanc\/wp-content\/uploads\/usu873\/2023\/06\/INFORME_BAREM_RESOLTES_BAREM-1-1.pdf\">sol\u00b7licituds amb la puntuaci\u00f3 definitiva<\/a><\/strong><\/p>\n<p><img loading=\"lazy\" decoding=\"async\" class=\"\" src=\"https:\/\/agora.xtec.cat\/iesducdemontblanc\/wp-content\/uploads\/usu873\/2023\/05\/retol-pdf-1024x724.jpg\" width=\"480\" height=\"340\" \/><\/p>\n<p><strong>OFERTA INICIAL DE PLACES AL BATXILLERAT<\/strong><\/p>\n<p>S&#8217;ofereixen 140 places: 75 places de reserva per l&#8217;alumnat del centre i 65 places per l&#8217;alumnat nou.<\/p>\n<p>Aquest any, la preinscripci\u00f3 es podr\u00e0 presentar del 19 al 25 d&#8217;abril de 2023, i, fins al dia 26 d&#8217;abril, es pot afegir la documentaci\u00f3 que encara falti.<\/p>\n<p>La preinscripci\u00f3 es far\u00e0 telem\u00e0ticament, per aquest motiu la tria de mat\u00e8ries de modalitat i optatives de Batxillerat que demana cursar l&#8217;alumnat tamb\u00e9 la farem telem\u00e0tica. D&#8217;aquesta manera ens facilitareu la tasca de preparaci\u00f3 del curs vinent.<\/p>\n<p>Per tant, la preinscripci\u00f3 la farem en dos passos:<\/p>\n<table style=\"border-collapse: collapse; width: 100%;\" border=\"1\">\n<tbody>\n<tr>\n<td style=\"width: 50%; text-align: center;\"><strong><strong>Pas 1:<br \/>\nPreinscripci\u00f3 al web del Departament d&#8217;Educaci\u00f3<br \/>\nFeu clic a la imatge inferior<br \/>\n<\/strong><\/strong><\/td>\n<td style=\"width: 50%; text-align: center;\"><strong>Pas 2: <\/strong><br \/>\n<strong>Sol\u00b7licitud de mat\u00e8ries de modalitat i optatives a un formulari del centre<br \/>\n(cal haver fet abans la preinscripci\u00f3)<br \/>\nFeu clic a la imatge inferior que correspongui<br \/>\n<\/strong><\/td>\n<\/tr>\n<tr>\n<td style=\"width: 50%;\"><a href=\"https:\/\/preinscripcio.gencat.cat\/ca\/estudis\/batxillerat\/inici\/\"><img loading=\"lazy\" decoding=\"async\" class=\"aligncenter wp-image-6418 size-full\" src=\"https:\/\/agora.xtec.cat\/iesducdemontblanc\/wp-content\/uploads\/usu873\/2021\/04\/Captura-de-2022-04-20-08-27-10.png\" alt=\"\" width=\"269\" height=\"189\" \/><\/a><\/td>\n<td style=\"width: 50%;\"><a href=\"https:\/\/forms.gle\/Yr8j7aHJXodtzhEx6\" target=\"_blank\" rel=\"noopener noreferrer\"><img loading=\"lazy\" decoding=\"async\" class=\"aligncenter wp-image-2228 size-full\" src=\"https:\/\/agora.xtec.cat\/iesducdemontblanc\/wp-content\/uploads\/usu873\/2019\/05\/formulari1bat.png\" alt=\"\" width=\"263\" height=\"138\" \/><\/a>\u00a0<a href=\"https:\/\/forms.gle\/1WgfKNdUT3JA5GeM6\" target=\"_blank\" rel=\"noopener noreferrer\"><img loading=\"lazy\" decoding=\"async\" class=\"aligncenter wp-image-2229 size-full\" src=\"https:\/\/agora.xtec.cat\/iesducdemontblanc\/wp-content\/uploads\/usu873\/2019\/05\/formulari2bat.png\" alt=\"\" width=\"263\" height=\"138\" \/><\/a><\/td>\n<\/tr>\n<\/tbody>\n<\/table>\n<h4>Eines i recursos que us poden ser \u00fatils durant el proc\u00e9s de preinscripci\u00f3:<\/h4>\n<table style=\"width: 100%;\">\n<tbody>\n<tr>\n<td style=\"width: 53.4445%;\">Enlla\u00e7 a la web on es pot sol\u00b7licitar l\u2019alta de l\u2019<strong>IdCat M\u00f2bil<\/strong>, un sistema d\u2019identitat digital molt f\u00e0cil de fer servir que us ser\u00e0 \u00fatil per a la preinscripci\u00f3 i tamb\u00e9 per a gestions amb altres administracions a Catalunya.<\/td>\n<td style=\"width: 45.9753%;\"><a href=\"https:\/\/idcatmobil.seu.cat\/\"><img loading=\"lazy\" decoding=\"async\" class=\"size-large aligncenter\" src=\"https:\/\/idcatmobil.seu.cat\/resources\/img\/logo_idCAT_gran.png\" width=\"126\" height=\"130\" \/><\/a><\/td>\n<\/tr>\n<tr>\n<td style=\"width: 53.4445%;\">Enlla\u00e7 a la p\u00e0gina que explica quina\u00a0<strong>documentaci\u00f3<\/strong>\u00a0cal preparar en format digital abans de la preinscripci\u00f3. Cal tenir-la preparada en format digital al dispositiu que s\u2019utilitzi per fer la preinscripci\u00f3.<\/td>\n<td style=\"width: 45.9753%;\">\n<figure class=\"figure wp-caption aligncenter\"><a href=\"https:\/\/preinscripcio.gencat.cat\/ca\/estudis\/batxillerat\/informat\/prepara-documentacio\/\"><img loading=\"lazy\" decoding=\"async\" class=\"alignnone\" src=\"https:\/\/preinscripcio.gencat.cat\/web\/.content\/estudis\/eso\/informat\/prepara-documentacio\/documentacio.jpg_662787736.jpg\" alt=\"\" width=\"392\" height=\"261\" \/><\/a><\/figure>\n<\/td>\n<\/tr>\n<tr>\n<td style=\"width: 53.4445%;\">Enlla\u00e7 a la p\u00e0gina de l\u2019Ajuntament de Rub\u00ed on podeu trobar\u00a0<strong>quina zona us correspon<\/strong>\u00a0segons el domicili.<\/td>\n<td style=\"width: 45.9753%;\"><a href=\"https:\/\/app.powerbi.com\/view?r=eyJrIjoiMGZkNjk0NTEtMjM1NC00NWY4LThjOGQtYTYzOTE5Yjk3OWI2IiwidCI6IjBkNzIzYTY1LTg0YTUtNDk3Mi04YzllLTg0NzU3NDc4ZTdlYyIsImMiOjl9\"><img loading=\"lazy\" decoding=\"async\" class=\"size-full wp-image-4226 aligncenter\" src=\"https:\/\/agora.xtec.cat\/iesducdemontblanc\/wp-content\/uploads\/usu873\/2021\/03\/mapaescolar.png\" alt=\"\" width=\"158\" height=\"116\" \/><\/a><\/td>\n<\/tr>\n<tr>\n<td style=\"width: 53.4445%;\">En cas de dubtes o dificultats<\/td>\n<td style=\"width: 45.9753%;\">Poseu-vos en contacte amb la Secretaria de l\u2019Institut<br \/>\n(tel. 93 699 79 61 de 9 a 14h)<\/td>\n<\/tr>\n<\/tbody>\n<\/table>\n<p>&nbsp;<\/p>\n","protected":false},"excerpt":{"rendered":"<p>Nou! Publicaci\u00f3 de la llista d&#8217;admesos i la llista d&#8217;espera Publicaci\u00f3 de l&#8217;oferta definitiva de places Publicaci\u00f3 de la llista [&hellip;]<\/p>\n","protected":false},"author":1,"featured_media":8308,"comment_status":"closed","ping_status":"closed","sticky":false,"template":"","format":"standard","meta":{"_bbp_topic_count":0,"_bbp_reply_count":0,"_bbp_total_topic_count":0,"_bbp_total_reply_count":0,"_bbp_voice_count":0,"_bbp_anonymous_reply_count":0,"_bbp_topic_count_hidden":0,"_bbp_reply_count_hidden":0,"_bbp_forum_subforum_count":0,"site-sidebar-layout":"default","site-content-layout":"","ast-site-content-layout":"","site-content-style":"default","site-sidebar-style":"default","ast-global-header-display":"","ast-banner-title-visibility":"","ast-main-header-display":"","ast-hfb-above-header-display":"","ast-hfb-below-header-display":"","ast-hfb-mobile-header-display":"","site-post-title":"","ast-breadcrumbs-content":"","ast-featured-img":"","footer-sml-layout":"","theme-transparent-header-meta":"","adv-header-id-meta":"","stick-header-meta":"","header-above-stick-meta":"","header-main-stick-meta":"","header-below-stick-meta":"","astra-migrate-meta-layouts":"default","ast-page-background-enabled":"default","ast-page-background-meta":{"desktop":{"background-color":"var(--ast-global-color-4)","background-image":"","background-repeat":"repeat","background-position":"center center","background-size":"auto","background-attachment":"scroll","background-type":"","background-media":"","overlay-type":"","overlay-color":"","overlay-opacity":"","overlay-gradient":""},"tablet":{"background-color":"","background-image":"","background-repeat":"repeat","background-position":"center center","background-size":"auto","background-attachment":"scroll","background-type":"","background-media":"","overlay-type":"","overlay-color":"","overlay-opacity":"","overlay-gradient":""},"mobile":{"background-color":"","background-image":"","background-repeat":"repeat","background-position":"center center","background-size":"auto","background-attachment":"scroll","background-type":"","background-media":"","overlay-type":"","overlay-color":"","overlay-opacity":"","overlay-gradient":""}},"ast-content-background-meta":{"desktop":{"background-color":"var(--ast-global-color-5)","background-image":"","background-repeat":"repeat","background-position":"center center","background-size":"auto","background-attachment":"scroll","background-type":"","background-media":"","overlay-type":"","overlay-color":"","overlay-opacity":"","overlay-gradient":""},"tablet":{"background-color":"var(--ast-global-color-5)","background-image":"","background-repeat":"repeat","background-position":"center center","background-size":"auto","background-attachment":"scroll","background-type":"","background-media":"","overlay-type":"","overlay-color":"","overlay-opacity":"","overlay-gradient":""},"mobile":{"background-color":"var(--ast-global-color-5)","background-image":"","background-repeat":"repeat","background-position":"center center","background-size":"auto","background-attachment":"scroll","background-type":"","background-media":"","overlay-type":"","overlay-color":"","overlay-opacity":"","overlay-gradient":""}},"footnotes":""},"categories":[1,29],"tags":[],"class_list":["post-8283","post","type-post","status-publish","format-standard","has-post-thumbnail","hentry","category-noticies","category-portada"],"post_mailing_queue_ids":[],"_links":{"self":[{"href":"https:\/\/agora.xtec.cat\/iesducdemontblanc\/wp-json\/wp\/v2\/posts\/8283","targetHints":{"allow":["GET"]}}],"collection":[{"href":"https:\/\/agora.xtec.cat\/iesducdemontblanc\/wp-json\/wp\/v2\/posts"}],"about":[{"href":"https:\/\/agora.xtec.cat\/iesducdemontblanc\/wp-json\/wp\/v2\/types\/post"}],"author":[{"embeddable":true,"href":"https:\/\/agora.xtec.cat\/iesducdemontblanc\/wp-json\/wp\/v2\/users\/1"}],"replies":[{"embeddable":true,"href":"https:\/\/agora.xtec.cat\/iesducdemontblanc\/wp-json\/wp\/v2\/comments?post=8283"}],"version-history":[{"count":4,"href":"https:\/\/agora.xtec.cat\/iesducdemontblanc\/wp-json\/wp\/v2\/posts\/8283\/revisions"}],"predecessor-version":[{"id":8293,"href":"https:\/\/agora.xtec.cat\/iesducdemontblanc\/wp-json\/wp\/v2\/posts\/8283\/revisions\/8293"}],"wp:featuredmedia":[{"embeddable":true,"href":"https:\/\/agora.xtec.cat\/iesducdemontblanc\/wp-json\/wp\/v2\/media\/8308"}],"wp:attachment":[{"href":"https:\/\/agora.xtec.cat\/iesducdemontblanc\/wp-json\/wp\/v2\/media?parent=8283"}],"wp:term":[{"taxonomy":"category","embeddable":true,"href":"https:\/\/agora.xtec.cat\/iesducdemontblanc\/wp-json\/wp\/v2\/categories?post=8283"},{"taxonomy":"post_tag","embeddable":true,"href":"https:\/\/agora.xtec.cat\/iesducdemontblanc\/wp-json\/wp\/v2\/tags?post=8283"}],"curies":[{"name":"wp","href":"https:\/\/api.w.org\/{rel}","templated":true}]}}