{"id":7997,"date":"2023-03-08T21:29:24","date_gmt":"2023-03-08T20:29:24","guid":{"rendered":"https:\/\/agora.xtec.cat\/iesducdemontblanc\/?p=7997"},"modified":"2023-03-10T13:41:02","modified_gmt":"2023-03-10T12:41:02","slug":"presentem-a-la-comissio-de-coeducacio","status":"publish","type":"post","link":"https:\/\/agora.xtec.cat\/iesducdemontblanc\/eso\/presentem-a-la-comissio-de-coeducacio\/","title":{"rendered":"Presentem la Comissi\u00f3 de Coeducaci\u00f3"},"content":{"rendered":"<p>Avui, aprofitant la celebraci\u00f3 del Dia Internacional de les Dones, presentem la Comissi\u00f3 de Coeducaci\u00f3 del centre i el seu espai virtual.<br \/>\nAquest curs s&#8217;ha format la Comissi\u00f3 de Coeducaci\u00f3 al centre amb la voluntat de treballar transversalment q\u00fcestions com la perspectiva de g\u00e8nere, la igualtat i la prevenci\u00f3 de viol\u00e8ncies.<\/p>\n<p><a href=\"https:\/\/agora.xtec.cat\/iesducdemontblanc\/wp-content\/uploads\/usu873\/2023\/03\/comissio-coeducacio23.jpg\"><img loading=\"lazy\" decoding=\"async\" class=\"aligncenter wp-image-8000 size-medium\" src=\"https:\/\/agora.xtec.cat\/iesducdemontblanc\/wp-content\/uploads\/usu873\/2023\/03\/comissio-coeducacio23-300x135.jpg\" alt=\"\" width=\"300\" height=\"135\" srcset=\"https:\/\/agora.xtec.cat\/iesducdemontblanc\/wp-content\/uploads\/usu873\/2023\/03\/comissio-coeducacio23-300x135.jpg 300w, https:\/\/agora.xtec.cat\/iesducdemontblanc\/wp-content\/uploads\/usu873\/2023\/03\/comissio-coeducacio23-1024x461.jpg 1024w, https:\/\/agora.xtec.cat\/iesducdemontblanc\/wp-content\/uploads\/usu873\/2023\/03\/comissio-coeducacio23-768x346.jpg 768w, https:\/\/agora.xtec.cat\/iesducdemontblanc\/wp-content\/uploads\/usu873\/2023\/03\/comissio-coeducacio23-1536x691.jpg 1536w, https:\/\/agora.xtec.cat\/iesducdemontblanc\/wp-content\/uploads\/usu873\/2023\/03\/comissio-coeducacio23.jpg 1600w\" sizes=\"auto, (max-width: 300px) 100vw, 300px\" \/><\/a><\/p>\n<p>Els i les integrants s\u00f3n:<br \/>\n&#8211; Esther Borderas, orientadora educativa.<br \/>\n&#8211; Marta Company, orientadora educativa.<br \/>\n&#8211; Chiara Erroi, professora de franc\u00e8s.<br \/>\n&#8211; Beatriz Marcos, professora d&#8217;educaci\u00f3 visual i pl\u00e0stica, comunicaci\u00f3 audiovisual i dibuix t\u00e8cnic.<br \/>\n&#8211; Pol M\u00e0dico, professor de biologia i geologia.<br \/>\n&#8211; Ada Pastor, professora de llengua castellana i literatura.<\/p>\n<p>A <a href=\"https:\/\/sites.google.com\/ducdemontblanc.cat\/coeducacio\">l&#8217;espai virtual<\/a>, trobareu material adre\u00e7at a alumnat, professorat i fam\u00edlies sobre diferents aspectes per treballar la inclusi\u00f3, discriminaci\u00f3 per ra\u00f3 de g\u00e8nere o la interseccionalitat.<\/p>\n<p>Per la voluntat d&#8217;escolta i atenci\u00f3 de la Comissi\u00f3, s&#8217;ha creat una <a href=\"https:\/\/docs.google.com\/forms\/d\/e\/1FAIpQLScybx6UXBP9MOcthRY5v2MPPO6k3J6Re4xV1qJqzSk6J6a31A\/viewform\">b\u00fastia digital<\/a> per recollir den\u00fancies, propostes i comentaris relacionats amb tots els aspectes d&#8217;inter\u00e8s de l&#8217;alumnat i les fam\u00edlies. Si no, sempre podeu enviar un correu a <a href=\"mailto:coeducacio@ducdemontblanc.cat\">coeducacio@ducdemontblanc.cat<\/a>.<\/p>\n<p><a href=\"https:\/\/agora.xtec.cat\/iesducdemontblanc\/wp-content\/uploads\/usu873\/2023\/03\/QR-Bustia-digital.png\"><img loading=\"lazy\" decoding=\"async\" class=\"aligncenter wp-image-7999 size-thumbnail\" src=\"https:\/\/agora.xtec.cat\/iesducdemontblanc\/wp-content\/uploads\/usu873\/2023\/03\/QR-Bustia-digital-150x150.png\" alt=\"\" width=\"150\" height=\"150\" srcset=\"https:\/\/agora.xtec.cat\/iesducdemontblanc\/wp-content\/uploads\/usu873\/2023\/03\/QR-Bustia-digital-150x150.png 150w, https:\/\/agora.xtec.cat\/iesducdemontblanc\/wp-content\/uploads\/usu873\/2023\/03\/QR-Bustia-digital-300x300.png 300w, https:\/\/agora.xtec.cat\/iesducdemontblanc\/wp-content\/uploads\/usu873\/2023\/03\/QR-Bustia-digital.png 410w\" sizes=\"auto, (max-width: 150px) 100vw, 150px\" \/><\/a><\/p>\n<p>Continuarem treballant per millorar la conviv\u00e8ncia, la igualtat i la inclusi\u00f3 en el nostre centre i a la societat.<\/p>\n","protected":false},"excerpt":{"rendered":"<p>Avui, aprofitant la celebraci\u00f3 del Dia Internacional de les Dones, presentem la Comissi\u00f3 de Coeducaci\u00f3 del centre i el seu [&hellip;]<\/p>\n","protected":false},"author":7,"featured_media":7998,"comment_status":"closed","ping_status":"closed","sticky":false,"template":"","format":"standard","meta":{"_bbp_topic_count":0,"_bbp_reply_count":0,"_bbp_total_topic_count":0,"_bbp_total_reply_count":0,"_bbp_voice_count":0,"_bbp_anonymous_reply_count":0,"_bbp_topic_count_hidden":0,"_bbp_reply_count_hidden":0,"_bbp_forum_subforum_count":0,"site-sidebar-layout":"default","site-content-layout":"","ast-site-content-layout":"","site-content-style":"default","site-sidebar-style":"default","ast-global-header-display":"","ast-banner-title-visibility":"","ast-main-header-display":"","ast-hfb-above-header-display":"","ast-hfb-below-header-display":"","ast-hfb-mobile-header-display":"","site-post-title":"","ast-breadcrumbs-content":"","ast-featured-img":"","footer-sml-layout":"","theme-transparent-header-meta":"","adv-header-id-meta":"","stick-header-meta":"","header-above-stick-meta":"","header-main-stick-meta":"","header-below-stick-meta":"","astra-migrate-meta-layouts":"default","ast-page-background-enabled":"default","ast-page-background-meta":{"desktop":{"background-color":"var(--ast-global-color-4)","background-image":"","background-repeat":"repeat","background-position":"center center","background-size":"auto","background-attachment":"scroll","background-type":"","background-media":"","overlay-type":"","overlay-color":"","overlay-opacity":"","overlay-gradient":""},"tablet":{"background-color":"","background-image":"","background-repeat":"repeat","background-position":"center center","background-size":"auto","background-attachment":"scroll","background-type":"","background-media":"","overlay-type":"","overlay-color":"","overlay-opacity":"","overlay-gradient":""},"mobile":{"background-color":"","background-image":"","background-repeat":"repeat","background-position":"center center","background-size":"auto","background-attachment":"scroll","background-type":"","background-media":"","overlay-type":"","overlay-color":"","overlay-opacity":"","overlay-gradient":""}},"ast-content-background-meta":{"desktop":{"background-color":"var(--ast-global-color-5)","background-image":"","background-repeat":"repeat","background-position":"center center","background-size":"auto","background-attachment":"scroll","background-type":"","background-media":"","overlay-type":"","overlay-color":"","overlay-opacity":"","overlay-gradient":""},"tablet":{"background-color":"var(--ast-global-color-5)","background-image":"","background-repeat":"repeat","background-position":"center center","background-size":"auto","background-attachment":"scroll","background-type":"","background-media":"","overlay-type":"","overlay-color":"","overlay-opacity":"","overlay-gradient":""},"mobile":{"background-color":"var(--ast-global-color-5)","background-image":"","background-repeat":"repeat","background-position":"center center","background-size":"auto","background-attachment":"scroll","background-type":"","background-media":"","overlay-type":"","overlay-color":"","overlay-opacity":"","overlay-gradient":""}},"footnotes":""},"categories":[8,3,4,5,6,7,29],"tags":[],"class_list":["post-7997","post","type-post","status-publish","format-standard","has-post-thumbnail","hentry","category-batxillerat","category-eso","category-eso-1","category-eso-2","category-eso-3","category-eso-4","category-portada"],"post_mailing_queue_ids":[],"_links":{"self":[{"href":"https:\/\/agora.xtec.cat\/iesducdemontblanc\/wp-json\/wp\/v2\/posts\/7997","targetHints":{"allow":["GET"]}}],"collection":[{"href":"https:\/\/agora.xtec.cat\/iesducdemontblanc\/wp-json\/wp\/v2\/posts"}],"about":[{"href":"https:\/\/agora.xtec.cat\/iesducdemontblanc\/wp-json\/wp\/v2\/types\/post"}],"author":[{"embeddable":true,"href":"https:\/\/agora.xtec.cat\/iesducdemontblanc\/wp-json\/wp\/v2\/users\/7"}],"replies":[{"embeddable":true,"href":"https:\/\/agora.xtec.cat\/iesducdemontblanc\/wp-json\/wp\/v2\/comments?post=7997"}],"version-history":[{"count":2,"href":"https:\/\/agora.xtec.cat\/iesducdemontblanc\/wp-json\/wp\/v2\/posts\/7997\/revisions"}],"predecessor-version":[{"id":8002,"href":"https:\/\/agora.xtec.cat\/iesducdemontblanc\/wp-json\/wp\/v2\/posts\/7997\/revisions\/8002"}],"wp:featuredmedia":[{"embeddable":true,"href":"https:\/\/agora.xtec.cat\/iesducdemontblanc\/wp-json\/wp\/v2\/media\/7998"}],"wp:attachment":[{"href":"https:\/\/agora.xtec.cat\/iesducdemontblanc\/wp-json\/wp\/v2\/media?parent=7997"}],"wp:term":[{"taxonomy":"category","embeddable":true,"href":"https:\/\/agora.xtec.cat\/iesducdemontblanc\/wp-json\/wp\/v2\/categories?post=7997"},{"taxonomy":"post_tag","embeddable":true,"href":"https:\/\/agora.xtec.cat\/iesducdemontblanc\/wp-json\/wp\/v2\/tags?post=7997"}],"curies":[{"name":"wp","href":"https:\/\/api.w.org\/{rel}","templated":true}]}}