{"id":7955,"date":"2023-03-03T08:48:44","date_gmt":"2023-03-03T07:48:44","guid":{"rendered":"https:\/\/agora.xtec.cat\/iesducdemontblanc\/?p=7955"},"modified":"2023-03-03T08:48:44","modified_gmt":"2023-03-03T07:48:44","slug":"43e-cros-de-escolar-de-rubi","status":"publish","type":"post","link":"https:\/\/agora.xtec.cat\/iesducdemontblanc\/eso\/43e-cros-de-escolar-de-rubi\/","title":{"rendered":"43\u00e8 Cros de escolar de Rub\u00ed"},"content":{"rendered":"<p>Les inscripcions es realitzaran \u00fanicament per internet fins al dijous 8 de mar\u00e7 . L\u2019hauran de realitzar les persones que estiguin interessades a participar-hi. Podran formalitzar la seva inscripci\u00f3 omplint formulari en aquest <a href=\"http:\/\/www.inscripcions.cat\/crosderubi2023\">enlla\u00e7.<\/a><\/p>\n<p><a href=\"https:\/\/agora.xtec.cat\/iesducdemontblanc\/wp-content\/uploads\/usu873\/2023\/03\/Screenshot_20230302_173829_Instagram.jpg\"><img loading=\"lazy\" decoding=\"async\" class=\"aligncenter wp-image-7958 size-medium\" src=\"https:\/\/agora.xtec.cat\/iesducdemontblanc\/wp-content\/uploads\/usu873\/2023\/03\/Screenshot_20230302_173829_Instagram-285x300.jpg\" alt=\"\" width=\"285\" height=\"300\" srcset=\"https:\/\/agora.xtec.cat\/iesducdemontblanc\/wp-content\/uploads\/usu873\/2023\/03\/Screenshot_20230302_173829_Instagram-285x300.jpg 285w, https:\/\/agora.xtec.cat\/iesducdemontblanc\/wp-content\/uploads\/usu873\/2023\/03\/Screenshot_20230302_173829_Instagram.jpg 628w\" sizes=\"auto, (max-width: 285px) 100vw, 285px\" \/><\/a><\/p>\n<p>En qualsevol moment podran consultar el llistat d\u2019inscrits a la mateixa adre\u00e7a web per comprovar si s\u2019ha realitzat correctament la seva inscripci\u00f3, saber el seu n\u00famero de pitrall i veure la resta de participants. Quan acabin les diferents curses, cada participant podr\u00e0 tornar a visitar la p\u00e0gina web i accedir a l\u2019apartat corresponent per consultar la classificaci\u00f3 de la mateixa i per imprimir-se el seu diploma de participaci\u00f3, en el que si ho desitja, podr\u00e0 incorporar una fotografia seva.<\/p>\n<p>M\u00e9s informaci\u00f3:<\/p>\n<p><a href=\"https:\/\/agora.xtec.cat\/iesducdemontblanc\/wp-content\/uploads\/usu873\/2023\/03\/Normativa-del-cros-escolar-2022-2023-MARC-2023-sortida-i-arribada-a-esplanada.pdf\">Normativa del cros escolar 2022 2023 MAR\u00c7 2023 sortida i arribada a esplanada<\/a> <a href=\"https:\/\/agora.xtec.cat\/iesducdemontblanc\/wp-content\/uploads\/usu873\/2023\/03\/DIPTIC-A5-43e-CROS-ESCOLAR-RUBI-2023.pdf\">D\u00cdPTIC A5 43\u00e8 CROS ESCOLAR RUB\u00cd 2023<\/a><\/p>\n","protected":false},"excerpt":{"rendered":"<p>Les inscripcions es realitzaran \u00fanicament per internet fins al dijous 8 de mar\u00e7 . L\u2019hauran de realitzar les persones que [&hellip;]<\/p>\n","protected":false},"author":7,"featured_media":7958,"comment_status":"closed","ping_status":"closed","sticky":false,"template":"","format":"standard","meta":{"_bbp_topic_count":0,"_bbp_reply_count":0,"_bbp_total_topic_count":0,"_bbp_total_reply_count":0,"_bbp_voice_count":0,"_bbp_anonymous_reply_count":0,"_bbp_topic_count_hidden":0,"_bbp_reply_count_hidden":0,"_bbp_forum_subforum_count":0,"site-sidebar-layout":"default","site-content-layout":"","ast-site-content-layout":"","site-content-style":"default","site-sidebar-style":"default","ast-global-header-display":"","ast-banner-title-visibility":"","ast-main-header-display":"","ast-hfb-above-header-display":"","ast-hfb-below-header-display":"","ast-hfb-mobile-header-display":"","site-post-title":"","ast-breadcrumbs-content":"","ast-featured-img":"","footer-sml-layout":"","theme-transparent-header-meta":"","adv-header-id-meta":"","stick-header-meta":"","header-above-stick-meta":"","header-main-stick-meta":"","header-below-stick-meta":"","astra-migrate-meta-layouts":"default","ast-page-background-enabled":"default","ast-page-background-meta":{"desktop":{"background-color":"var(--ast-global-color-4)","background-image":"","background-repeat":"repeat","background-position":"center center","background-size":"auto","background-attachment":"scroll","background-type":"","background-media":"","overlay-type":"","overlay-color":"","overlay-opacity":"","overlay-gradient":""},"tablet":{"background-color":"","background-image":"","background-repeat":"repeat","background-position":"center center","background-size":"auto","background-attachment":"scroll","background-type":"","background-media":"","overlay-type":"","overlay-color":"","overlay-opacity":"","overlay-gradient":""},"mobile":{"background-color":"","background-image":"","background-repeat":"repeat","background-position":"center center","background-size":"auto","background-attachment":"scroll","background-type":"","background-media":"","overlay-type":"","overlay-color":"","overlay-opacity":"","overlay-gradient":""}},"ast-content-background-meta":{"desktop":{"background-color":"var(--ast-global-color-5)","background-image":"","background-repeat":"repeat","background-position":"center center","background-size":"auto","background-attachment":"scroll","background-type":"","background-media":"","overlay-type":"","overlay-color":"","overlay-opacity":"","overlay-gradient":""},"tablet":{"background-color":"var(--ast-global-color-5)","background-image":"","background-repeat":"repeat","background-position":"center center","background-size":"auto","background-attachment":"scroll","background-type":"","background-media":"","overlay-type":"","overlay-color":"","overlay-opacity":"","overlay-gradient":""},"mobile":{"background-color":"var(--ast-global-color-5)","background-image":"","background-repeat":"repeat","background-position":"center center","background-size":"auto","background-attachment":"scroll","background-type":"","background-media":"","overlay-type":"","overlay-color":"","overlay-opacity":"","overlay-gradient":""}},"footnotes":""},"categories":[8,3,29],"tags":[],"class_list":["post-7955","post","type-post","status-publish","format-standard","has-post-thumbnail","hentry","category-batxillerat","category-eso","category-portada"],"post_mailing_queue_ids":[],"_links":{"self":[{"href":"https:\/\/agora.xtec.cat\/iesducdemontblanc\/wp-json\/wp\/v2\/posts\/7955","targetHints":{"allow":["GET"]}}],"collection":[{"href":"https:\/\/agora.xtec.cat\/iesducdemontblanc\/wp-json\/wp\/v2\/posts"}],"about":[{"href":"https:\/\/agora.xtec.cat\/iesducdemontblanc\/wp-json\/wp\/v2\/types\/post"}],"author":[{"embeddable":true,"href":"https:\/\/agora.xtec.cat\/iesducdemontblanc\/wp-json\/wp\/v2\/users\/7"}],"replies":[{"embeddable":true,"href":"https:\/\/agora.xtec.cat\/iesducdemontblanc\/wp-json\/wp\/v2\/comments?post=7955"}],"version-history":[{"count":1,"href":"https:\/\/agora.xtec.cat\/iesducdemontblanc\/wp-json\/wp\/v2\/posts\/7955\/revisions"}],"predecessor-version":[{"id":7959,"href":"https:\/\/agora.xtec.cat\/iesducdemontblanc\/wp-json\/wp\/v2\/posts\/7955\/revisions\/7959"}],"wp:featuredmedia":[{"embeddable":true,"href":"https:\/\/agora.xtec.cat\/iesducdemontblanc\/wp-json\/wp\/v2\/media\/7958"}],"wp:attachment":[{"href":"https:\/\/agora.xtec.cat\/iesducdemontblanc\/wp-json\/wp\/v2\/media?parent=7955"}],"wp:term":[{"taxonomy":"category","embeddable":true,"href":"https:\/\/agora.xtec.cat\/iesducdemontblanc\/wp-json\/wp\/v2\/categories?post=7955"},{"taxonomy":"post_tag","embeddable":true,"href":"https:\/\/agora.xtec.cat\/iesducdemontblanc\/wp-json\/wp\/v2\/tags?post=7955"}],"curies":[{"name":"wp","href":"https:\/\/api.w.org\/{rel}","templated":true}]}}