{"id":7528,"date":"2022-12-21T21:27:01","date_gmt":"2022-12-21T20:27:01","guid":{"rendered":"https:\/\/agora.xtec.cat\/iesducdemontblanc\/?p=7528"},"modified":"2022-12-22T18:24:17","modified_gmt":"2022-12-22T17:24:17","slug":"fem-de-profes","status":"publish","type":"post","link":"https:\/\/agora.xtec.cat\/iesducdemontblanc\/eso\/eso-2\/fem-de-profes\/","title":{"rendered":"Fem de profes!"},"content":{"rendered":"<p class=\"Standard\" style=\"text-align: justify; text-justify: inter-ideograph;\"><span lang=\"CA\" style=\"font-family: 'Arial\\, Helvetica\\, sans-serif'; color: #222222;\">L&#8217;alumnat de 2n d&#8217;ESO ha protagonitzat una activitat en la mat\u00e8ria de Ci\u00e8ncies Socials que l&#8217;ha obligat a convertir-se per un dia en professors i professores dels seus propis companys.<\/span><\/p>\n<p class=\"Standard\" style=\"text-align: justify; text-justify: inter-ideograph;\"><span lang=\"CA\" style=\"font-family: 'Arial\\, Helvetica\\, sans-serif'; color: #222222;\">El grup-classe s&#8217;ha distribu\u00eft en petits grups heterogenis, cadascun dels quals s&#8217;ha centrat, amb l&#8217;assessorament del docent d&#8217;aula, en la investigaci\u00f3 d&#8217;un tema hist\u00f2ric. Aix\u00f2 ha perm\u00e8s a l&#8217;alumnat posar en marxa de manera col\u00b7laborativa les habilitats de cadasc\u00fa, tot construint un coneixement propi.<\/span><\/p>\n\r\n\t<div class=\"slideshow_container slideshow_container_style-light\" style=\"height: 300px; \" data-slideshow-id=\"7519\" data-style-name=\"style-light\" data-style-version=\"2.3.1\" >\r\n\r\n\t\t\t\t\t<div class=\"slideshow_loading_icon\"><\/div>\r\n\t\t\r\n\t\t<div class=\"slideshow_content\" style=\"display: none;\">\r\n\r\n\t\t\t<div class=\"slideshow_view\">\r\n\t\t\t\t<div class=\"slideshow_slide slideshow_slide_image\">\r\n\t\t\t\t\t\t\t\t\t\t\t<img src=\"https:\/\/agora.xtec.cat\/iesducdemontblanc\/wp-content\/uploads\/usu873\/2022\/12\/Fem-de-profes-4.jpg\" alt=\"Fem de profes 4\" width=\"1072\" height=\"657\" \/>\r\n\t\t\t\t\t\t\t\t\t\t<div class=\"slideshow_description_box slideshow_transparent\">\r\n\t\t\t\t\t\t<div class=\"slideshow_title\">Fem de profes 4<\/div>\t\t\t\t\t\t\t\t\t\t\t<\/div>\r\n\t\t\t\t<\/div>\r\n\r\n\t\t\t\t\t\t<div style=\"clear: both;\"><\/div><\/div><div class=\"slideshow_view\">\r\n\t\t\t\t<div class=\"slideshow_slide slideshow_slide_image\">\r\n\t\t\t\t\t\t\t\t\t\t\t<img src=\"https:\/\/agora.xtec.cat\/iesducdemontblanc\/wp-content\/uploads\/usu873\/2022\/12\/Fem-de-profes-1.jpg\" alt=\"Fem de profes 1\" width=\"520\" height=\"687\" \/>\r\n\t\t\t\t\t\t\t\t\t\t<div class=\"slideshow_description_box slideshow_transparent\">\r\n\t\t\t\t\t\t<div class=\"slideshow_title\">Fem de profes 1<\/div>\t\t\t\t\t\t\t\t\t\t\t<\/div>\r\n\t\t\t\t<\/div>\r\n\r\n\t\t\t\t\t\t<div style=\"clear: both;\"><\/div><\/div><div class=\"slideshow_view\">\r\n\t\t\t\t<div class=\"slideshow_slide slideshow_slide_image\">\r\n\t\t\t\t\t\t\t\t\t\t\t<img src=\"https:\/\/agora.xtec.cat\/iesducdemontblanc\/wp-content\/uploads\/usu873\/2022\/12\/Fem-de-profes-3.jpg\" alt=\"Fem de profes 3\" width=\"705\" height=\"513\" \/>\r\n\t\t\t\t\t\t\t\t\t\t<div class=\"slideshow_description_box slideshow_transparent\">\r\n\t\t\t\t\t\t<div class=\"slideshow_title\">Fem de profes 3<\/div>\t\t\t\t\t\t\t\t\t\t\t<\/div>\r\n\t\t\t\t<\/div>\r\n\r\n\t\t\t\t\t\t<div style=\"clear: both;\"><\/div><\/div><div class=\"slideshow_view\">\r\n\t\t\t\t<div class=\"slideshow_slide slideshow_slide_image\">\r\n\t\t\t\t\t\t\t\t\t\t\t<img src=\"https:\/\/agora.xtec.cat\/iesducdemontblanc\/wp-content\/uploads\/usu873\/2022\/12\/Fem-de-profes-2.jpg\" alt=\"Fem de profes 2\" width=\"631\" height=\"811\" \/>\r\n\t\t\t\t\t\t\t\t\t\t<div class=\"slideshow_description_box slideshow_transparent\">\r\n\t\t\t\t\t\t<div class=\"slideshow_title\">Fem de profes 2<\/div>\t\t\t\t\t\t\t\t\t\t\t<\/div>\r\n\t\t\t\t<\/div>\r\n\r\n\t\t\t\t\t\t<div style=\"clear: both;\"><\/div><\/div><div class=\"slideshow_view\">\r\n\t\t\t\t<div class=\"slideshow_slide slideshow_slide_image\">\r\n\t\t\t\t\t\t\t\t\t\t\t<img src=\"https:\/\/agora.xtec.cat\/iesducdemontblanc\/wp-content\/uploads\/usu873\/2022\/12\/Fem-de-profes-6.jpg\" alt=\"Fem de profes 6\" width=\"1204\" height=\"727\" \/>\r\n\t\t\t\t\t\t\t\t\t\t<div class=\"slideshow_description_box slideshow_transparent\">\r\n\t\t\t\t\t\t<div class=\"slideshow_title\">Fem de profes 6<\/div>\t\t\t\t\t\t\t\t\t\t\t<\/div>\r\n\t\t\t\t<\/div>\r\n\r\n\t\t\t\t\t\t<div style=\"clear: both;\"><\/div><\/div><div class=\"slideshow_view\">\r\n\t\t\t\t<div class=\"slideshow_slide slideshow_slide_image\">\r\n\t\t\t\t\t\t\t\t\t\t\t<img src=\"https:\/\/agora.xtec.cat\/iesducdemontblanc\/wp-content\/uploads\/usu873\/2022\/12\/Fem-de-profes-5.jpg\" alt=\"Fem de profes 5\" width=\"1156\" height=\"691\" \/>\r\n\t\t\t\t\t\t\t\t\t\t<div class=\"slideshow_description_box slideshow_transparent\">\r\n\t\t\t\t\t\t<div class=\"slideshow_title\">Fem de profes 5<\/div>\t\t\t\t\t\t\t\t\t\t\t<\/div>\r\n\t\t\t\t<\/div>\r\n\r\n\t\t\t\t\t\t<div style=\"clear: both;\"><\/div><\/div>\r\n\t\t<\/div>\r\n\r\n\t\t<div class=\"slideshow_controlPanel slideshow_transparent\" style=\"display: none;\"><ul><li class=\"slideshow_togglePlay\" data-play-text=\"Visualitza\" data-pause-text=\"Pausa\"><\/li><\/ul><\/div>\r\n\r\n\t\t<div class=\"slideshow_button slideshow_previous slideshow_transparent\" role=\"button\" data-previous-text=\"Anterior\" style=\"display: none;\"><\/div>\r\n\t\t<div class=\"slideshow_button slideshow_next slideshow_transparent\" role=\"button\" data-next-text=\"Seg\u00fcent\" style=\"display: none;\"><\/div>\r\n\r\n\t\t<div class=\"slideshow_pagination\" style=\"display: none;\" data-go-to-text=\"V\u00e9s a la diapositiva\"><div class=\"slideshow_pagination_center\"><\/div><\/div>\r\n\r\n\t\t<!-- WordPress Slideshow Version 2.3.1 -->\r\n\r\n\t\t\t<\/div>\r\n\r\n\n<p class=\"Standard\" style=\"text-align: justify; text-justify: inter-ideograph;\"><span lang=\"CA\" style=\"font-family: 'Arial\\, Helvetica\\, sans-serif'; color: #222222;\">En el desenvolupament de l&#8217;activat, for\u00e7a alumnes han descobert que ensenyar \u00e9s una bona manera d&#8217;aprendre.<\/span><\/p>\n","protected":false},"excerpt":{"rendered":"<p>L&#8217;alumnat de 2n d&#8217;ESO ha protagonitzat una activitat en la mat\u00e8ria de Ci\u00e8ncies Socials que l&#8217;ha obligat a convertir-se per [&hellip;]<\/p>\n","protected":false},"author":7,"featured_media":7527,"comment_status":"closed","ping_status":"closed","sticky":false,"template":"","format":"standard","meta":{"_bbp_topic_count":0,"_bbp_reply_count":0,"_bbp_total_topic_count":0,"_bbp_total_reply_count":0,"_bbp_voice_count":0,"_bbp_anonymous_reply_count":0,"_bbp_topic_count_hidden":0,"_bbp_reply_count_hidden":0,"_bbp_forum_subforum_count":0,"site-sidebar-layout":"default","site-content-layout":"","ast-site-content-layout":"","site-content-style":"default","site-sidebar-style":"default","ast-global-header-display":"","ast-banner-title-visibility":"","ast-main-header-display":"","ast-hfb-above-header-display":"","ast-hfb-below-header-display":"","ast-hfb-mobile-header-display":"","site-post-title":"","ast-breadcrumbs-content":"","ast-featured-img":"","footer-sml-layout":"","theme-transparent-header-meta":"","adv-header-id-meta":"","stick-header-meta":"","header-above-stick-meta":"","header-main-stick-meta":"","header-below-stick-meta":"","astra-migrate-meta-layouts":"default","ast-page-background-enabled":"default","ast-page-background-meta":{"desktop":{"background-color":"var(--ast-global-color-4)","background-image":"","background-repeat":"repeat","background-position":"center center","background-size":"auto","background-attachment":"scroll","background-type":"","background-media":"","overlay-type":"","overlay-color":"","overlay-opacity":"","overlay-gradient":""},"tablet":{"background-color":"","background-image":"","background-repeat":"repeat","background-position":"center center","background-size":"auto","background-attachment":"scroll","background-type":"","background-media":"","overlay-type":"","overlay-color":"","overlay-opacity":"","overlay-gradient":""},"mobile":{"background-color":"","background-image":"","background-repeat":"repeat","background-position":"center center","background-size":"auto","background-attachment":"scroll","background-type":"","background-media":"","overlay-type":"","overlay-color":"","overlay-opacity":"","overlay-gradient":""}},"ast-content-background-meta":{"desktop":{"background-color":"var(--ast-global-color-5)","background-image":"","background-repeat":"repeat","background-position":"center center","background-size":"auto","background-attachment":"scroll","background-type":"","background-media":"","overlay-type":"","overlay-color":"","overlay-opacity":"","overlay-gradient":""},"tablet":{"background-color":"var(--ast-global-color-5)","background-image":"","background-repeat":"repeat","background-position":"center center","background-size":"auto","background-attachment":"scroll","background-type":"","background-media":"","overlay-type":"","overlay-color":"","overlay-opacity":"","overlay-gradient":""},"mobile":{"background-color":"var(--ast-global-color-5)","background-image":"","background-repeat":"repeat","background-position":"center center","background-size":"auto","background-attachment":"scroll","background-type":"","background-media":"","overlay-type":"","overlay-color":"","overlay-opacity":"","overlay-gradient":""}},"footnotes":""},"categories":[5,29],"tags":[],"class_list":["post-7528","post","type-post","status-publish","format-standard","has-post-thumbnail","hentry","category-eso-2","category-portada"],"post_mailing_queue_ids":[],"_links":{"self":[{"href":"https:\/\/agora.xtec.cat\/iesducdemontblanc\/wp-json\/wp\/v2\/posts\/7528","targetHints":{"allow":["GET"]}}],"collection":[{"href":"https:\/\/agora.xtec.cat\/iesducdemontblanc\/wp-json\/wp\/v2\/posts"}],"about":[{"href":"https:\/\/agora.xtec.cat\/iesducdemontblanc\/wp-json\/wp\/v2\/types\/post"}],"author":[{"embeddable":true,"href":"https:\/\/agora.xtec.cat\/iesducdemontblanc\/wp-json\/wp\/v2\/users\/7"}],"replies":[{"embeddable":true,"href":"https:\/\/agora.xtec.cat\/iesducdemontblanc\/wp-json\/wp\/v2\/comments?post=7528"}],"version-history":[{"count":2,"href":"https:\/\/agora.xtec.cat\/iesducdemontblanc\/wp-json\/wp\/v2\/posts\/7528\/revisions"}],"predecessor-version":[{"id":7557,"href":"https:\/\/agora.xtec.cat\/iesducdemontblanc\/wp-json\/wp\/v2\/posts\/7528\/revisions\/7557"}],"wp:featuredmedia":[{"embeddable":true,"href":"https:\/\/agora.xtec.cat\/iesducdemontblanc\/wp-json\/wp\/v2\/media\/7527"}],"wp:attachment":[{"href":"https:\/\/agora.xtec.cat\/iesducdemontblanc\/wp-json\/wp\/v2\/media?parent=7528"}],"wp:term":[{"taxonomy":"category","embeddable":true,"href":"https:\/\/agora.xtec.cat\/iesducdemontblanc\/wp-json\/wp\/v2\/categories?post=7528"},{"taxonomy":"post_tag","embeddable":true,"href":"https:\/\/agora.xtec.cat\/iesducdemontblanc\/wp-json\/wp\/v2\/tags?post=7528"}],"curies":[{"name":"wp","href":"https:\/\/api.w.org\/{rel}","templated":true}]}}