{"id":7346,"date":"2022-11-22T20:55:50","date_gmt":"2022-11-22T19:55:50","guid":{"rendered":"https:\/\/agora.xtec.cat\/iesducdemontblanc\/?p=7346"},"modified":"2022-11-25T09:14:30","modified_gmt":"2022-11-25T08:14:30","slug":"la-setmana-del-25-n","status":"publish","type":"post","link":"https:\/\/agora.xtec.cat\/iesducdemontblanc\/noticies\/la-setmana-del-25-n\/","title":{"rendered":"La setmana del 25 N"},"content":{"rendered":"<p>El divendres 25 de novembre \u00e9s el Dia Internacional per a l&#8217;Eliminaci\u00f3 de la Viol\u00e8ncia envers les Dones i, aquesta vegada, els membres del PIL juntament amb la Comissi\u00f3 de Coeducaci\u00f3 han preparat unes activitats que es realitzaran durant aquesta setmana, des del dimarts fins al divendres, en la franja de lectura amb tot l&#8217;alumnat.<\/p>\n\r\n\t<div class=\"slideshow_container slideshow_container_style-light\" style=\"height: 300px; \" data-slideshow-id=\"7348\" data-style-name=\"style-light\" data-style-version=\"2.3.1\" >\r\n\r\n\t\t\t\t\t<div class=\"slideshow_loading_icon\"><\/div>\r\n\t\t\r\n\t\t<div class=\"slideshow_content\" style=\"display: none;\">\r\n\r\n\t\t\t<div class=\"slideshow_view\">\r\n\t\t\t\t<div class=\"slideshow_slide slideshow_slide_image\">\r\n\t\t\t\t\t\t\t\t\t\t\t<img src=\"https:\/\/agora.xtec.cat\/iesducdemontblanc\/wp-content\/uploads\/usu873\/2022\/11\/UNA-LLUITA-CONJUNTA-PER-LA-IGUALTAT.jpg\" alt=\"UNA LLUITA CONJUNTA PER LA IGUALTAT\" width=\"707\" height=\"1000\" \/>\r\n\t\t\t\t\t\t\t\t\t\t<div class=\"slideshow_description_box slideshow_transparent\">\r\n\t\t\t\t\t\t<div class=\"slideshow_title\">UNA LLUITA CONJUNTA PER LA IGUALTAT<\/div>\t\t\t\t\t\t\t\t\t\t\t<\/div>\r\n\t\t\t\t<\/div>\r\n\r\n\t\t\t\t\t\t<div style=\"clear: both;\"><\/div><\/div><div class=\"slideshow_view\">\r\n\t\t\t\t<div class=\"slideshow_slide slideshow_slide_image\">\r\n\t\t\t\t\t\t\t\t\t\t\t<img src=\"https:\/\/agora.xtec.cat\/iesducdemontblanc\/wp-content\/uploads\/usu873\/2022\/11\/Ariadna-Arauzoi-Sara-Soler-1.jpg\" alt=\"Ariadna Arauzoi Sara Soler\" width=\"794\" height=\"1123\" \/>\r\n\t\t\t\t\t\t\t\t\t\t<div class=\"slideshow_description_box slideshow_transparent\">\r\n\t\t\t\t\t\t<div class=\"slideshow_title\">Ariadna Arauzoi Sara Soler<\/div>\t\t\t\t\t\t\t\t\t\t\t<\/div>\r\n\t\t\t\t<\/div>\r\n\r\n\t\t\t\t\t\t<div style=\"clear: both;\"><\/div><\/div><div class=\"slideshow_view\">\r\n\t\t\t\t<div class=\"slideshow_slide slideshow_slide_image\">\r\n\t\t\t\t\t\t\t\t\t\t\t<img src=\"https:\/\/agora.xtec.cat\/iesducdemontblanc\/wp-content\/uploads\/usu873\/2022\/11\/25N.jpg\" alt=\"25N\" width=\"707\" height=\"1000\" \/>\r\n\t\t\t\t\t\t\t\t\t\t<div class=\"slideshow_description_box slideshow_transparent\">\r\n\t\t\t\t\t\t<div class=\"slideshow_title\">25N<\/div>\t\t\t\t\t\t\t\t\t\t\t<\/div>\r\n\t\t\t\t<\/div>\r\n\r\n\t\t\t\t\t\t<div style=\"clear: both;\"><\/div><\/div><div class=\"slideshow_view\">\r\n\t\t\t\t<div class=\"slideshow_slide slideshow_slide_image\">\r\n\t\t\t\t\t\t\t\t\t\t\t<img src=\"https:\/\/agora.xtec.cat\/iesducdemontblanc\/wp-content\/uploads\/usu873\/2022\/11\/unnamed-7.jpg\" alt=\"unnamed (7)\" width=\"707\" height=\"1000\" \/>\r\n\t\t\t\t\t\t\t\t\t\t<div class=\"slideshow_description_box slideshow_transparent\">\r\n\t\t\t\t\t\t<div class=\"slideshow_title\">unnamed (7)<\/div>\t\t\t\t\t\t\t\t\t\t\t<\/div>\r\n\t\t\t\t<\/div>\r\n\r\n\t\t\t\t\t\t<div style=\"clear: both;\"><\/div><\/div><div class=\"slideshow_view\">\r\n\t\t\t\t<div class=\"slideshow_slide slideshow_slide_image\">\r\n\t\t\t\t\t\t\t\t\t\t\t<img src=\"https:\/\/agora.xtec.cat\/iesducdemontblanc\/wp-content\/uploads\/usu873\/2022\/11\/Una-lluita-conjunta-per-ligualtat.jpg\" alt=\"Una lluita conjunta per l&#039;igualtat\" width=\"707\" height=\"1000\" \/>\r\n\t\t\t\t\t\t\t\t\t\t<div class=\"slideshow_description_box slideshow_transparent\">\r\n\t\t\t\t\t\t<div class=\"slideshow_title\">Una lluita conjunta per l&#039;igualtat<\/div>\t\t\t\t\t\t\t\t\t\t\t<\/div>\r\n\t\t\t\t<\/div>\r\n\r\n\t\t\t\t\t\t<div style=\"clear: both;\"><\/div><\/div><div class=\"slideshow_view\">\r\n\t\t\t\t<div class=\"slideshow_slide slideshow_slide_image\">\r\n\t\t\t\t\t\t\t\t\t\t\t<img src=\"https:\/\/agora.xtec.cat\/iesducdemontblanc\/wp-content\/uploads\/usu873\/2022\/11\/POSTER-25N.jpg\" alt=\"POSTER 25N\" width=\"707\" height=\"1000\" \/>\r\n\t\t\t\t\t\t\t\t\t\t<div class=\"slideshow_description_box slideshow_transparent\">\r\n\t\t\t\t\t\t<div class=\"slideshow_title\">POSTER 25N<\/div>\t\t\t\t\t\t\t\t\t\t\t<\/div>\r\n\t\t\t\t<\/div>\r\n\r\n\t\t\t\t\t\t<div style=\"clear: both;\"><\/div><\/div><div class=\"slideshow_view\">\r\n\t\t\t\t<div class=\"slideshow_slide slideshow_slide_image\">\r\n\t\t\t\t\t\t\t\t\t\t\t<img src=\"https:\/\/agora.xtec.cat\/iesducdemontblanc\/wp-content\/uploads\/usu873\/2022\/11\/cartel-25N.png\" alt=\"cartel 25N\" width=\"707\" height=\"1000\" \/>\r\n\t\t\t\t\t\t\t\t\t\t<div class=\"slideshow_description_box slideshow_transparent\">\r\n\t\t\t\t\t\t<div class=\"slideshow_title\">cartel 25N<\/div>\t\t\t\t\t\t\t\t\t\t\t<\/div>\r\n\t\t\t\t<\/div>\r\n\r\n\t\t\t\t\t\t<div style=\"clear: both;\"><\/div><\/div><div class=\"slideshow_view\">\r\n\t\t\t\t<div class=\"slideshow_slide slideshow_slide_image\">\r\n\t\t\t\t\t\t\t\t\t\t\t<img src=\"https:\/\/agora.xtec.cat\/iesducdemontblanc\/wp-content\/uploads\/usu873\/2022\/11\/20221122_080912_0000.png\" alt=\"20221122_080912_0000\" width=\"707\" height=\"1000\" \/>\r\n\t\t\t\t\t\t\t\t\t\t<div class=\"slideshow_description_box slideshow_transparent\">\r\n\t\t\t\t\t\t<div class=\"slideshow_title\">20221122_080912_0000<\/div>\t\t\t\t\t\t\t\t\t\t\t<\/div>\r\n\t\t\t\t<\/div>\r\n\r\n\t\t\t\t\t\t<div style=\"clear: both;\"><\/div><\/div><div class=\"slideshow_view\">\r\n\t\t\t\t<div class=\"slideshow_slide slideshow_slide_image\">\r\n\t\t\t\t\t\t\t\t\t\t\t<img src=\"https:\/\/agora.xtec.cat\/iesducdemontblanc\/wp-content\/uploads\/usu873\/2022\/11\/25N-Estela-i-Itziar.png\" alt=\"25N Estela i Itziar\" width=\"707\" height=\"1000\" \/>\r\n\t\t\t\t\t\t\t\t\t\t<div class=\"slideshow_description_box slideshow_transparent\">\r\n\t\t\t\t\t\t<div class=\"slideshow_title\">25N Estela i Itziar<\/div>\t\t\t\t\t\t\t\t\t\t\t<\/div>\r\n\t\t\t\t<\/div>\r\n\r\n\t\t\t\t\t\t<div style=\"clear: both;\"><\/div><\/div>\r\n\t\t<\/div>\r\n\r\n\t\t<div class=\"slideshow_controlPanel slideshow_transparent\" style=\"display: none;\"><ul><li class=\"slideshow_togglePlay\" data-play-text=\"Visualitza\" data-pause-text=\"Pausa\"><\/li><\/ul><\/div>\r\n\r\n\t\t<div class=\"slideshow_button slideshow_previous slideshow_transparent\" role=\"button\" data-previous-text=\"Anterior\" style=\"display: none;\"><\/div>\r\n\t\t<div class=\"slideshow_button slideshow_next slideshow_transparent\" role=\"button\" data-next-text=\"Seg\u00fcent\" style=\"display: none;\"><\/div>\r\n\r\n\t\t<div class=\"slideshow_pagination\" style=\"display: none;\" data-go-to-text=\"V\u00e9s a la diapositiva\"><div class=\"slideshow_pagination_center\"><\/div><\/div>\r\n\r\n\t\t<!-- WordPress Slideshow Version 2.3.1 -->\r\n\r\n\t\t\t<\/div>\r\n\r\n\n<p>Paral\u00b7lelament, l&#8217;alumnat de l&#8217;optativa de 1r de Batxillerat de Comunicaci\u00f3 Audiovisual ha ideat una campanya per commemorar aquest dia. Despr\u00e9s de diverses posades en com\u00fa s&#8217;ha decidit que el lema ser\u00e0 \u00abUna lluita conjunta per la igualtat\u00bb. Creiem que la societat ha de ser m\u00e9s justa i la just\u00edcia passa per la igualtat. \u00c9s una lluita conjunta de tots plegats perqu\u00e8 com a ciutadans\/es no volem fomentar les desigualtats ni els abusos, en aquest cas, per raons de sexe o de g\u00e8nere.<\/p>\n","protected":false},"excerpt":{"rendered":"<p>El divendres 25 de novembre \u00e9s el Dia Internacional per a l&#8217;Eliminaci\u00f3 de la Viol\u00e8ncia envers les Dones i, aquesta [&hellip;]<\/p>\n","protected":false},"author":7,"featured_media":7353,"comment_status":"closed","ping_status":"closed","sticky":false,"template":"","format":"standard","meta":{"_bbp_topic_count":0,"_bbp_reply_count":0,"_bbp_total_topic_count":0,"_bbp_total_reply_count":0,"_bbp_voice_count":0,"_bbp_anonymous_reply_count":0,"_bbp_topic_count_hidden":0,"_bbp_reply_count_hidden":0,"_bbp_forum_subforum_count":0,"site-sidebar-layout":"default","site-content-layout":"","ast-site-content-layout":"","site-content-style":"default","site-sidebar-style":"default","ast-global-header-display":"","ast-banner-title-visibility":"","ast-main-header-display":"","ast-hfb-above-header-display":"","ast-hfb-below-header-display":"","ast-hfb-mobile-header-display":"","site-post-title":"","ast-breadcrumbs-content":"","ast-featured-img":"","footer-sml-layout":"","theme-transparent-header-meta":"","adv-header-id-meta":"","stick-header-meta":"","header-above-stick-meta":"","header-main-stick-meta":"","header-below-stick-meta":"","astra-migrate-meta-layouts":"default","ast-page-background-enabled":"default","ast-page-background-meta":{"desktop":{"background-color":"var(--ast-global-color-4)","background-image":"","background-repeat":"repeat","background-position":"center center","background-size":"auto","background-attachment":"scroll","background-type":"","background-media":"","overlay-type":"","overlay-color":"","overlay-opacity":"","overlay-gradient":""},"tablet":{"background-color":"","background-image":"","background-repeat":"repeat","background-position":"center center","background-size":"auto","background-attachment":"scroll","background-type":"","background-media":"","overlay-type":"","overlay-color":"","overlay-opacity":"","overlay-gradient":""},"mobile":{"background-color":"","background-image":"","background-repeat":"repeat","background-position":"center center","background-size":"auto","background-attachment":"scroll","background-type":"","background-media":"","overlay-type":"","overlay-color":"","overlay-opacity":"","overlay-gradient":""}},"ast-content-background-meta":{"desktop":{"background-color":"var(--ast-global-color-5)","background-image":"","background-repeat":"repeat","background-position":"center center","background-size":"auto","background-attachment":"scroll","background-type":"","background-media":"","overlay-type":"","overlay-color":"","overlay-opacity":"","overlay-gradient":""},"tablet":{"background-color":"var(--ast-global-color-5)","background-image":"","background-repeat":"repeat","background-position":"center center","background-size":"auto","background-attachment":"scroll","background-type":"","background-media":"","overlay-type":"","overlay-color":"","overlay-opacity":"","overlay-gradient":""},"mobile":{"background-color":"var(--ast-global-color-5)","background-image":"","background-repeat":"repeat","background-position":"center center","background-size":"auto","background-attachment":"scroll","background-type":"","background-media":"","overlay-type":"","overlay-color":"","overlay-opacity":"","overlay-gradient":""}},"footnotes":""},"categories":[31,8,3,1,29],"tags":[],"class_list":["post-7346","post","type-post","status-publish","format-standard","has-post-thumbnail","hentry","category-afa","category-batxillerat","category-eso","category-noticies","category-portada"],"post_mailing_queue_ids":[],"_links":{"self":[{"href":"https:\/\/agora.xtec.cat\/iesducdemontblanc\/wp-json\/wp\/v2\/posts\/7346","targetHints":{"allow":["GET"]}}],"collection":[{"href":"https:\/\/agora.xtec.cat\/iesducdemontblanc\/wp-json\/wp\/v2\/posts"}],"about":[{"href":"https:\/\/agora.xtec.cat\/iesducdemontblanc\/wp-json\/wp\/v2\/types\/post"}],"author":[{"embeddable":true,"href":"https:\/\/agora.xtec.cat\/iesducdemontblanc\/wp-json\/wp\/v2\/users\/7"}],"replies":[{"embeddable":true,"href":"https:\/\/agora.xtec.cat\/iesducdemontblanc\/wp-json\/wp\/v2\/comments?post=7346"}],"version-history":[{"count":3,"href":"https:\/\/agora.xtec.cat\/iesducdemontblanc\/wp-json\/wp\/v2\/posts\/7346\/revisions"}],"predecessor-version":[{"id":7361,"href":"https:\/\/agora.xtec.cat\/iesducdemontblanc\/wp-json\/wp\/v2\/posts\/7346\/revisions\/7361"}],"wp:featuredmedia":[{"embeddable":true,"href":"https:\/\/agora.xtec.cat\/iesducdemontblanc\/wp-json\/wp\/v2\/media\/7353"}],"wp:attachment":[{"href":"https:\/\/agora.xtec.cat\/iesducdemontblanc\/wp-json\/wp\/v2\/media?parent=7346"}],"wp:term":[{"taxonomy":"category","embeddable":true,"href":"https:\/\/agora.xtec.cat\/iesducdemontblanc\/wp-json\/wp\/v2\/categories?post=7346"},{"taxonomy":"post_tag","embeddable":true,"href":"https:\/\/agora.xtec.cat\/iesducdemontblanc\/wp-json\/wp\/v2\/tags?post=7346"}],"curies":[{"name":"wp","href":"https:\/\/api.w.org\/{rel}","templated":true}]}}