{"id":7137,"date":"2022-11-03T17:45:43","date_gmt":"2022-11-03T16:45:43","guid":{"rendered":"https:\/\/agora.xtec.cat\/iesducdemontblanc\/?p=7137"},"modified":"2022-11-04T10:13:27","modified_gmt":"2022-11-04T09:13:27","slug":"assemblea-socis-afa-duc-de-montblanc","status":"publish","type":"post","link":"https:\/\/agora.xtec.cat\/iesducdemontblanc\/portada\/assemblea-socis-afa-duc-de-montblanc\/","title":{"rendered":"ASSEMBLEA SOCIS AFA DUC DE MONTBLANC"},"content":{"rendered":"<div dir=\"auto\"><img loading=\"lazy\" decoding=\"async\" class=\"aligncenter wp-image-7162\" src=\"https:\/\/agora.xtec.cat\/iesducdemontblanc\/wp-content\/uploads\/usu873\/2022\/11\/0fc53664-ae32-48ae-9191-cabdd516953d-1-576x1024-1.jpg\" alt=\"\" width=\"232\" height=\"275\" srcset=\"https:\/\/agora.xtec.cat\/iesducdemontblanc\/wp-content\/uploads\/usu873\/2022\/11\/0fc53664-ae32-48ae-9191-cabdd516953d-1-576x1024-1.jpg 576w, https:\/\/agora.xtec.cat\/iesducdemontblanc\/wp-content\/uploads\/usu873\/2022\/11\/0fc53664-ae32-48ae-9191-cabdd516953d-1-576x1024-1-253x300.jpg 253w\" sizes=\"auto, (max-width: 232px) 100vw, 232px\" \/><\/div>\n<div dir=\"auto\"><\/div>\n<div dir=\"auto\">\n<p dir=\"auto\">Fam\u00edlies,<\/p>\n<p dir=\"auto\">Ja tenim data per a la nostra Assemblea Anual de l&#8217;<span class=\"il\">AFA!<\/span><\/p>\n<p dir=\"auto\">Ser\u00e0 el dilluns 14 de novembre a la biblioteca de l\u2019Institut Duc de Montblanc en convocat\u00f2ria de 17:30\u202fh.<\/p>\n<p dir=\"auto\">L&#8217;Assemblea serveix per fer valoraci\u00f3 de les accions fetes durant el curs anterior, tancar el balan\u00e7 econ\u00f2mic i pactar tant els objectius i accions del nou any, com en decidir com prioritzarem les despeses del nou any.<\/p>\n<\/div>\n<p><!--more--><\/p>\n<p dir=\"auto\"><strong>Vols formar part de l&#8217;<span class=\"il\">AFA<\/span>?<\/strong><\/p>\n<p dir=\"auto\">Ara \u00e9s un bon moment per a con\u00e8ixer-nos, explicar-nos les teves inquietuds i decidir quina \u00e9s la Comissi\u00f3 on t&#8217;agrairia ajudar.<\/p>\n<p dir=\"auto\">L&#8217;ordre del dia \u00e9s el seg\u00fcent:<\/p>\n<ol>\n<li dir=\"auto\">Activitats curs 2021-22<\/li>\n<li dir=\"auto\">Balan\u00e7 econ\u00f2mic curs 2021-22<\/li>\n<li dir=\"auto\">Pla d&#8217;activitats, projectes previstos i pressupost curs 2022-23.<\/li>\n<li dir=\"auto\">Aprovaci\u00f3 del pressupost<\/li>\n<li dir=\"auto\">Torn obert de paraules<\/li>\n<\/ol>\n<p dir=\"auto\">Us hi esperem!!!<\/p>\n<p dir=\"auto\">AFA Duc de Montblanc<\/p>\n","protected":false},"excerpt":{"rendered":"<p>Fam\u00edlies, Ja tenim data per a la nostra Assemblea Anual de l&#8217;AFA! Ser\u00e0 el dilluns 14 de novembre a la [&hellip;]<\/p>\n","protected":false},"author":5,"featured_media":0,"comment_status":"closed","ping_status":"closed","sticky":false,"template":"","format":"standard","meta":{"_bbp_topic_count":0,"_bbp_reply_count":0,"_bbp_total_topic_count":0,"_bbp_total_reply_count":0,"_bbp_voice_count":0,"_bbp_anonymous_reply_count":0,"_bbp_topic_count_hidden":0,"_bbp_reply_count_hidden":0,"_bbp_forum_subforum_count":0,"site-sidebar-layout":"default","site-content-layout":"","ast-site-content-layout":"","site-content-style":"default","site-sidebar-style":"default","ast-global-header-display":"","ast-banner-title-visibility":"","ast-main-header-display":"","ast-hfb-above-header-display":"","ast-hfb-below-header-display":"","ast-hfb-mobile-header-display":"","site-post-title":"","ast-breadcrumbs-content":"","ast-featured-img":"","footer-sml-layout":"","theme-transparent-header-meta":"","adv-header-id-meta":"","stick-header-meta":"","header-above-stick-meta":"","header-main-stick-meta":"","header-below-stick-meta":"","astra-migrate-meta-layouts":"default","ast-page-background-enabled":"default","ast-page-background-meta":{"desktop":{"background-color":"var(--ast-global-color-4)","background-image":"","background-repeat":"repeat","background-position":"center center","background-size":"auto","background-attachment":"scroll","background-type":"","background-media":"","overlay-type":"","overlay-color":"","overlay-opacity":"","overlay-gradient":""},"tablet":{"background-color":"","background-image":"","background-repeat":"repeat","background-position":"center center","background-size":"auto","background-attachment":"scroll","background-type":"","background-media":"","overlay-type":"","overlay-color":"","overlay-opacity":"","overlay-gradient":""},"mobile":{"background-color":"","background-image":"","background-repeat":"repeat","background-position":"center center","background-size":"auto","background-attachment":"scroll","background-type":"","background-media":"","overlay-type":"","overlay-color":"","overlay-opacity":"","overlay-gradient":""}},"ast-content-background-meta":{"desktop":{"background-color":"var(--ast-global-color-5)","background-image":"","background-repeat":"repeat","background-position":"center center","background-size":"auto","background-attachment":"scroll","background-type":"","background-media":"","overlay-type":"","overlay-color":"","overlay-opacity":"","overlay-gradient":""},"tablet":{"background-color":"var(--ast-global-color-5)","background-image":"","background-repeat":"repeat","background-position":"center center","background-size":"auto","background-attachment":"scroll","background-type":"","background-media":"","overlay-type":"","overlay-color":"","overlay-opacity":"","overlay-gradient":""},"mobile":{"background-color":"var(--ast-global-color-5)","background-image":"","background-repeat":"repeat","background-position":"center center","background-size":"auto","background-attachment":"scroll","background-type":"","background-media":"","overlay-type":"","overlay-color":"","overlay-opacity":"","overlay-gradient":""}},"footnotes":""},"categories":[31,29],"tags":[],"class_list":["post-7137","post","type-post","status-publish","format-standard","hentry","category-afa","category-portada"],"post_mailing_queue_ids":[],"_links":{"self":[{"href":"https:\/\/agora.xtec.cat\/iesducdemontblanc\/wp-json\/wp\/v2\/posts\/7137","targetHints":{"allow":["GET"]}}],"collection":[{"href":"https:\/\/agora.xtec.cat\/iesducdemontblanc\/wp-json\/wp\/v2\/posts"}],"about":[{"href":"https:\/\/agora.xtec.cat\/iesducdemontblanc\/wp-json\/wp\/v2\/types\/post"}],"author":[{"embeddable":true,"href":"https:\/\/agora.xtec.cat\/iesducdemontblanc\/wp-json\/wp\/v2\/users\/5"}],"replies":[{"embeddable":true,"href":"https:\/\/agora.xtec.cat\/iesducdemontblanc\/wp-json\/wp\/v2\/comments?post=7137"}],"version-history":[{"count":3,"href":"https:\/\/agora.xtec.cat\/iesducdemontblanc\/wp-json\/wp\/v2\/posts\/7137\/revisions"}],"predecessor-version":[{"id":7165,"href":"https:\/\/agora.xtec.cat\/iesducdemontblanc\/wp-json\/wp\/v2\/posts\/7137\/revisions\/7165"}],"wp:attachment":[{"href":"https:\/\/agora.xtec.cat\/iesducdemontblanc\/wp-json\/wp\/v2\/media?parent=7137"}],"wp:term":[{"taxonomy":"category","embeddable":true,"href":"https:\/\/agora.xtec.cat\/iesducdemontblanc\/wp-json\/wp\/v2\/categories?post=7137"},{"taxonomy":"post_tag","embeddable":true,"href":"https:\/\/agora.xtec.cat\/iesducdemontblanc\/wp-json\/wp\/v2\/tags?post=7137"}],"curies":[{"name":"wp","href":"https:\/\/api.w.org\/{rel}","templated":true}]}}