{"id":6798,"date":"2022-07-13T15:53:21","date_gmt":"2022-07-13T13:53:21","guid":{"rendered":"https:\/\/agora.xtec.cat\/iesducdemontblanc\/?p=6798"},"modified":"2023-03-27T00:43:45","modified_gmt":"2023-03-26T22:43:45","slug":"ara-art-diversitat","status":"publish","type":"post","link":"https:\/\/agora.xtec.cat\/iesducdemontblanc\/eso\/eso-4\/ara-art-diversitat\/","title":{"rendered":"Ara Art + Diversitat"},"content":{"rendered":"<div class=\"ast-oembed-container \" style=\"height: 100%;\"><iframe loading=\"lazy\" title=\"Ara Art + Diversitat (2022)\" width=\"500\" height=\"281\" src=\"https:\/\/www.youtube.com\/embed\/CikVrNh9LeU?feature=oembed\" frameborder=\"0\" allow=\"accelerometer; autoplay; clipboard-write; encrypted-media; gyroscope; picture-in-picture; web-share\" referrerpolicy=\"strict-origin-when-cross-origin\" allowfullscreen><\/iframe><\/div>\n<p>&nbsp;<\/p>\n<p>Aquest v\u00eddeo forma part del proc\u00e9s d\u2019aprenentatge entorn de les Diversitats protagonitzat per alumnat de 6\u00e8 de prim\u00e0ria de l\u2019Escola Montessori i d\u2019alumnat d\u2019Educaci\u00f3 Visual i Pl\u00e0stica de 4t d\u2019ESO de l\u2019Institut Duc de Montblanc durant el curs 2021-2022. Ha comptat amb la col\u00b7laboraci\u00f3 de Fundaci\u00f3 Akwaba i l&#8217;escola d\u2019Art i Disseny edRa i amb el suport del Servei de Cooperaci\u00f3 de l\u2019Ajuntament de Rub\u00ed i la Diputaci\u00f3 de Barcelona.<\/p>\n<p>El servei comunitari va culminar amb una pintada d\u2019un mural dins de l\u2019Escola Montessori per part de l\u2019alumnat de secund\u00e0ria de l\u2019Institut del Duc de Montblanc. El disseny recull les propostes de l&#8217;alumnat de 6\u00e8 de prim\u00e0ria i l&#8217;alumnat de l&#8217;optativa de 4t, va ser elaborat per Beatriz Marcos.<\/p>\n<p>Aquest any per fi, l&#8217;alumnat de 6\u00e8 del Montessori va poder gaudir d&#8217;un mat\u00ed en el que ells van poder pintar part del seu mural. Una experi\u00e8ncia \u00fanica i irrepetible per totes les parts.<\/p>\n<p>&nbsp;<\/p>\n","protected":false},"excerpt":{"rendered":"<p>&nbsp; Aquest v\u00eddeo forma part del proc\u00e9s d\u2019aprenentatge entorn de les Diversitats protagonitzat per alumnat de 6\u00e8 de prim\u00e0ria de [&hellip;]<\/p>\n","protected":false},"author":7,"featured_media":6801,"comment_status":"closed","ping_status":"closed","sticky":false,"template":"","format":"standard","meta":{"_bbp_topic_count":0,"_bbp_reply_count":0,"_bbp_total_topic_count":0,"_bbp_total_reply_count":0,"_bbp_voice_count":0,"_bbp_anonymous_reply_count":0,"_bbp_topic_count_hidden":0,"_bbp_reply_count_hidden":0,"_bbp_forum_subforum_count":0,"site-sidebar-layout":"default","site-content-layout":"","ast-site-content-layout":"","site-content-style":"default","site-sidebar-style":"default","ast-global-header-display":"","ast-banner-title-visibility":"","ast-main-header-display":"","ast-hfb-above-header-display":"","ast-hfb-below-header-display":"","ast-hfb-mobile-header-display":"","site-post-title":"","ast-breadcrumbs-content":"","ast-featured-img":"","footer-sml-layout":"","theme-transparent-header-meta":"","adv-header-id-meta":"","stick-header-meta":"","header-above-stick-meta":"","header-main-stick-meta":"","header-below-stick-meta":"","astra-migrate-meta-layouts":"default","ast-page-background-enabled":"default","ast-page-background-meta":{"desktop":{"background-color":"var(--ast-global-color-4)","background-image":"","background-repeat":"repeat","background-position":"center center","background-size":"auto","background-attachment":"scroll","background-type":"","background-media":"","overlay-type":"","overlay-color":"","overlay-opacity":"","overlay-gradient":""},"tablet":{"background-color":"","background-image":"","background-repeat":"repeat","background-position":"center center","background-size":"auto","background-attachment":"scroll","background-type":"","background-media":"","overlay-type":"","overlay-color":"","overlay-opacity":"","overlay-gradient":""},"mobile":{"background-color":"","background-image":"","background-repeat":"repeat","background-position":"center center","background-size":"auto","background-attachment":"scroll","background-type":"","background-media":"","overlay-type":"","overlay-color":"","overlay-opacity":"","overlay-gradient":""}},"ast-content-background-meta":{"desktop":{"background-color":"var(--ast-global-color-5)","background-image":"","background-repeat":"repeat","background-position":"center center","background-size":"auto","background-attachment":"scroll","background-type":"","background-media":"","overlay-type":"","overlay-color":"","overlay-opacity":"","overlay-gradient":""},"tablet":{"background-color":"var(--ast-global-color-5)","background-image":"","background-repeat":"repeat","background-position":"center center","background-size":"auto","background-attachment":"scroll","background-type":"","background-media":"","overlay-type":"","overlay-color":"","overlay-opacity":"","overlay-gradient":""},"mobile":{"background-color":"var(--ast-global-color-5)","background-image":"","background-repeat":"repeat","background-position":"center center","background-size":"auto","background-attachment":"scroll","background-type":"","background-media":"","overlay-type":"","overlay-color":"","overlay-opacity":"","overlay-gradient":""}},"footnotes":""},"categories":[183,7,29,182],"tags":[],"class_list":["post-6798","post","type-post","status-publish","format-standard","has-post-thumbnail","hentry","category-araart","category-eso-4","category-portada","category-servei-comunitari"],"post_mailing_queue_ids":[],"_links":{"self":[{"href":"https:\/\/agora.xtec.cat\/iesducdemontblanc\/wp-json\/wp\/v2\/posts\/6798","targetHints":{"allow":["GET"]}}],"collection":[{"href":"https:\/\/agora.xtec.cat\/iesducdemontblanc\/wp-json\/wp\/v2\/posts"}],"about":[{"href":"https:\/\/agora.xtec.cat\/iesducdemontblanc\/wp-json\/wp\/v2\/types\/post"}],"author":[{"embeddable":true,"href":"https:\/\/agora.xtec.cat\/iesducdemontblanc\/wp-json\/wp\/v2\/users\/7"}],"replies":[{"embeddable":true,"href":"https:\/\/agora.xtec.cat\/iesducdemontblanc\/wp-json\/wp\/v2\/comments?post=6798"}],"version-history":[{"count":1,"href":"https:\/\/agora.xtec.cat\/iesducdemontblanc\/wp-json\/wp\/v2\/posts\/6798\/revisions"}],"predecessor-version":[{"id":6800,"href":"https:\/\/agora.xtec.cat\/iesducdemontblanc\/wp-json\/wp\/v2\/posts\/6798\/revisions\/6800"}],"wp:featuredmedia":[{"embeddable":true,"href":"https:\/\/agora.xtec.cat\/iesducdemontblanc\/wp-json\/wp\/v2\/media\/6801"}],"wp:attachment":[{"href":"https:\/\/agora.xtec.cat\/iesducdemontblanc\/wp-json\/wp\/v2\/media?parent=6798"}],"wp:term":[{"taxonomy":"category","embeddable":true,"href":"https:\/\/agora.xtec.cat\/iesducdemontblanc\/wp-json\/wp\/v2\/categories?post=6798"},{"taxonomy":"post_tag","embeddable":true,"href":"https:\/\/agora.xtec.cat\/iesducdemontblanc\/wp-json\/wp\/v2\/tags?post=6798"}],"curies":[{"name":"wp","href":"https:\/\/api.w.org\/{rel}","templated":true}]}}