{"id":6265,"date":"2022-03-26T13:25:29","date_gmt":"2022-03-26T12:25:29","guid":{"rendered":"https:\/\/agora.xtec.cat\/iesducdemontblanc\/?p=6265"},"modified":"2022-03-29T12:08:26","modified_gmt":"2022-03-29T10:08:26","slug":"visita-al-parlament","status":"publish","type":"post","link":"https:\/\/agora.xtec.cat\/iesducdemontblanc\/noticies\/visita-al-parlament\/","title":{"rendered":"Visita al Parlament"},"content":{"rendered":"<p align=\"justify\"><span style=\"font-family: Arial, sans-serif;\">El 23 de mar\u00e7 l&#8217;alumnat de 4t d&#8217;ESO A, B, C, D i E va visitar el Parlament de Catalunya, tot recuperant una de les sortides que des de fa anys organitza el departament de Ci\u00e8ncies Socials, i que no es va poder realitzar el curs passat a causa de la pand\u00e8mia.<\/span><\/p>\n<p align=\"justify\">\r\n\t<div class=\"slideshow_container slideshow_container_style-light\" style=\"height: 300px; \" data-slideshow-id=\"6259\" data-style-name=\"style-light\" data-style-version=\"2.3.1\" >\r\n\r\n\t\t\t\t\t<div class=\"slideshow_loading_icon\"><\/div>\r\n\t\t\r\n\t\t<div class=\"slideshow_content\" style=\"display: none;\">\r\n\r\n\t\t\t<div class=\"slideshow_view\">\r\n\t\t\t\t<div class=\"slideshow_slide slideshow_slide_image\">\r\n\t\t\t\t\t\t\t\t\t\t\t<img src=\"https:\/\/agora.xtec.cat\/iesducdemontblanc\/wp-content\/uploads\/usu873\/2022\/03\/4t-E.jpg\" alt=\"4t E\" width=\"1280\" height=\"960\" \/>\r\n\t\t\t\t\t\t\t\t\t\t<div class=\"slideshow_description_box slideshow_transparent\">\r\n\t\t\t\t\t\t<div class=\"slideshow_title\">4t E<\/div>\t\t\t\t\t\t\t\t\t\t\t<\/div>\r\n\t\t\t\t<\/div>\r\n\r\n\t\t\t\t\t\t<div style=\"clear: both;\"><\/div><\/div><div class=\"slideshow_view\">\r\n\t\t\t\t<div class=\"slideshow_slide slideshow_slide_image\">\r\n\t\t\t\t\t\t\t\t\t\t\t<img src=\"https:\/\/agora.xtec.cat\/iesducdemontblanc\/wp-content\/uploads\/usu873\/2022\/03\/4t-B-1.jpg\" alt=\"4t B 1\" width=\"1600\" height=\"1200\" \/>\r\n\t\t\t\t\t\t\t\t\t\t<div class=\"slideshow_description_box slideshow_transparent\">\r\n\t\t\t\t\t\t<div class=\"slideshow_title\">4t B 1<\/div>\t\t\t\t\t\t\t\t\t\t\t<\/div>\r\n\t\t\t\t<\/div>\r\n\r\n\t\t\t\t\t\t<div style=\"clear: both;\"><\/div><\/div><div class=\"slideshow_view\">\r\n\t\t\t\t<div class=\"slideshow_slide slideshow_slide_image\">\r\n\t\t\t\t\t\t\t\t\t\t\t<img src=\"https:\/\/agora.xtec.cat\/iesducdemontblanc\/wp-content\/uploads\/usu873\/2022\/03\/4t-B-4.jpg\" alt=\"4t B 4\" width=\"2103\" height=\"1450\" \/>\r\n\t\t\t\t\t\t\t\t\t\t<div class=\"slideshow_description_box slideshow_transparent\">\r\n\t\t\t\t\t\t<div class=\"slideshow_title\">4t B 4<\/div>\t\t\t\t\t\t\t\t\t\t\t<\/div>\r\n\t\t\t\t<\/div>\r\n\r\n\t\t\t\t\t\t<div style=\"clear: both;\"><\/div><\/div><div class=\"slideshow_view\">\r\n\t\t\t\t<div class=\"slideshow_slide slideshow_slide_image\">\r\n\t\t\t\t\t\t\t\t\t\t\t<img src=\"https:\/\/agora.xtec.cat\/iesducdemontblanc\/wp-content\/uploads\/usu873\/2022\/03\/4t-B-3.jpg\" alt=\"4t B 3\" width=\"1762\" height=\"1227\" \/>\r\n\t\t\t\t\t\t\t\t\t\t<div class=\"slideshow_description_box slideshow_transparent\">\r\n\t\t\t\t\t\t<div class=\"slideshow_title\">4t B 3<\/div>\t\t\t\t\t\t\t\t\t\t\t<\/div>\r\n\t\t\t\t<\/div>\r\n\r\n\t\t\t\t\t\t<div style=\"clear: both;\"><\/div><\/div><div class=\"slideshow_view\">\r\n\t\t\t\t<div class=\"slideshow_slide slideshow_slide_image\">\r\n\t\t\t\t\t\t\t\t\t\t\t<img src=\"https:\/\/agora.xtec.cat\/iesducdemontblanc\/wp-content\/uploads\/usu873\/2022\/03\/4t-B-2.jpg\" alt=\"4t B 2\" width=\"1638\" height=\"1159\" \/>\r\n\t\t\t\t\t\t\t\t\t\t<div class=\"slideshow_description_box slideshow_transparent\">\r\n\t\t\t\t\t\t<div class=\"slideshow_title\">4t B 2<\/div>\t\t\t\t\t\t\t\t\t\t\t<\/div>\r\n\t\t\t\t<\/div>\r\n\r\n\t\t\t\t\t\t<div style=\"clear: both;\"><\/div><\/div>\r\n\t\t<\/div>\r\n\r\n\t\t<div class=\"slideshow_controlPanel slideshow_transparent\" style=\"display: none;\"><ul><li class=\"slideshow_togglePlay\" data-play-text=\"Visualitza\" data-pause-text=\"Pausa\"><\/li><\/ul><\/div>\r\n\r\n\t\t<div class=\"slideshow_button slideshow_previous slideshow_transparent\" role=\"button\" data-previous-text=\"Anterior\" style=\"display: none;\"><\/div>\r\n\t\t<div class=\"slideshow_button slideshow_next slideshow_transparent\" role=\"button\" data-next-text=\"Seg\u00fcent\" style=\"display: none;\"><\/div>\r\n\r\n\t\t<div class=\"slideshow_pagination\" style=\"display: none;\" data-go-to-text=\"V\u00e9s a la diapositiva\"><div class=\"slideshow_pagination_center\"><\/div><\/div>\r\n\r\n\t\t<!-- WordPress Slideshow Version 2.3.1 -->\r\n\r\n\t\t\t<\/div>\r\n\r\n<\/p>\n<p align=\"justify\"><span style=\"font-family: Arial, sans-serif;\">Els alumnes de 4t van visitar espais principals de l&#8217;edifici, com ara el vest\u00edbul, la planta noble, l&#8217;hemicicle i la sala de canelobres. A tocar d&#8217;aquest sal\u00f3, la presidenta del Parlament, Laura Borr\u00e0s ens va saludar. En un breu intercanvi d&#8217;impressions, ens va mostrar un gran afecte per la ciutat de Rub\u00ed, ja que hi t\u00e9 vincles familiars.<\/span><\/p>\n<p align=\"justify\"><strong>RUTA &#8220;EMPREMTES DE L&#8217;ESCLAVISME&#8221;<\/strong><\/p>\n<p align=\"justify\"><span style=\"font-family: Arial, sans-serif;\">La sortida va continuar amb un itinerari a peu per Barcelona. Aquesta \u00e9s una activitat complement\u00e0ria d&#8217;altres recorreguts de contingut hist\u00f2ric a la ciutat que es programen a Barcelona amb alumnat de Tercer d&#8217;ESO i Batxillerat de l&#8217;institut. Aix\u00f2 ens va dur a indrets com el Parc de la Ciutadella, l&#8217;antiga Duana, els porxos d&#8217;en Xifr\u00e9, la Llotja o el Monument a Colom.<\/span><\/p>\n<p align=\"justify\"><span style=\"font-family: Arial, sans-serif;\">El nexe d&#8217;uni\u00f3 dels punts de l&#8217;itinerari va ser el seguit d&#8217;empremtes arquitect\u00f2niques i monumentals que resten a Barcelona des dels temps de l&#8217;explotaci\u00f3 colonial i l&#8217;esclavisme, q\u00fcestions que formaran part d&#8217;una posada en com\u00fa a les aules de l&#8217;institut a partir de les fotografies realitzades per l&#8217;alumnat.<\/span><\/p>\n","protected":false},"excerpt":{"rendered":"<p>El 23 de mar\u00e7 l&#8217;alumnat de 4t d&#8217;ESO A, B, C, D i E va visitar el Parlament de Catalunya, [&hellip;]<\/p>\n","protected":false},"author":7,"featured_media":6262,"comment_status":"closed","ping_status":"closed","sticky":false,"template":"","format":"standard","meta":{"_bbp_topic_count":0,"_bbp_reply_count":0,"_bbp_total_topic_count":0,"_bbp_total_reply_count":0,"_bbp_voice_count":0,"_bbp_anonymous_reply_count":0,"_bbp_topic_count_hidden":0,"_bbp_reply_count_hidden":0,"_bbp_forum_subforum_count":0,"site-sidebar-layout":"default","site-content-layout":"","ast-site-content-layout":"","site-content-style":"default","site-sidebar-style":"default","ast-global-header-display":"","ast-banner-title-visibility":"","ast-main-header-display":"","ast-hfb-above-header-display":"","ast-hfb-below-header-display":"","ast-hfb-mobile-header-display":"","site-post-title":"","ast-breadcrumbs-content":"","ast-featured-img":"","footer-sml-layout":"","theme-transparent-header-meta":"","adv-header-id-meta":"","stick-header-meta":"","header-above-stick-meta":"","header-main-stick-meta":"","header-below-stick-meta":"","astra-migrate-meta-layouts":"default","ast-page-background-enabled":"default","ast-page-background-meta":{"desktop":{"background-color":"var(--ast-global-color-4)","background-image":"","background-repeat":"repeat","background-position":"center center","background-size":"auto","background-attachment":"scroll","background-type":"","background-media":"","overlay-type":"","overlay-color":"","overlay-opacity":"","overlay-gradient":""},"tablet":{"background-color":"","background-image":"","background-repeat":"repeat","background-position":"center center","background-size":"auto","background-attachment":"scroll","background-type":"","background-media":"","overlay-type":"","overlay-color":"","overlay-opacity":"","overlay-gradient":""},"mobile":{"background-color":"","background-image":"","background-repeat":"repeat","background-position":"center center","background-size":"auto","background-attachment":"scroll","background-type":"","background-media":"","overlay-type":"","overlay-color":"","overlay-opacity":"","overlay-gradient":""}},"ast-content-background-meta":{"desktop":{"background-color":"var(--ast-global-color-5)","background-image":"","background-repeat":"repeat","background-position":"center center","background-size":"auto","background-attachment":"scroll","background-type":"","background-media":"","overlay-type":"","overlay-color":"","overlay-opacity":"","overlay-gradient":""},"tablet":{"background-color":"var(--ast-global-color-5)","background-image":"","background-repeat":"repeat","background-position":"center center","background-size":"auto","background-attachment":"scroll","background-type":"","background-media":"","overlay-type":"","overlay-color":"","overlay-opacity":"","overlay-gradient":""},"mobile":{"background-color":"var(--ast-global-color-5)","background-image":"","background-repeat":"repeat","background-position":"center center","background-size":"auto","background-attachment":"scroll","background-type":"","background-media":"","overlay-type":"","overlay-color":"","overlay-opacity":"","overlay-gradient":""}},"footnotes":""},"categories":[7,1,29],"tags":[],"class_list":["post-6265","post","type-post","status-publish","format-standard","has-post-thumbnail","hentry","category-eso-4","category-noticies","category-portada"],"post_mailing_queue_ids":[],"_links":{"self":[{"href":"https:\/\/agora.xtec.cat\/iesducdemontblanc\/wp-json\/wp\/v2\/posts\/6265","targetHints":{"allow":["GET"]}}],"collection":[{"href":"https:\/\/agora.xtec.cat\/iesducdemontblanc\/wp-json\/wp\/v2\/posts"}],"about":[{"href":"https:\/\/agora.xtec.cat\/iesducdemontblanc\/wp-json\/wp\/v2\/types\/post"}],"author":[{"embeddable":true,"href":"https:\/\/agora.xtec.cat\/iesducdemontblanc\/wp-json\/wp\/v2\/users\/7"}],"replies":[{"embeddable":true,"href":"https:\/\/agora.xtec.cat\/iesducdemontblanc\/wp-json\/wp\/v2\/comments?post=6265"}],"version-history":[{"count":3,"href":"https:\/\/agora.xtec.cat\/iesducdemontblanc\/wp-json\/wp\/v2\/posts\/6265\/revisions"}],"predecessor-version":[{"id":6277,"href":"https:\/\/agora.xtec.cat\/iesducdemontblanc\/wp-json\/wp\/v2\/posts\/6265\/revisions\/6277"}],"wp:featuredmedia":[{"embeddable":true,"href":"https:\/\/agora.xtec.cat\/iesducdemontblanc\/wp-json\/wp\/v2\/media\/6262"}],"wp:attachment":[{"href":"https:\/\/agora.xtec.cat\/iesducdemontblanc\/wp-json\/wp\/v2\/media?parent=6265"}],"wp:term":[{"taxonomy":"category","embeddable":true,"href":"https:\/\/agora.xtec.cat\/iesducdemontblanc\/wp-json\/wp\/v2\/categories?post=6265"},{"taxonomy":"post_tag","embeddable":true,"href":"https:\/\/agora.xtec.cat\/iesducdemontblanc\/wp-json\/wp\/v2\/tags?post=6265"}],"curies":[{"name":"wp","href":"https:\/\/api.w.org\/{rel}","templated":true}]}}