{"id":5654,"date":"2021-12-18T08:38:36","date_gmt":"2021-12-18T07:38:36","guid":{"rendered":"https:\/\/agora.xtec.cat\/iesducdemontblanc\/?p=5654"},"modified":"2021-12-18T08:38:36","modified_gmt":"2021-12-18T07:38:36","slug":"postals-per-les-residencies-de-rubi","status":"publish","type":"post","link":"https:\/\/agora.xtec.cat\/iesducdemontblanc\/noticies\/postals-per-les-residencies-de-rubi\/","title":{"rendered":"Postals per les resid\u00e8ncies de Rub\u00ed"},"content":{"rendered":"<p>L&#8217;alumnat de l&#8217;Aula d&#8217;Acollida del Duc de Montblanc, juntament amb altres alumnes de centres educatius de Rub\u00ed, ha participat en el projecte de creaci\u00f3 de postals de Nadal per enviar-les a resid\u00e8ncies del municipi.<\/p>\n<p>Es tracta d&#8217;una iniciativa que pret\u00e9n crear comunitat entre l&#8217;alumnat nouvingut i els avis i \u00e0vies de Rub\u00ed a trav\u00e9s de la celebraci\u00f3 de les festes de Nadal. Cada alumne\/a ha fet un treball previ de coneixen\u00e7a de les tradicions catalanes de Nadal i el vocabulari espec\u00edfic. Despr\u00e9s ha pogut adre\u00e7ar la seva postal a un dels usuaris de la resid\u00e8ncia.<\/p>\n<p>A continuaci\u00f3 us en deixem una mostra!<\/p>\n<p><a href=\"https:\/\/agora.xtec.cat\/iesducdemontblanc\/wp-content\/uploads\/usu873\/2021\/12\/WhatsApp-Image-2021-12-15-at-18.20.13.jpeg\"><img loading=\"lazy\" decoding=\"async\" class=\"aligncenter size-large wp-image-5655\" src=\"https:\/\/agora.xtec.cat\/iesducdemontblanc\/wp-content\/uploads\/usu873\/2021\/12\/WhatsApp-Image-2021-12-15-at-18.20.13-576x1024.jpeg\" alt=\"\" width=\"576\" height=\"1024\" srcset=\"https:\/\/agora.xtec.cat\/iesducdemontblanc\/wp-content\/uploads\/usu873\/2021\/12\/WhatsApp-Image-2021-12-15-at-18.20.13-576x1024.jpeg 576w, https:\/\/agora.xtec.cat\/iesducdemontblanc\/wp-content\/uploads\/usu873\/2021\/12\/WhatsApp-Image-2021-12-15-at-18.20.13-169x300.jpeg 169w, https:\/\/agora.xtec.cat\/iesducdemontblanc\/wp-content\/uploads\/usu873\/2021\/12\/WhatsApp-Image-2021-12-15-at-18.20.13-768x1365.jpeg 768w, https:\/\/agora.xtec.cat\/iesducdemontblanc\/wp-content\/uploads\/usu873\/2021\/12\/WhatsApp-Image-2021-12-15-at-18.20.13-864x1536.jpeg 864w, https:\/\/agora.xtec.cat\/iesducdemontblanc\/wp-content\/uploads\/usu873\/2021\/12\/WhatsApp-Image-2021-12-15-at-18.20.13.jpeg 1080w\" sizes=\"auto, (max-width: 576px) 100vw, 576px\" \/><\/a><\/p>\n<p>&nbsp;<\/p>\n","protected":false},"excerpt":{"rendered":"<p>L&#8217;alumnat de l&#8217;Aula d&#8217;Acollida del Duc de Montblanc, juntament amb altres alumnes de centres educatius de Rub\u00ed, ha participat en [&hellip;]<\/p>\n","protected":false},"author":7,"featured_media":5656,"comment_status":"closed","ping_status":"closed","sticky":false,"template":"","format":"standard","meta":{"_bbp_topic_count":0,"_bbp_reply_count":0,"_bbp_total_topic_count":0,"_bbp_total_reply_count":0,"_bbp_voice_count":0,"_bbp_anonymous_reply_count":0,"_bbp_topic_count_hidden":0,"_bbp_reply_count_hidden":0,"_bbp_forum_subforum_count":0,"site-sidebar-layout":"default","site-content-layout":"","ast-site-content-layout":"","site-content-style":"default","site-sidebar-style":"default","ast-global-header-display":"","ast-banner-title-visibility":"","ast-main-header-display":"","ast-hfb-above-header-display":"","ast-hfb-below-header-display":"","ast-hfb-mobile-header-display":"","site-post-title":"","ast-breadcrumbs-content":"","ast-featured-img":"","footer-sml-layout":"","theme-transparent-header-meta":"","adv-header-id-meta":"","stick-header-meta":"","header-above-stick-meta":"","header-main-stick-meta":"","header-below-stick-meta":"","astra-migrate-meta-layouts":"default","ast-page-background-enabled":"default","ast-page-background-meta":{"desktop":{"background-color":"var(--ast-global-color-4)","background-image":"","background-repeat":"repeat","background-position":"center center","background-size":"auto","background-attachment":"scroll","background-type":"","background-media":"","overlay-type":"","overlay-color":"","overlay-opacity":"","overlay-gradient":""},"tablet":{"background-color":"","background-image":"","background-repeat":"repeat","background-position":"center center","background-size":"auto","background-attachment":"scroll","background-type":"","background-media":"","overlay-type":"","overlay-color":"","overlay-opacity":"","overlay-gradient":""},"mobile":{"background-color":"","background-image":"","background-repeat":"repeat","background-position":"center center","background-size":"auto","background-attachment":"scroll","background-type":"","background-media":"","overlay-type":"","overlay-color":"","overlay-opacity":"","overlay-gradient":""}},"ast-content-background-meta":{"desktop":{"background-color":"var(--ast-global-color-5)","background-image":"","background-repeat":"repeat","background-position":"center center","background-size":"auto","background-attachment":"scroll","background-type":"","background-media":"","overlay-type":"","overlay-color":"","overlay-opacity":"","overlay-gradient":""},"tablet":{"background-color":"var(--ast-global-color-5)","background-image":"","background-repeat":"repeat","background-position":"center center","background-size":"auto","background-attachment":"scroll","background-type":"","background-media":"","overlay-type":"","overlay-color":"","overlay-opacity":"","overlay-gradient":""},"mobile":{"background-color":"var(--ast-global-color-5)","background-image":"","background-repeat":"repeat","background-position":"center center","background-size":"auto","background-attachment":"scroll","background-type":"","background-media":"","overlay-type":"","overlay-color":"","overlay-opacity":"","overlay-gradient":""}},"footnotes":""},"categories":[3,1,29],"tags":[],"class_list":["post-5654","post","type-post","status-publish","format-standard","has-post-thumbnail","hentry","category-eso","category-noticies","category-portada"],"post_mailing_queue_ids":[],"_links":{"self":[{"href":"https:\/\/agora.xtec.cat\/iesducdemontblanc\/wp-json\/wp\/v2\/posts\/5654","targetHints":{"allow":["GET"]}}],"collection":[{"href":"https:\/\/agora.xtec.cat\/iesducdemontblanc\/wp-json\/wp\/v2\/posts"}],"about":[{"href":"https:\/\/agora.xtec.cat\/iesducdemontblanc\/wp-json\/wp\/v2\/types\/post"}],"author":[{"embeddable":true,"href":"https:\/\/agora.xtec.cat\/iesducdemontblanc\/wp-json\/wp\/v2\/users\/7"}],"replies":[{"embeddable":true,"href":"https:\/\/agora.xtec.cat\/iesducdemontblanc\/wp-json\/wp\/v2\/comments?post=5654"}],"version-history":[{"count":2,"href":"https:\/\/agora.xtec.cat\/iesducdemontblanc\/wp-json\/wp\/v2\/posts\/5654\/revisions"}],"predecessor-version":[{"id":5692,"href":"https:\/\/agora.xtec.cat\/iesducdemontblanc\/wp-json\/wp\/v2\/posts\/5654\/revisions\/5692"}],"wp:featuredmedia":[{"embeddable":true,"href":"https:\/\/agora.xtec.cat\/iesducdemontblanc\/wp-json\/wp\/v2\/media\/5656"}],"wp:attachment":[{"href":"https:\/\/agora.xtec.cat\/iesducdemontblanc\/wp-json\/wp\/v2\/media?parent=5654"}],"wp:term":[{"taxonomy":"category","embeddable":true,"href":"https:\/\/agora.xtec.cat\/iesducdemontblanc\/wp-json\/wp\/v2\/categories?post=5654"},{"taxonomy":"post_tag","embeddable":true,"href":"https:\/\/agora.xtec.cat\/iesducdemontblanc\/wp-json\/wp\/v2\/tags?post=5654"}],"curies":[{"name":"wp","href":"https:\/\/api.w.org\/{rel}","templated":true}]}}