{"id":5434,"date":"2021-11-15T16:31:32","date_gmt":"2021-11-15T15:31:32","guid":{"rendered":"https:\/\/agora.xtec.cat\/iesducdemontblanc\/?p=5434"},"modified":"2021-11-15T16:31:42","modified_gmt":"2021-11-15T15:31:42","slug":"modificacions-en-el-servei-de-bus-urba","status":"publish","type":"post","link":"https:\/\/agora.xtec.cat\/iesducdemontblanc\/noticies\/modificacions-en-el-servei-de-bus-urba\/","title":{"rendered":"Modificacions en el servei de bus urb\u00e0:"},"content":{"rendered":"<p>Segons informa la <a href=\"https:\/\/www.rubi.cat\/ca\/actualitat\/noticies\/rubibus-varia-les-linies-6-i-7-per-solucionar-la-sobreocupacio-de-la-l1-a-les-hores-d2019entrada-i-sortida-del-duc-de-montblanc\">web de l&#8217;Ajuntament de Rub\u00ed,<\/a> amb l&#8217;objectiu de millorar el servei d&#8217;autob\u00fas a l&#8217;entrada i sortida de l&#8217;institut en les que la demanda excedia la capacitat del servei, s&#8217;han fet les seg\u00fcents modificacions en el servei d&#8217;autob\u00fas:<\/p>\n<p><strong>Entrada a l&#8217;institut:<\/strong><\/p>\n<ul style=\"list-style-type: circle;\">\n<li>La L1 continua fent el servei habitual amb sortida de la parada Estaci\u00f3 Rubi Forma en l&#8217;horari habitual<\/li>\n<li>La L7, que passa per Estaci\u00f3 Rub\u00ed Forma a les 7.45 h, desvia el seu recorregut i afegeix una parada a la cru\u00eflla d&#8217;Av Can Fatj\u00f3 amb el Carrer Plat\u00ed, a uns 180 metres de l&#8217;institut<\/li>\n<\/ul>\n<p><strong>Sortida de l&#8217;institut:<\/strong><\/p>\n<ul style=\"list-style-type: disc;\">\n<li>La L1 continua fent el servei acostumat amb sortida de la parada Duc de Montblanc en direcci\u00f3 Rubi Forma en l&#8217;horari usual de les 14.35h<\/li>\n<li>La L6 desvia el seu recorregut i realitza la parada Duc de Montblanc direcci\u00f3 Estaci\u00f3 Rub\u00ed Forma cap a les 14.41 h.<\/li>\n<\/ul>\n<p>Segons informa la web de l&#8217;Ajuntament, inspectors de servei de Rub\u00edBus han informat\u00a0<em>in situ\u00a0<\/em>a les persones usu\u00e0ries dels canvis aplicats i han repartit el passatge entre les l\u00ednies 1, 6 i 7 per evitar sobreocupacions.<\/p>\n","protected":false},"excerpt":{"rendered":"<p>Segons informa la web de l&#8217;Ajuntament de Rub\u00ed, amb l&#8217;objectiu de millorar el servei d&#8217;autob\u00fas a l&#8217;entrada i sortida de [&hellip;]<\/p>\n","protected":false},"author":5,"featured_media":5435,"comment_status":"closed","ping_status":"closed","sticky":false,"template":"","format":"standard","meta":{"_bbp_topic_count":0,"_bbp_reply_count":0,"_bbp_total_topic_count":0,"_bbp_total_reply_count":0,"_bbp_voice_count":0,"_bbp_anonymous_reply_count":0,"_bbp_topic_count_hidden":0,"_bbp_reply_count_hidden":0,"_bbp_forum_subforum_count":0,"site-sidebar-layout":"default","site-content-layout":"","ast-site-content-layout":"","site-content-style":"default","site-sidebar-style":"default","ast-global-header-display":"","ast-banner-title-visibility":"","ast-main-header-display":"","ast-hfb-above-header-display":"","ast-hfb-below-header-display":"","ast-hfb-mobile-header-display":"","site-post-title":"","ast-breadcrumbs-content":"","ast-featured-img":"","footer-sml-layout":"","theme-transparent-header-meta":"","adv-header-id-meta":"","stick-header-meta":"","header-above-stick-meta":"","header-main-stick-meta":"","header-below-stick-meta":"","astra-migrate-meta-layouts":"default","ast-page-background-enabled":"default","ast-page-background-meta":{"desktop":{"background-color":"var(--ast-global-color-4)","background-image":"","background-repeat":"repeat","background-position":"center center","background-size":"auto","background-attachment":"scroll","background-type":"","background-media":"","overlay-type":"","overlay-color":"","overlay-opacity":"","overlay-gradient":""},"tablet":{"background-color":"","background-image":"","background-repeat":"repeat","background-position":"center center","background-size":"auto","background-attachment":"scroll","background-type":"","background-media":"","overlay-type":"","overlay-color":"","overlay-opacity":"","overlay-gradient":""},"mobile":{"background-color":"","background-image":"","background-repeat":"repeat","background-position":"center center","background-size":"auto","background-attachment":"scroll","background-type":"","background-media":"","overlay-type":"","overlay-color":"","overlay-opacity":"","overlay-gradient":""}},"ast-content-background-meta":{"desktop":{"background-color":"var(--ast-global-color-5)","background-image":"","background-repeat":"repeat","background-position":"center center","background-size":"auto","background-attachment":"scroll","background-type":"","background-media":"","overlay-type":"","overlay-color":"","overlay-opacity":"","overlay-gradient":""},"tablet":{"background-color":"var(--ast-global-color-5)","background-image":"","background-repeat":"repeat","background-position":"center center","background-size":"auto","background-attachment":"scroll","background-type":"","background-media":"","overlay-type":"","overlay-color":"","overlay-opacity":"","overlay-gradient":""},"mobile":{"background-color":"var(--ast-global-color-5)","background-image":"","background-repeat":"repeat","background-position":"center center","background-size":"auto","background-attachment":"scroll","background-type":"","background-media":"","overlay-type":"","overlay-color":"","overlay-opacity":"","overlay-gradient":""}},"footnotes":""},"categories":[31,8,3,1,29],"tags":[],"class_list":["post-5434","post","type-post","status-publish","format-standard","has-post-thumbnail","hentry","category-afa","category-batxillerat","category-eso","category-noticies","category-portada"],"post_mailing_queue_ids":[],"_links":{"self":[{"href":"https:\/\/agora.xtec.cat\/iesducdemontblanc\/wp-json\/wp\/v2\/posts\/5434","targetHints":{"allow":["GET"]}}],"collection":[{"href":"https:\/\/agora.xtec.cat\/iesducdemontblanc\/wp-json\/wp\/v2\/posts"}],"about":[{"href":"https:\/\/agora.xtec.cat\/iesducdemontblanc\/wp-json\/wp\/v2\/types\/post"}],"author":[{"embeddable":true,"href":"https:\/\/agora.xtec.cat\/iesducdemontblanc\/wp-json\/wp\/v2\/users\/5"}],"replies":[{"embeddable":true,"href":"https:\/\/agora.xtec.cat\/iesducdemontblanc\/wp-json\/wp\/v2\/comments?post=5434"}],"version-history":[{"count":1,"href":"https:\/\/agora.xtec.cat\/iesducdemontblanc\/wp-json\/wp\/v2\/posts\/5434\/revisions"}],"predecessor-version":[{"id":5436,"href":"https:\/\/agora.xtec.cat\/iesducdemontblanc\/wp-json\/wp\/v2\/posts\/5434\/revisions\/5436"}],"wp:featuredmedia":[{"embeddable":true,"href":"https:\/\/agora.xtec.cat\/iesducdemontblanc\/wp-json\/wp\/v2\/media\/5435"}],"wp:attachment":[{"href":"https:\/\/agora.xtec.cat\/iesducdemontblanc\/wp-json\/wp\/v2\/media?parent=5434"}],"wp:term":[{"taxonomy":"category","embeddable":true,"href":"https:\/\/agora.xtec.cat\/iesducdemontblanc\/wp-json\/wp\/v2\/categories?post=5434"},{"taxonomy":"post_tag","embeddable":true,"href":"https:\/\/agora.xtec.cat\/iesducdemontblanc\/wp-json\/wp\/v2\/tags?post=5434"}],"curies":[{"name":"wp","href":"https:\/\/api.w.org\/{rel}","templated":true}]}}