{"id":4712,"date":"2021-05-28T12:38:59","date_gmt":"2021-05-28T10:38:59","guid":{"rendered":"http:\/\/agora.xtec.cat\/iesducdemontblanc\/?p=4712"},"modified":"2021-05-28T12:39:57","modified_gmt":"2021-05-28T10:39:57","slug":"el-problema-dels-residus","status":"publish","type":"post","link":"https:\/\/agora.xtec.cat\/iesducdemontblanc\/eso\/el-problema-dels-residus\/","title":{"rendered":"El problema dels residus"},"content":{"rendered":"<p><a href=\"https:\/\/agora.xtec.cat\/iesducdemontblanc\/wp-content\/uploads\/usu873\/2021\/05\/les-3-r-1-638.jpg\"><img loading=\"lazy\" decoding=\"async\" class=\"aligncenter wp-image-4717 size-medium\" src=\"https:\/\/agora.xtec.cat\/iesducdemontblanc\/wp-content\/uploads\/usu873\/2021\/05\/les-3-r-1-638-300x225.jpg\" alt=\"\" width=\"300\" height=\"225\" srcset=\"https:\/\/agora.xtec.cat\/iesducdemontblanc\/wp-content\/uploads\/usu873\/2021\/05\/les-3-r-1-638-300x225.jpg 300w, https:\/\/agora.xtec.cat\/iesducdemontblanc\/wp-content\/uploads\/usu873\/2021\/05\/les-3-r-1-638-200x150.jpg 200w, https:\/\/agora.xtec.cat\/iesducdemontblanc\/wp-content\/uploads\/usu873\/2021\/05\/les-3-r-1-638.jpg 638w\" sizes=\"auto, (max-width: 300px) 100vw, 300px\" \/><\/a><\/p>\n<p>&nbsp;<\/p>\n<p><span style=\"font-weight: 400;\">Durant les darreres setmanes a l&#8217;optativa d\u2019ecohero\u00efnes hem parlat sobre el problema dels residus i com estan afectant el m\u00f3n.<\/span><\/p>\n<p><span style=\"font-weight: 400;\">Hem vist que els problemes ambientals per culpa de la brossa de la paperera sigui de tipus org\u00e0nica, inorg\u00e0nica o sanit\u00e0ria, s\u00f3n uns dels problemes principals al m\u00f3n. Quan aquests residus es barregen no es poden reciclar i es genera una major contaminaci\u00f3 d\u2019aire, terra i d\u2019aigua.<\/span><\/p>\n<p><span style=\"font-weight: 400;\">Tamb\u00e9 hem parlat sobre la regla de les 3R<\/span> <span style=\"font-weight: 400;\">(Reduir, Reutilitzar i Reciclar). Les 3R \u00e9s una regla per cuidar el medi ambient, espec\u00edficament per reduir el volum de residus de brossa generada.\u00a0<\/span><\/p>\n<p><b>Reduir:\u00a0<\/b><span style=\"font-weight: 400;\">es tracta d\u2019intentar generar menys residus i reduir el nostre consum.<br \/>\n<\/span><b>Reutilitzar:<\/b><span style=\"font-weight: 400;\"> utilitzar de nou un objecte que ja ha estat utilitzat, ja sigui per a la mateixa funci\u00f3 per a la qual va ser creat o per a una altra de diferent.<\/span><span style=\"font-weight: 400;\"><br \/>\n<\/span><b>Reciclar:<\/b> <span style=\"font-weight: 400;\">es tracta de seleccionar i separar els residus que generem a casa i llen\u00e7ar la brossa al contenidor que correspongui per fer-los servir com a mat\u00e8ria primera.\u00a0<\/span><\/p>\n<p><span style=\"font-weight: 400;\">Ens ha impactat molt un v\u00eddeo que hem vist: la hist\u00f2ria d\u2019una cullera de pl\u00e0stic en el seu cam\u00ed cap al mar i tot el que ha de passar per a que arribi fins a nosaltres. \u00c9s a dir, no \u00e9s m\u00e9s f\u00e0cil comprar una cullera de metall que la pots rentar i tornar a utilitzar que comprar cada dia una cullera de pl\u00e0stic???\u00a0<\/span><\/p>\n<p><span style=\"font-weight: 400;\">Finalment hem fet cartells informant com podem reduir, reutilitzar o reciclar a l&#8217;Institut.<\/span><\/p>\n<p><span style=\"font-weight: 400;\">Aqu\u00ed us adjuntem alguns!<\/span><\/p>\n<p><span style=\"font-weight: 400;\"><a href=\"https:\/\/agora.xtec.cat\/iesducdemontblanc\/wp-content\/uploads\/usu873\/2021\/05\/Com-podem-reutilitzar-al-institut.pdf\">Com podem reutilitzar al institut<\/a><br \/>\n<\/span><span style=\"font-weight: 400;\"><a href=\"https:\/\/agora.xtec.cat\/iesducdemontblanc\/wp-content\/uploads\/usu873\/2021\/05\/P\u00f3ster-Cient\u00edfico-Azul-Moderno.pdf\">P\u00f3ster Cient\u00edfico Azul Moderno<\/a><br \/>\n<\/span><span style=\"font-weight: 400;\"><a href=\"https:\/\/agora.xtec.cat\/iesducdemontblanc\/wp-content\/uploads\/usu873\/2021\/05\/Consell-sobre-els-taps-2.pdf\">Consell sobre els taps 2<\/a><\/span><\/p>\n<p><span style=\"font-weight: 400;\">Escrit per CLAUDIA RODR\u00cdGUEZ TARAJANO (2<\/span><span style=\"font-weight: 400;\">n<\/span><span style=\"font-weight: 400;\"> d\u2019ESO E)<\/span><\/p>\n","protected":false},"excerpt":{"rendered":"<p>&nbsp; Durant les darreres setmanes a l&#8217;optativa d\u2019ecohero\u00efnes hem parlat sobre el problema dels residus i com estan afectant el [&hellip;]<\/p>\n","protected":false},"author":7,"featured_media":4717,"comment_status":"closed","ping_status":"closed","sticky":false,"template":"","format":"standard","meta":{"_bbp_topic_count":0,"_bbp_reply_count":0,"_bbp_total_topic_count":0,"_bbp_total_reply_count":0,"_bbp_voice_count":0,"_bbp_anonymous_reply_count":0,"_bbp_topic_count_hidden":0,"_bbp_reply_count_hidden":0,"_bbp_forum_subforum_count":0,"site-sidebar-layout":"default","site-content-layout":"","ast-site-content-layout":"","site-content-style":"default","site-sidebar-style":"default","ast-global-header-display":"","ast-banner-title-visibility":"","ast-main-header-display":"","ast-hfb-above-header-display":"","ast-hfb-below-header-display":"","ast-hfb-mobile-header-display":"","site-post-title":"","ast-breadcrumbs-content":"","ast-featured-img":"","footer-sml-layout":"","theme-transparent-header-meta":"","adv-header-id-meta":"","stick-header-meta":"","header-above-stick-meta":"","header-main-stick-meta":"","header-below-stick-meta":"","astra-migrate-meta-layouts":"default","ast-page-background-enabled":"default","ast-page-background-meta":{"desktop":{"background-color":"var(--ast-global-color-4)","background-image":"","background-repeat":"repeat","background-position":"center center","background-size":"auto","background-attachment":"scroll","background-type":"","background-media":"","overlay-type":"","overlay-color":"","overlay-opacity":"","overlay-gradient":""},"tablet":{"background-color":"","background-image":"","background-repeat":"repeat","background-position":"center center","background-size":"auto","background-attachment":"scroll","background-type":"","background-media":"","overlay-type":"","overlay-color":"","overlay-opacity":"","overlay-gradient":""},"mobile":{"background-color":"","background-image":"","background-repeat":"repeat","background-position":"center center","background-size":"auto","background-attachment":"scroll","background-type":"","background-media":"","overlay-type":"","overlay-color":"","overlay-opacity":"","overlay-gradient":""}},"ast-content-background-meta":{"desktop":{"background-color":"var(--ast-global-color-5)","background-image":"","background-repeat":"repeat","background-position":"center center","background-size":"auto","background-attachment":"scroll","background-type":"","background-media":"","overlay-type":"","overlay-color":"","overlay-opacity":"","overlay-gradient":""},"tablet":{"background-color":"var(--ast-global-color-5)","background-image":"","background-repeat":"repeat","background-position":"center center","background-size":"auto","background-attachment":"scroll","background-type":"","background-media":"","overlay-type":"","overlay-color":"","overlay-opacity":"","overlay-gradient":""},"mobile":{"background-color":"var(--ast-global-color-5)","background-image":"","background-repeat":"repeat","background-position":"center center","background-size":"auto","background-attachment":"scroll","background-type":"","background-media":"","overlay-type":"","overlay-color":"","overlay-opacity":"","overlay-gradient":""}},"footnotes":""},"categories":[8,3,4,5,6,7,29],"tags":[],"class_list":["post-4712","post","type-post","status-publish","format-standard","has-post-thumbnail","hentry","category-batxillerat","category-eso","category-eso-1","category-eso-2","category-eso-3","category-eso-4","category-portada"],"post_mailing_queue_ids":[],"_links":{"self":[{"href":"https:\/\/agora.xtec.cat\/iesducdemontblanc\/wp-json\/wp\/v2\/posts\/4712","targetHints":{"allow":["GET"]}}],"collection":[{"href":"https:\/\/agora.xtec.cat\/iesducdemontblanc\/wp-json\/wp\/v2\/posts"}],"about":[{"href":"https:\/\/agora.xtec.cat\/iesducdemontblanc\/wp-json\/wp\/v2\/types\/post"}],"author":[{"embeddable":true,"href":"https:\/\/agora.xtec.cat\/iesducdemontblanc\/wp-json\/wp\/v2\/users\/7"}],"replies":[{"embeddable":true,"href":"https:\/\/agora.xtec.cat\/iesducdemontblanc\/wp-json\/wp\/v2\/comments?post=4712"}],"version-history":[{"count":1,"href":"https:\/\/agora.xtec.cat\/iesducdemontblanc\/wp-json\/wp\/v2\/posts\/4712\/revisions"}],"predecessor-version":[{"id":4718,"href":"https:\/\/agora.xtec.cat\/iesducdemontblanc\/wp-json\/wp\/v2\/posts\/4712\/revisions\/4718"}],"wp:featuredmedia":[{"embeddable":true,"href":"https:\/\/agora.xtec.cat\/iesducdemontblanc\/wp-json\/wp\/v2\/media\/4717"}],"wp:attachment":[{"href":"https:\/\/agora.xtec.cat\/iesducdemontblanc\/wp-json\/wp\/v2\/media?parent=4712"}],"wp:term":[{"taxonomy":"category","embeddable":true,"href":"https:\/\/agora.xtec.cat\/iesducdemontblanc\/wp-json\/wp\/v2\/categories?post=4712"},{"taxonomy":"post_tag","embeddable":true,"href":"https:\/\/agora.xtec.cat\/iesducdemontblanc\/wp-json\/wp\/v2\/tags?post=4712"}],"curies":[{"name":"wp","href":"https:\/\/api.w.org\/{rel}","templated":true}]}}