{"id":4513,"date":"2021-05-07T20:42:09","date_gmt":"2021-05-07T18:42:09","guid":{"rendered":"http:\/\/agora.xtec.cat\/iesducdemontblanc\/?p=4513"},"modified":"2021-05-09T17:43:52","modified_gmt":"2021-05-09T15:43:52","slug":"tdr-sobre-mart-premiat-en-recerca-jove","status":"publish","type":"post","link":"https:\/\/agora.xtec.cat\/iesducdemontblanc\/eso\/tdr-sobre-mart-premiat-en-recerca-jove\/","title":{"rendered":"TDR sobre Mart premiat en Recerca Jove"},"content":{"rendered":"<p><span class=\"s2\"><a href=\"https:\/\/agora.xtec.cat\/iesducdemontblanc\/wp-content\/uploads\/usu873\/2021\/05\/87092529-F509-41B6-B103-A39AE29DAA19.jpeg\"><img loading=\"lazy\" decoding=\"async\" class=\"aligncenter wp-image-4514 size-full\" src=\"https:\/\/agora.xtec.cat\/iesducdemontblanc\/wp-content\/uploads\/usu873\/2021\/05\/87092529-F509-41B6-B103-A39AE29DAA19.jpeg\" alt=\"\" width=\"629\" height=\"654\" srcset=\"https:\/\/agora.xtec.cat\/iesducdemontblanc\/wp-content\/uploads\/usu873\/2021\/05\/87092529-F509-41B6-B103-A39AE29DAA19.jpeg 629w, https:\/\/agora.xtec.cat\/iesducdemontblanc\/wp-content\/uploads\/usu873\/2021\/05\/87092529-F509-41B6-B103-A39AE29DAA19-289x300.jpeg 289w\" sizes=\"auto, (max-width: 629px) 100vw, 629px\" \/><\/a>Anna <\/span><span class=\"s2\">G\u00fceto<\/span><span class=\"s2\"> Mart\u00ednez, antiga alumna del centre, ha estat\u00a0<\/span>premiada a la convocat\u00f2ria de l\u2019any 2020 dels <span class=\"s3\">Premis de Recerca Jove <\/span>per fomentar l\u2019esperit cient\u00edfic del jovent.<\/p>\n<p>Tal com l&#8217;Ag\u00e8ncia de Gesti\u00f3 d&#8217;Ajuts Universitaris i de Recerca (<span class=\"hiddenSpellError\">AGAUR<\/span>) recull a la seva web: &#8220;<i>\u00c9s un reconeixement a la feina ben feta durant m\u00e9s d&#8217;un any, fent recerca d&#8217;excel\u00b7l\u00e8ncia, demostrant esperit cient\u00edfic i curiositat per descobrir el m\u00f3n que ens envolta.&#8221;<\/i><\/p>\n<p>Us animem que llegiu aquest treball, no nom\u00e9s perqu\u00e8 \u00e9s un bon exemple del que ha de ser un treball de recerca, \u00a0sin\u00f3 tamb\u00e9, perqu\u00e8 desenvolupa \u00a0un tema de total actualitat despr\u00e9s que l\u2019helic\u00f2pter Ingenuity vol\u00e9s per primer cop sobre la superf\u00edcie de Mart l\u2019abril passat.<\/p>\n<p>Volem felicitar\u00a0l\u2019Anna com a reconeixement a la seva feina i al seu esfor\u00e7.<\/p>\n<p>&nbsp;<\/p>\n","protected":false},"excerpt":{"rendered":"<p>Anna G\u00fceto Mart\u00ednez, antiga alumna del centre, ha estat\u00a0premiada a la convocat\u00f2ria de l\u2019any 2020 dels Premis de Recerca Jove [&hellip;]<\/p>\n","protected":false},"author":7,"featured_media":4514,"comment_status":"closed","ping_status":"closed","sticky":false,"template":"","format":"standard","meta":{"_bbp_topic_count":0,"_bbp_reply_count":0,"_bbp_total_topic_count":0,"_bbp_total_reply_count":0,"_bbp_voice_count":0,"_bbp_anonymous_reply_count":0,"_bbp_topic_count_hidden":0,"_bbp_reply_count_hidden":0,"_bbp_forum_subforum_count":0,"site-sidebar-layout":"default","site-content-layout":"","ast-site-content-layout":"","site-content-style":"default","site-sidebar-style":"default","ast-global-header-display":"","ast-banner-title-visibility":"","ast-main-header-display":"","ast-hfb-above-header-display":"","ast-hfb-below-header-display":"","ast-hfb-mobile-header-display":"","site-post-title":"","ast-breadcrumbs-content":"","ast-featured-img":"","footer-sml-layout":"","theme-transparent-header-meta":"","adv-header-id-meta":"","stick-header-meta":"","header-above-stick-meta":"","header-main-stick-meta":"","header-below-stick-meta":"","astra-migrate-meta-layouts":"default","ast-page-background-enabled":"default","ast-page-background-meta":{"desktop":{"background-color":"var(--ast-global-color-4)","background-image":"","background-repeat":"repeat","background-position":"center center","background-size":"auto","background-attachment":"scroll","background-type":"","background-media":"","overlay-type":"","overlay-color":"","overlay-opacity":"","overlay-gradient":""},"tablet":{"background-color":"","background-image":"","background-repeat":"repeat","background-position":"center center","background-size":"auto","background-attachment":"scroll","background-type":"","background-media":"","overlay-type":"","overlay-color":"","overlay-opacity":"","overlay-gradient":""},"mobile":{"background-color":"","background-image":"","background-repeat":"repeat","background-position":"center center","background-size":"auto","background-attachment":"scroll","background-type":"","background-media":"","overlay-type":"","overlay-color":"","overlay-opacity":"","overlay-gradient":""}},"ast-content-background-meta":{"desktop":{"background-color":"var(--ast-global-color-5)","background-image":"","background-repeat":"repeat","background-position":"center center","background-size":"auto","background-attachment":"scroll","background-type":"","background-media":"","overlay-type":"","overlay-color":"","overlay-opacity":"","overlay-gradient":""},"tablet":{"background-color":"var(--ast-global-color-5)","background-image":"","background-repeat":"repeat","background-position":"center center","background-size":"auto","background-attachment":"scroll","background-type":"","background-media":"","overlay-type":"","overlay-color":"","overlay-opacity":"","overlay-gradient":""},"mobile":{"background-color":"var(--ast-global-color-5)","background-image":"","background-repeat":"repeat","background-position":"center center","background-size":"auto","background-attachment":"scroll","background-type":"","background-media":"","overlay-type":"","overlay-color":"","overlay-opacity":"","overlay-gradient":""}},"footnotes":""},"categories":[8,3,29],"tags":[],"class_list":["post-4513","post","type-post","status-publish","format-standard","has-post-thumbnail","hentry","category-batxillerat","category-eso","category-portada"],"post_mailing_queue_ids":[],"_links":{"self":[{"href":"https:\/\/agora.xtec.cat\/iesducdemontblanc\/wp-json\/wp\/v2\/posts\/4513","targetHints":{"allow":["GET"]}}],"collection":[{"href":"https:\/\/agora.xtec.cat\/iesducdemontblanc\/wp-json\/wp\/v2\/posts"}],"about":[{"href":"https:\/\/agora.xtec.cat\/iesducdemontblanc\/wp-json\/wp\/v2\/types\/post"}],"author":[{"embeddable":true,"href":"https:\/\/agora.xtec.cat\/iesducdemontblanc\/wp-json\/wp\/v2\/users\/7"}],"replies":[{"embeddable":true,"href":"https:\/\/agora.xtec.cat\/iesducdemontblanc\/wp-json\/wp\/v2\/comments?post=4513"}],"version-history":[{"count":3,"href":"https:\/\/agora.xtec.cat\/iesducdemontblanc\/wp-json\/wp\/v2\/posts\/4513\/revisions"}],"predecessor-version":[{"id":4518,"href":"https:\/\/agora.xtec.cat\/iesducdemontblanc\/wp-json\/wp\/v2\/posts\/4513\/revisions\/4518"}],"wp:featuredmedia":[{"embeddable":true,"href":"https:\/\/agora.xtec.cat\/iesducdemontblanc\/wp-json\/wp\/v2\/media\/4514"}],"wp:attachment":[{"href":"https:\/\/agora.xtec.cat\/iesducdemontblanc\/wp-json\/wp\/v2\/media?parent=4513"}],"wp:term":[{"taxonomy":"category","embeddable":true,"href":"https:\/\/agora.xtec.cat\/iesducdemontblanc\/wp-json\/wp\/v2\/categories?post=4513"},{"taxonomy":"post_tag","embeddable":true,"href":"https:\/\/agora.xtec.cat\/iesducdemontblanc\/wp-json\/wp\/v2\/tags?post=4513"}],"curies":[{"name":"wp","href":"https:\/\/api.w.org\/{rel}","templated":true}]}}