{"id":4393,"date":"2021-04-22T11:17:42","date_gmt":"2021-04-22T09:17:42","guid":{"rendered":"http:\/\/agora.xtec.cat\/iesducdemontblanc\/?p=4393"},"modified":"2021-04-22T11:17:42","modified_gmt":"2021-04-22T09:17:42","slug":"22-dabril-dia-de-la-terra","status":"publish","type":"post","link":"https:\/\/agora.xtec.cat\/iesducdemontblanc\/eso\/22-dabril-dia-de-la-terra\/","title":{"rendered":"22 d&#8217;abril: dia de la Terra"},"content":{"rendered":"<p><span style=\"font-weight: 400;\"><a href=\"https:\/\/agora.xtec.cat\/iesducdemontblanc\/wp-content\/uploads\/usu873\/2021\/04\/dia-mundia-mare-terra.jpeg\"><img loading=\"lazy\" decoding=\"async\" class=\"aligncenter size-full wp-image-4394\" src=\"https:\/\/agora.xtec.cat\/iesducdemontblanc\/wp-content\/uploads\/usu873\/2021\/04\/dia-mundia-mare-terra.jpeg\" alt=\"\" width=\"311\" height=\"162\" srcset=\"https:\/\/agora.xtec.cat\/iesducdemontblanc\/wp-content\/uploads\/usu873\/2021\/04\/dia-mundia-mare-terra.jpeg 311w, https:\/\/agora.xtec.cat\/iesducdemontblanc\/wp-content\/uploads\/usu873\/2021\/04\/dia-mundia-mare-terra-300x156.jpeg 300w\" sizes=\"auto, (max-width: 311px) 100vw, 311px\" \/><\/a>Avui \u00e9s el dia de la Terra, una jornada festiva que se celebra any rere any a tot el m\u00f3n des de fa cinquanta anys. Aquesta data ha de servir per incrementar la conscienciaci\u00f3 sobre la necessitat de protegir el planeta i conservar els ecosistemes<\/span><span style=\"font-weight: 400;\">.<\/span><\/p>\n<p><span style=\"font-weight: 400;\">Aquests any el tema del Dia de la Terra 2021\u00e9s \u201cRestaura la nostra Terra\u201d.<\/span><\/p>\n<p><span style=\"font-weight: 400;\">Podeu consultar activitatsi iniciatives\u00a0 proposades\u00a0 per la Xarxa del dia de la Terra en aquest enlla\u00e7:<\/span><\/p>\n<p><a href=\"https:\/\/www.earthday.org\/\"><b>https:\/\/www.earthday.org\/<\/b><\/a><\/p>\n<p><span style=\"font-weight: 400;\">Adjuntem tamb\u00e9 enlla\u00e7 a les activitats que organitza l\u2019Ajuntament de Rub\u00ed al llarg d\u2019aquests dies amb motiu de la celebraci\u00f3 del dia de la Terra:<\/span><\/p>\n<p><a href=\"https:\/\/www.rubi.cat\/ca\/temes\/medi-ambient\/residus\/diadelaterra\"><span style=\"font-weight: 400;\">https:\/\/www.rubi.cat\/ca\/temes\/medi-ambient\/residus\/diadelaterra<\/span><\/a><\/p>\n","protected":false},"excerpt":{"rendered":"<p>Avui \u00e9s el dia de la Terra, una jornada festiva que se celebra any rere any a tot el m\u00f3n [&hellip;]<\/p>\n","protected":false},"author":7,"featured_media":4394,"comment_status":"closed","ping_status":"closed","sticky":false,"template":"","format":"standard","meta":{"_bbp_topic_count":0,"_bbp_reply_count":0,"_bbp_total_topic_count":0,"_bbp_total_reply_count":0,"_bbp_voice_count":0,"_bbp_anonymous_reply_count":0,"_bbp_topic_count_hidden":0,"_bbp_reply_count_hidden":0,"_bbp_forum_subforum_count":0,"site-sidebar-layout":"default","site-content-layout":"","ast-site-content-layout":"","site-content-style":"default","site-sidebar-style":"default","ast-global-header-display":"","ast-banner-title-visibility":"","ast-main-header-display":"","ast-hfb-above-header-display":"","ast-hfb-below-header-display":"","ast-hfb-mobile-header-display":"","site-post-title":"","ast-breadcrumbs-content":"","ast-featured-img":"","footer-sml-layout":"","theme-transparent-header-meta":"","adv-header-id-meta":"","stick-header-meta":"","header-above-stick-meta":"","header-main-stick-meta":"","header-below-stick-meta":"","astra-migrate-meta-layouts":"default","ast-page-background-enabled":"default","ast-page-background-meta":{"desktop":{"background-color":"var(--ast-global-color-4)","background-image":"","background-repeat":"repeat","background-position":"center center","background-size":"auto","background-attachment":"scroll","background-type":"","background-media":"","overlay-type":"","overlay-color":"","overlay-opacity":"","overlay-gradient":""},"tablet":{"background-color":"","background-image":"","background-repeat":"repeat","background-position":"center center","background-size":"auto","background-attachment":"scroll","background-type":"","background-media":"","overlay-type":"","overlay-color":"","overlay-opacity":"","overlay-gradient":""},"mobile":{"background-color":"","background-image":"","background-repeat":"repeat","background-position":"center center","background-size":"auto","background-attachment":"scroll","background-type":"","background-media":"","overlay-type":"","overlay-color":"","overlay-opacity":"","overlay-gradient":""}},"ast-content-background-meta":{"desktop":{"background-color":"var(--ast-global-color-5)","background-image":"","background-repeat":"repeat","background-position":"center center","background-size":"auto","background-attachment":"scroll","background-type":"","background-media":"","overlay-type":"","overlay-color":"","overlay-opacity":"","overlay-gradient":""},"tablet":{"background-color":"var(--ast-global-color-5)","background-image":"","background-repeat":"repeat","background-position":"center center","background-size":"auto","background-attachment":"scroll","background-type":"","background-media":"","overlay-type":"","overlay-color":"","overlay-opacity":"","overlay-gradient":""},"mobile":{"background-color":"var(--ast-global-color-5)","background-image":"","background-repeat":"repeat","background-position":"center center","background-size":"auto","background-attachment":"scroll","background-type":"","background-media":"","overlay-type":"","overlay-color":"","overlay-opacity":"","overlay-gradient":""}},"footnotes":""},"categories":[8,3,29],"tags":[],"class_list":["post-4393","post","type-post","status-publish","format-standard","has-post-thumbnail","hentry","category-batxillerat","category-eso","category-portada"],"post_mailing_queue_ids":[],"_links":{"self":[{"href":"https:\/\/agora.xtec.cat\/iesducdemontblanc\/wp-json\/wp\/v2\/posts\/4393","targetHints":{"allow":["GET"]}}],"collection":[{"href":"https:\/\/agora.xtec.cat\/iesducdemontblanc\/wp-json\/wp\/v2\/posts"}],"about":[{"href":"https:\/\/agora.xtec.cat\/iesducdemontblanc\/wp-json\/wp\/v2\/types\/post"}],"author":[{"embeddable":true,"href":"https:\/\/agora.xtec.cat\/iesducdemontblanc\/wp-json\/wp\/v2\/users\/7"}],"replies":[{"embeddable":true,"href":"https:\/\/agora.xtec.cat\/iesducdemontblanc\/wp-json\/wp\/v2\/comments?post=4393"}],"version-history":[{"count":1,"href":"https:\/\/agora.xtec.cat\/iesducdemontblanc\/wp-json\/wp\/v2\/posts\/4393\/revisions"}],"predecessor-version":[{"id":4395,"href":"https:\/\/agora.xtec.cat\/iesducdemontblanc\/wp-json\/wp\/v2\/posts\/4393\/revisions\/4395"}],"wp:featuredmedia":[{"embeddable":true,"href":"https:\/\/agora.xtec.cat\/iesducdemontblanc\/wp-json\/wp\/v2\/media\/4394"}],"wp:attachment":[{"href":"https:\/\/agora.xtec.cat\/iesducdemontblanc\/wp-json\/wp\/v2\/media?parent=4393"}],"wp:term":[{"taxonomy":"category","embeddable":true,"href":"https:\/\/agora.xtec.cat\/iesducdemontblanc\/wp-json\/wp\/v2\/categories?post=4393"},{"taxonomy":"post_tag","embeddable":true,"href":"https:\/\/agora.xtec.cat\/iesducdemontblanc\/wp-json\/wp\/v2\/tags?post=4393"}],"curies":[{"name":"wp","href":"https:\/\/api.w.org\/{rel}","templated":true}]}}