{"id":4382,"date":"2022-04-21T13:30:18","date_gmt":"2022-04-21T11:30:18","guid":{"rendered":"http:\/\/agora.xtec.cat\/iesducdemontblanc\/?p=4382"},"modified":"2022-05-11T00:06:55","modified_gmt":"2022-05-10T22:06:55","slug":"preinscripcio-eso-llistes","status":"publish","type":"post","link":"https:\/\/agora.xtec.cat\/iesducdemontblanc\/noticies\/preinscripcio-eso-llistes\/","title":{"rendered":"Preinscripci\u00f3 ESO &#8211; Llistes provisionals i reclamacions del 22 al 28 d&#8217;abril"},"content":{"rendered":"<p style=\"text-align: center;\">Podeu trobar la llista de puntuacions provisionals de la preinscripci\u00f3 pel curs 2022-23 al tauler d&#8217;anuncis de l&#8217;institut i a l&#8217;enlla\u00e7 que trobareu a sota.<\/p>\n<section class=\"padding-xs padding-sm padding-md colorSectionOdd\">\n<article class=\"container fullcontainer-xs\">\n<div class=\"row\">\n<div id=\"center_4R\">\n<div id=\"7ba380e4-5bf5-11eb-9783-005056924a59\" class=\"fpca_article pd-15\">\n<div class=\"row\">\n<table style=\"border-collapse: collapse; width: 100%;\">\n<tbody>\n<tr>\n<td style=\"width: 100%; border-style: solid; border-color: #000000;\"><a href=\"https:\/\/agora.xtec.cat\/iesducdemontblanc\/docs\/preinscripcio-eso-admesos-i-llista-despera\/?bp-attachment=INFORME_BAREM_PROVISIONAL_preinscripcio-2022-23.pdf\"><img loading=\"lazy\" decoding=\"async\" class=\"alignnone wp-image-6428 size-large\" src=\"https:\/\/agora.xtec.cat\/iesducdemontblanc\/wp-content\/uploads\/usu873\/2021\/04\/Captura-de-2022-04-21-13-10-43-1024x293.png\" alt=\"\" width=\"1024\" height=\"293\" srcset=\"https:\/\/agora.xtec.cat\/iesducdemontblanc\/wp-content\/uploads\/usu873\/2021\/04\/Captura-de-2022-04-21-13-10-43-1024x293.png 1024w, https:\/\/agora.xtec.cat\/iesducdemontblanc\/wp-content\/uploads\/usu873\/2021\/04\/Captura-de-2022-04-21-13-10-43-300x86.png 300w, https:\/\/agora.xtec.cat\/iesducdemontblanc\/wp-content\/uploads\/usu873\/2021\/04\/Captura-de-2022-04-21-13-10-43-768x220.png 768w, https:\/\/agora.xtec.cat\/iesducdemontblanc\/wp-content\/uploads\/usu873\/2021\/04\/Captura-de-2022-04-21-13-10-43.png 1511w\" sizes=\"auto, (max-width: 1024px) 100vw, 1024px\" \/><\/a><\/td>\n<\/tr>\n<\/tbody>\n<\/table>\n<h3 class=\"subtitle\">Per\u00edode per presentar reclamacions: del 22 al 28 d&#8217;abril<\/h3>\n<div class=\"col-sm-8 basic_text_peq\">\n<div class=\"pd-15x\">\n<ul>\n<li>Si no est\u00e0s d&#8217;acord amb la puntuaci\u00f3 provisional, o detectes alguna errada o anomalia, pots presentar una\u00a0<strong>reclamaci\u00f3<\/strong>. En la consulta individual trobar\u00e0s l&#8217;enlla\u00e7 per presentar-la.<\/li>\n<li>Si no pots accedir a la consulta individual o no trobes la sol\u00b7licitud a la llista amb la puntuaci\u00f3 provisional pots adre\u00e7ar-te al centre o a l&#8217;oficina municipal d&#8217;escolaritzaci\u00f3 per demanar informaci\u00f3. Tamb\u00e9 pots presentar una\u00a0<strong>reclamaci\u00f3<\/strong>\u00a0mitjan\u00e7ant els seg\u00fcents accessos, en funci\u00f3 del tipus de sol\u00b7licitud de preinscripci\u00f3 utilitzada:\n<ul>\n<li><a href=\"https:\/\/ctti.queue-it.net\/?c=ctti&amp;e=preins&amp;t=https%3A%2F%2Faplicacions.ensenyament.gencat.cat%2FGEDAC%2FGEDACSOL_SE_MOD_CAT.html\" target=\"_blank\" rel=\"noopener noreferrer\">Si vas presentar una sol\u00b7licitud electr\u00f2nica<\/a><\/li>\n<li><a href=\"https:\/\/ctti.queue-it.net\/?c=ctti&amp;e=qpreinscripcioapexpr&amp;t=https%3A%2F%2Faplicacions.ensenyament.gencat.cat%2FGEDAC%2FGEDACSOL_SI_MOD_CAT.html\" target=\"_blank\" rel=\"noopener noreferrer\">Si vas presentar una sol\u00b7licitud en suport inform\u00e0tic<\/a><\/li>\n<li><a class=\"tit\" href=\"https:\/\/documents.espai.educacio.gencat.cat\/FormularisModels\/CentresGestioAdministrativa\/A948.pdf\">Model de reclamaci\u00f3 en format paper<\/a><\/li>\n<\/ul>\n<\/li>\n<li>Enlla\u00e7 a la <a href=\"https:\/\/preinscripcio.gencat.cat\/ca\/estudis\/eso\/preinscriute\/seguiment-sollicitud\/llista-sollicituds\/\">p\u00e0gina web del Departament d&#8217;Educaci\u00f3<\/a><\/li>\n<\/ul>\n<\/div>\n<\/div>\n<\/div>\n<\/div>\n<\/div>\n<\/div>\n<\/article>\n<\/section>\n<section class=\"padding-xs padding-sm padding-md colorSectionOdd\">\n<article class=\"container fullcontainer-xs\">\n<div class=\"row\">\n<div>\n<div id=\"center_5R\">\n<div class=\"fpca_preguntesFrequents formatter_body \">\n<div class=\"pd-15 pd-30 pad_top_xs padding-xs shadowBox2\">\n<div class=\"row\"><\/div>\n<\/div>\n<\/div>\n<\/div>\n<\/div>\n<\/div>\n<\/article>\n<\/section>\n","protected":false},"excerpt":{"rendered":"<p>Publiquem la llista de puntuacions provisionals de la preinscripci\u00f3 pel curs 2021-22 i les instruccions per presentar reclamacions.<\/p>\n","protected":false},"author":5,"featured_media":4093,"comment_status":"closed","ping_status":"closed","sticky":false,"template":"","format":"standard","meta":{"_bbp_topic_count":0,"_bbp_reply_count":0,"_bbp_total_topic_count":0,"_bbp_total_reply_count":0,"_bbp_voice_count":0,"_bbp_anonymous_reply_count":0,"_bbp_topic_count_hidden":0,"_bbp_reply_count_hidden":0,"_bbp_forum_subforum_count":0,"site-sidebar-layout":"default","site-content-layout":"","ast-site-content-layout":"","site-content-style":"default","site-sidebar-style":"default","ast-global-header-display":"","ast-banner-title-visibility":"","ast-main-header-display":"","ast-hfb-above-header-display":"","ast-hfb-below-header-display":"","ast-hfb-mobile-header-display":"","site-post-title":"","ast-breadcrumbs-content":"","ast-featured-img":"","footer-sml-layout":"","theme-transparent-header-meta":"","adv-header-id-meta":"","stick-header-meta":"","header-above-stick-meta":"","header-main-stick-meta":"","header-below-stick-meta":"","astra-migrate-meta-layouts":"default","ast-page-background-enabled":"default","ast-page-background-meta":{"desktop":{"background-color":"var(--ast-global-color-4)","background-image":"","background-repeat":"repeat","background-position":"center center","background-size":"auto","background-attachment":"scroll","background-type":"","background-media":"","overlay-type":"","overlay-color":"","overlay-opacity":"","overlay-gradient":""},"tablet":{"background-color":"","background-image":"","background-repeat":"repeat","background-position":"center center","background-size":"auto","background-attachment":"scroll","background-type":"","background-media":"","overlay-type":"","overlay-color":"","overlay-opacity":"","overlay-gradient":""},"mobile":{"background-color":"","background-image":"","background-repeat":"repeat","background-position":"center center","background-size":"auto","background-attachment":"scroll","background-type":"","background-media":"","overlay-type":"","overlay-color":"","overlay-opacity":"","overlay-gradient":""}},"ast-content-background-meta":{"desktop":{"background-color":"var(--ast-global-color-5)","background-image":"","background-repeat":"repeat","background-position":"center center","background-size":"auto","background-attachment":"scroll","background-type":"","background-media":"","overlay-type":"","overlay-color":"","overlay-opacity":"","overlay-gradient":""},"tablet":{"background-color":"var(--ast-global-color-5)","background-image":"","background-repeat":"repeat","background-position":"center center","background-size":"auto","background-attachment":"scroll","background-type":"","background-media":"","overlay-type":"","overlay-color":"","overlay-opacity":"","overlay-gradient":""},"mobile":{"background-color":"var(--ast-global-color-5)","background-image":"","background-repeat":"repeat","background-position":"center center","background-size":"auto","background-attachment":"scroll","background-type":"","background-media":"","overlay-type":"","overlay-color":"","overlay-opacity":"","overlay-gradient":""}},"footnotes":""},"categories":[3,1,29],"tags":[],"class_list":["post-4382","post","type-post","status-publish","format-standard","has-post-thumbnail","hentry","category-eso","category-noticies","category-portada"],"post_mailing_queue_ids":[],"_links":{"self":[{"href":"https:\/\/agora.xtec.cat\/iesducdemontblanc\/wp-json\/wp\/v2\/posts\/4382","targetHints":{"allow":["GET"]}}],"collection":[{"href":"https:\/\/agora.xtec.cat\/iesducdemontblanc\/wp-json\/wp\/v2\/posts"}],"about":[{"href":"https:\/\/agora.xtec.cat\/iesducdemontblanc\/wp-json\/wp\/v2\/types\/post"}],"author":[{"embeddable":true,"href":"https:\/\/agora.xtec.cat\/iesducdemontblanc\/wp-json\/wp\/v2\/users\/5"}],"replies":[{"embeddable":true,"href":"https:\/\/agora.xtec.cat\/iesducdemontblanc\/wp-json\/wp\/v2\/comments?post=4382"}],"version-history":[{"count":4,"href":"https:\/\/agora.xtec.cat\/iesducdemontblanc\/wp-json\/wp\/v2\/posts\/4382\/revisions"}],"predecessor-version":[{"id":6483,"href":"https:\/\/agora.xtec.cat\/iesducdemontblanc\/wp-json\/wp\/v2\/posts\/4382\/revisions\/6483"}],"wp:featuredmedia":[{"embeddable":true,"href":"https:\/\/agora.xtec.cat\/iesducdemontblanc\/wp-json\/wp\/v2\/media\/4093"}],"wp:attachment":[{"href":"https:\/\/agora.xtec.cat\/iesducdemontblanc\/wp-json\/wp\/v2\/media?parent=4382"}],"wp:term":[{"taxonomy":"category","embeddable":true,"href":"https:\/\/agora.xtec.cat\/iesducdemontblanc\/wp-json\/wp\/v2\/categories?post=4382"},{"taxonomy":"post_tag","embeddable":true,"href":"https:\/\/agora.xtec.cat\/iesducdemontblanc\/wp-json\/wp\/v2\/tags?post=4382"}],"curies":[{"name":"wp","href":"https:\/\/api.w.org\/{rel}","templated":true}]}}