{"id":4150,"date":"2022-03-04T12:00:18","date_gmt":"2022-03-04T11:00:18","guid":{"rendered":"http:\/\/agora.xtec.cat\/iesducdemontblanc\/?p=4150"},"modified":"2022-03-23T08:30:40","modified_gmt":"2022-03-23T07:30:40","slug":"jornada-de-portes-obertes","status":"publish","type":"post","link":"https:\/\/agora.xtec.cat\/iesducdemontblanc\/noticies\/jornada-de-portes-obertes\/","title":{"rendered":"Jornada de Portes Obertes ESO 2022"},"content":{"rendered":"<p>Dimecres, dia 2 a la tarda es va realitzar la Jornada de Portes Obertes on van participar fam\u00edlies d&#8217;alumnes que han de comen\u00e7ar l&#8217;ESO el curs vinent. Durant la Jornada vam explicar els trets b\u00e0sics del nostre projecte de l&#8217;ESO pel curs 2022-2023<\/p>\n<p>Pels que no vau poder participar-hi, us convidem a veure un v\u00eddeo i dues presentacions que es van fer serviri:<\/p>\n<table class=\" aligncenter\" style=\"height: 92px; width: 476px;\">\n<tbody>\n<tr style=\"height: 61px;\">\n<td style=\"width: 96px; text-align: center; height: 61px;\">V\u00eddeo promocional de l&#8217;institut<\/td>\n<td style=\"width: 126px; text-align: center; height: 61px;\">Presentaci\u00f3 en format pdf que es va fer servir a la biblioteca<\/td>\n<td style=\"width: 124px; text-align: center; height: 61px;\">Presentaci\u00f3 en format pdf que es va fer servir a una aula<\/td>\n<td style=\"width: 118px; text-align: center;\">Presentaci\u00f3 AFA<\/td>\n<\/tr>\n<tr style=\"height: 31px;\">\n<td style=\"width: 96px; height: 31px;\"><a href=\"https:\/\/youtu.be\/XIYyGjWku38\"><img loading=\"lazy\" decoding=\"async\" class=\"alignnone wp-image-3142 aligncenter\" src=\"https:\/\/agora.xtec.cat\/iesducdemontblanc\/wp-content\/uploads\/usu873\/2020\/07\/logo.jpg\" alt=\"\" width=\"63\" height=\"77\" \/><\/a><\/td>\n<td style=\"width: 126px; height: 31px;\"><a href=\"https:\/\/agora.xtec.cat\/iesducdemontblanc\/wp-content\/uploads\/usu873\/2022\/03\/Portes-obertes-ESO-1.pdf\"><img loading=\"lazy\" decoding=\"async\" class=\"alignnone wp-image-4093 size-medium\" src=\"https:\/\/agora.xtec.cat\/iesducdemontblanc\/wp-content\/uploads\/usu873\/2021\/02\/FONDO-PANTALLA-300x169.jpg\" alt=\"\" width=\"300\" height=\"169\" srcset=\"https:\/\/agora.xtec.cat\/iesducdemontblanc\/wp-content\/uploads\/usu873\/2021\/02\/FONDO-PANTALLA-300x169.jpg 300w, https:\/\/agora.xtec.cat\/iesducdemontblanc\/wp-content\/uploads\/usu873\/2021\/02\/FONDO-PANTALLA-768x432.jpg 768w, https:\/\/agora.xtec.cat\/iesducdemontblanc\/wp-content\/uploads\/usu873\/2021\/02\/FONDO-PANTALLA-1024x576.jpg 1024w, https:\/\/agora.xtec.cat\/iesducdemontblanc\/wp-content\/uploads\/usu873\/2021\/02\/FONDO-PANTALLA.jpg 1512w\" sizes=\"auto, (max-width: 300px) 100vw, 300px\" \/><\/a><\/td>\n<td style=\"width: 124px; height: 31px;\"><a href=\"https:\/\/agora.xtec.cat\/iesducdemontblanc\/wp-content\/uploads\/usu873\/2022\/03\/Portes-obertes-ESO-2.pdf\"><img loading=\"lazy\" decoding=\"async\" class=\"alignnone wp-image-4093\" src=\"https:\/\/agora.xtec.cat\/iesducdemontblanc\/wp-content\/uploads\/usu873\/2021\/02\/FONDO-PANTALLA-300x169.jpg\" alt=\"\" width=\"300\" height=\"169\" srcset=\"https:\/\/agora.xtec.cat\/iesducdemontblanc\/wp-content\/uploads\/usu873\/2021\/02\/FONDO-PANTALLA-300x169.jpg 300w, https:\/\/agora.xtec.cat\/iesducdemontblanc\/wp-content\/uploads\/usu873\/2021\/02\/FONDO-PANTALLA-768x432.jpg 768w, https:\/\/agora.xtec.cat\/iesducdemontblanc\/wp-content\/uploads\/usu873\/2021\/02\/FONDO-PANTALLA-1024x576.jpg 1024w, https:\/\/agora.xtec.cat\/iesducdemontblanc\/wp-content\/uploads\/usu873\/2021\/02\/FONDO-PANTALLA.jpg 1512w\" sizes=\"auto, (max-width: 300px) 100vw, 300px\" \/><\/a><\/td>\n<td style=\"width: 118px;\"><img loading=\"lazy\" decoding=\"async\" class=\"alignnone wp-image-3462 size-large\" src=\"https:\/\/agora.xtec.cat\/iesducdemontblanc\/wp-content\/uploads\/usu873\/2020\/10\/AFA-DUC-2020-1-984x1024.jpg\" alt=\"\" width=\"984\" height=\"1024\" srcset=\"https:\/\/agora.xtec.cat\/iesducdemontblanc\/wp-content\/uploads\/usu873\/2020\/10\/AFA-DUC-2020-1-984x1024.jpg 984w, https:\/\/agora.xtec.cat\/iesducdemontblanc\/wp-content\/uploads\/usu873\/2020\/10\/AFA-DUC-2020-1-288x300.jpg 288w, https:\/\/agora.xtec.cat\/iesducdemontblanc\/wp-content\/uploads\/usu873\/2020\/10\/AFA-DUC-2020-1-768x800.jpg 768w\" sizes=\"auto, (max-width: 984px) 100vw, 984px\" \/><\/td>\n<\/tr>\n<\/tbody>\n<\/table>\n<p>&nbsp;<\/p>\n","protected":false},"excerpt":{"rendered":"<p>Dimecres, dia 2 a la tarda es va realitzar la Jornada de Portes Obertes on van participar fam\u00edlies d&#8217;alumnes que [&hellip;]<\/p>\n","protected":false},"author":5,"featured_media":3902,"comment_status":"closed","ping_status":"closed","sticky":false,"template":"","format":"standard","meta":{"_bbp_topic_count":0,"_bbp_reply_count":0,"_bbp_total_topic_count":0,"_bbp_total_reply_count":0,"_bbp_voice_count":0,"_bbp_anonymous_reply_count":0,"_bbp_topic_count_hidden":0,"_bbp_reply_count_hidden":0,"_bbp_forum_subforum_count":0,"site-sidebar-layout":"default","site-content-layout":"","ast-site-content-layout":"","site-content-style":"default","site-sidebar-style":"default","ast-global-header-display":"","ast-banner-title-visibility":"","ast-main-header-display":"","ast-hfb-above-header-display":"","ast-hfb-below-header-display":"","ast-hfb-mobile-header-display":"","site-post-title":"","ast-breadcrumbs-content":"","ast-featured-img":"","footer-sml-layout":"","theme-transparent-header-meta":"","adv-header-id-meta":"","stick-header-meta":"","header-above-stick-meta":"","header-main-stick-meta":"","header-below-stick-meta":"","astra-migrate-meta-layouts":"default","ast-page-background-enabled":"default","ast-page-background-meta":{"desktop":{"background-color":"var(--ast-global-color-4)","background-image":"","background-repeat":"repeat","background-position":"center center","background-size":"auto","background-attachment":"scroll","background-type":"","background-media":"","overlay-type":"","overlay-color":"","overlay-opacity":"","overlay-gradient":""},"tablet":{"background-color":"","background-image":"","background-repeat":"repeat","background-position":"center center","background-size":"auto","background-attachment":"scroll","background-type":"","background-media":"","overlay-type":"","overlay-color":"","overlay-opacity":"","overlay-gradient":""},"mobile":{"background-color":"","background-image":"","background-repeat":"repeat","background-position":"center center","background-size":"auto","background-attachment":"scroll","background-type":"","background-media":"","overlay-type":"","overlay-color":"","overlay-opacity":"","overlay-gradient":""}},"ast-content-background-meta":{"desktop":{"background-color":"var(--ast-global-color-5)","background-image":"","background-repeat":"repeat","background-position":"center center","background-size":"auto","background-attachment":"scroll","background-type":"","background-media":"","overlay-type":"","overlay-color":"","overlay-opacity":"","overlay-gradient":""},"tablet":{"background-color":"var(--ast-global-color-5)","background-image":"","background-repeat":"repeat","background-position":"center center","background-size":"auto","background-attachment":"scroll","background-type":"","background-media":"","overlay-type":"","overlay-color":"","overlay-opacity":"","overlay-gradient":""},"mobile":{"background-color":"var(--ast-global-color-5)","background-image":"","background-repeat":"repeat","background-position":"center center","background-size":"auto","background-attachment":"scroll","background-type":"","background-media":"","overlay-type":"","overlay-color":"","overlay-opacity":"","overlay-gradient":""}},"footnotes":""},"categories":[3,4,5,6,7,1,29],"tags":[],"class_list":["post-4150","post","type-post","status-publish","format-standard","has-post-thumbnail","hentry","category-eso","category-eso-1","category-eso-2","category-eso-3","category-eso-4","category-noticies","category-portada"],"post_mailing_queue_ids":[],"_links":{"self":[{"href":"https:\/\/agora.xtec.cat\/iesducdemontblanc\/wp-json\/wp\/v2\/posts\/4150","targetHints":{"allow":["GET"]}}],"collection":[{"href":"https:\/\/agora.xtec.cat\/iesducdemontblanc\/wp-json\/wp\/v2\/posts"}],"about":[{"href":"https:\/\/agora.xtec.cat\/iesducdemontblanc\/wp-json\/wp\/v2\/types\/post"}],"author":[{"embeddable":true,"href":"https:\/\/agora.xtec.cat\/iesducdemontblanc\/wp-json\/wp\/v2\/users\/5"}],"replies":[{"embeddable":true,"href":"https:\/\/agora.xtec.cat\/iesducdemontblanc\/wp-json\/wp\/v2\/comments?post=4150"}],"version-history":[{"count":3,"href":"https:\/\/agora.xtec.cat\/iesducdemontblanc\/wp-json\/wp\/v2\/posts\/4150\/revisions"}],"predecessor-version":[{"id":6085,"href":"https:\/\/agora.xtec.cat\/iesducdemontblanc\/wp-json\/wp\/v2\/posts\/4150\/revisions\/6085"}],"wp:featuredmedia":[{"embeddable":true,"href":"https:\/\/agora.xtec.cat\/iesducdemontblanc\/wp-json\/wp\/v2\/media\/3902"}],"wp:attachment":[{"href":"https:\/\/agora.xtec.cat\/iesducdemontblanc\/wp-json\/wp\/v2\/media?parent=4150"}],"wp:term":[{"taxonomy":"category","embeddable":true,"href":"https:\/\/agora.xtec.cat\/iesducdemontblanc\/wp-json\/wp\/v2\/categories?post=4150"},{"taxonomy":"post_tag","embeddable":true,"href":"https:\/\/agora.xtec.cat\/iesducdemontblanc\/wp-json\/wp\/v2\/tags?post=4150"}],"curies":[{"name":"wp","href":"https:\/\/api.w.org\/{rel}","templated":true}]}}