{"id":3681,"date":"2020-11-17T12:04:19","date_gmt":"2020-11-17T11:04:19","guid":{"rendered":"http:\/\/agora.xtec.cat\/iesducdemontblanc\/?p=3681"},"modified":"2020-11-17T12:04:19","modified_gmt":"2020-11-17T11:04:19","slug":"xii-setmana-europea-de-la-prevencio-de-residus-2020","status":"publish","type":"post","link":"https:\/\/agora.xtec.cat\/iesducdemontblanc\/noticies\/xii-setmana-europea-de-la-prevencio-de-residus-2020\/","title":{"rendered":"XII Setmana Europea de la Prevenci\u00f3 de Residus 2020"},"content":{"rendered":"<p><b><a href=\"https:\/\/agora.xtec.cat\/iesducdemontblanc\/wp-content\/uploads\/usu873\/2020\/11\/EWWR_2020_Poster_personalitzable.jpg\"><img loading=\"lazy\" decoding=\"async\" class=\"aligncenter size-large wp-image-3682\" src=\"https:\/\/agora.xtec.cat\/iesducdemontblanc\/wp-content\/uploads\/usu873\/2020\/11\/EWWR_2020_Poster_personalitzable-768x1024.jpg\" alt=\"\" width=\"768\" height=\"1024\" srcset=\"https:\/\/agora.xtec.cat\/iesducdemontblanc\/wp-content\/uploads\/usu873\/2020\/11\/EWWR_2020_Poster_personalitzable-768x1024.jpg 768w, https:\/\/agora.xtec.cat\/iesducdemontblanc\/wp-content\/uploads\/usu873\/2020\/11\/EWWR_2020_Poster_personalitzable-225x300.jpg 225w, https:\/\/agora.xtec.cat\/iesducdemontblanc\/wp-content\/uploads\/usu873\/2020\/11\/EWWR_2020_Poster_personalitzable.jpg 1008w\" sizes=\"auto, (max-width: 768px) 100vw, 768px\" \/><\/a><\/b><span style=\"font-weight: 400;\">La setmana que ve ser\u00e0 la <\/span><b>XII Setmana Europea de la Prevenci\u00f3 de Residus 2020<\/b><span style=\"font-weight: 400;\"> (21 al 29 de novembre)<\/span><\/p>\n<p><span style=\"font-weight: 400;\">La tem\u00e0tica d\u2019enguany s\u00f3n els <\/span><b>RESIDUS INVISIBLES<\/b><span style=\"font-weight: 400;\"> i a L\u2019INSTITUT DUC DE MONTBLANC estem fent activitats per desemmascarar-los i prendre\u2019n consci\u00e8ncia. Aquests fan refer\u00e8ncia a la gran quantitat de residus que es generen al llarg de la vida \u00fatil dels productes (des de la seva concepci\u00f3, obtenci\u00f3 de materials, transport, \u00fas i fi de vida).\u00a0<\/span><\/p>\n<p><span style=\"font-weight: 400;\">D\u2019entre totes les activitats que estem fent i que farem a l\u2019Optativa d\u2019Ecoherois i Ecohero\u00efnes us podem avan\u00e7ar una de ben especial: ens visitar\u00e0 la Montse Rouse, membre de la plataforma Rub\u00ed sense Abocadors per parlar d\u2019un problema ben conegut a la nostra ciutat: la posada en marxa de l\u2019abocador de Can Balasch, el tercer abocador de Rub\u00ed!\u00a0<\/span><\/p>\n<p><span style=\"font-weight: 400;\">Us prometem fotos!<\/span><\/p>\n<p><span style=\"font-weight: 400;\">Ah!, i si com a rubinencs i rubinenques voleu participar en les activitats que organitza l\u2019Ajuntament de Rub\u00ed dins del marc de la Setmana Europea de la Prevenci\u00f3 de Residus 2020, aqu\u00ed us adjuntem l\u2019enlla\u00e7:<\/span><\/p>\n<p><a href=\"https:\/\/www.rubi.cat\/ca\/temes\/medi-ambient\/residus\/activitats-i-campanyes\/setmana-europea-per-a-la-prevencio-de-residus-1\/setmana-europea-per-a-la-prevencio-de-residus\"><span style=\"font-weight: 400;\">https:\/\/www.rubi.cat\/ca\/temes\/medi-ambient\/residus\/activitats-i-campanyes\/setmana-europea-per-a-la-prevencio-de-residus-1\/setmana-europea-per-a-la-prevencio-de-residus<\/span><\/a><\/p>\n<p><span style=\"font-weight: 400;\">Animeu-vos!<\/span><\/p>\n","protected":false},"excerpt":{"rendered":"<p>La setmana que ve ser\u00e0 la XII Setmana Europea de la Prevenci\u00f3 de Residus 2020 (21 al 29 de novembre) [&hellip;]<\/p>\n","protected":false},"author":7,"featured_media":3682,"comment_status":"closed","ping_status":"closed","sticky":false,"template":"","format":"standard","meta":{"_bbp_topic_count":0,"_bbp_reply_count":0,"_bbp_total_topic_count":0,"_bbp_total_reply_count":0,"_bbp_voice_count":0,"_bbp_anonymous_reply_count":0,"_bbp_topic_count_hidden":0,"_bbp_reply_count_hidden":0,"_bbp_forum_subforum_count":0,"site-sidebar-layout":"default","site-content-layout":"","ast-site-content-layout":"","site-content-style":"default","site-sidebar-style":"default","ast-global-header-display":"","ast-banner-title-visibility":"","ast-main-header-display":"","ast-hfb-above-header-display":"","ast-hfb-below-header-display":"","ast-hfb-mobile-header-display":"","site-post-title":"","ast-breadcrumbs-content":"","ast-featured-img":"","footer-sml-layout":"","theme-transparent-header-meta":"","adv-header-id-meta":"","stick-header-meta":"","header-above-stick-meta":"","header-main-stick-meta":"","header-below-stick-meta":"","astra-migrate-meta-layouts":"default","ast-page-background-enabled":"default","ast-page-background-meta":{"desktop":{"background-color":"var(--ast-global-color-4)","background-image":"","background-repeat":"repeat","background-position":"center center","background-size":"auto","background-attachment":"scroll","background-type":"","background-media":"","overlay-type":"","overlay-color":"","overlay-opacity":"","overlay-gradient":""},"tablet":{"background-color":"","background-image":"","background-repeat":"repeat","background-position":"center center","background-size":"auto","background-attachment":"scroll","background-type":"","background-media":"","overlay-type":"","overlay-color":"","overlay-opacity":"","overlay-gradient":""},"mobile":{"background-color":"","background-image":"","background-repeat":"repeat","background-position":"center center","background-size":"auto","background-attachment":"scroll","background-type":"","background-media":"","overlay-type":"","overlay-color":"","overlay-opacity":"","overlay-gradient":""}},"ast-content-background-meta":{"desktop":{"background-color":"var(--ast-global-color-5)","background-image":"","background-repeat":"repeat","background-position":"center center","background-size":"auto","background-attachment":"scroll","background-type":"","background-media":"","overlay-type":"","overlay-color":"","overlay-opacity":"","overlay-gradient":""},"tablet":{"background-color":"var(--ast-global-color-5)","background-image":"","background-repeat":"repeat","background-position":"center center","background-size":"auto","background-attachment":"scroll","background-type":"","background-media":"","overlay-type":"","overlay-color":"","overlay-opacity":"","overlay-gradient":""},"mobile":{"background-color":"var(--ast-global-color-5)","background-image":"","background-repeat":"repeat","background-position":"center center","background-size":"auto","background-attachment":"scroll","background-type":"","background-media":"","overlay-type":"","overlay-color":"","overlay-opacity":"","overlay-gradient":""}},"footnotes":""},"categories":[31,5,1,132,29],"tags":[],"class_list":["post-3681","post","type-post","status-publish","format-standard","has-post-thumbnail","hentry","category-afa","category-eso-2","category-noticies","category-orientacio","category-portada"],"post_mailing_queue_ids":[],"_links":{"self":[{"href":"https:\/\/agora.xtec.cat\/iesducdemontblanc\/wp-json\/wp\/v2\/posts\/3681","targetHints":{"allow":["GET"]}}],"collection":[{"href":"https:\/\/agora.xtec.cat\/iesducdemontblanc\/wp-json\/wp\/v2\/posts"}],"about":[{"href":"https:\/\/agora.xtec.cat\/iesducdemontblanc\/wp-json\/wp\/v2\/types\/post"}],"author":[{"embeddable":true,"href":"https:\/\/agora.xtec.cat\/iesducdemontblanc\/wp-json\/wp\/v2\/users\/7"}],"replies":[{"embeddable":true,"href":"https:\/\/agora.xtec.cat\/iesducdemontblanc\/wp-json\/wp\/v2\/comments?post=3681"}],"version-history":[{"count":1,"href":"https:\/\/agora.xtec.cat\/iesducdemontblanc\/wp-json\/wp\/v2\/posts\/3681\/revisions"}],"predecessor-version":[{"id":3687,"href":"https:\/\/agora.xtec.cat\/iesducdemontblanc\/wp-json\/wp\/v2\/posts\/3681\/revisions\/3687"}],"wp:featuredmedia":[{"embeddable":true,"href":"https:\/\/agora.xtec.cat\/iesducdemontblanc\/wp-json\/wp\/v2\/media\/3682"}],"wp:attachment":[{"href":"https:\/\/agora.xtec.cat\/iesducdemontblanc\/wp-json\/wp\/v2\/media?parent=3681"}],"wp:term":[{"taxonomy":"category","embeddable":true,"href":"https:\/\/agora.xtec.cat\/iesducdemontblanc\/wp-json\/wp\/v2\/categories?post=3681"},{"taxonomy":"post_tag","embeddable":true,"href":"https:\/\/agora.xtec.cat\/iesducdemontblanc\/wp-json\/wp\/v2\/tags?post=3681"}],"curies":[{"name":"wp","href":"https:\/\/api.w.org\/{rel}","templated":true}]}}