{"id":2937,"date":"2022-03-04T12:00:42","date_gmt":"2022-03-04T11:00:42","guid":{"rendered":"http:\/\/agora.xtec.cat\/iesducdemontblanc\/?p=2937"},"modified":"2022-03-23T08:30:23","modified_gmt":"2022-03-23T07:30:23","slug":"preinscripcio-telematica","status":"publish","type":"post","link":"https:\/\/agora.xtec.cat\/iesducdemontblanc\/eso\/preinscripcio-telematica\/","title":{"rendered":"Preinscripci\u00f3 telem\u00e0tica per a alumnes nous d&#8217;ESO &#8211; Mar\u00e7 2022"},"content":{"rendered":"<p>Com en anys anteriors, la preinscripci\u00f3 als estudis d&#8217;ESO per a l&#8217;alumnat que es vol incorporar a l&#8217;institut es fa de forma telem\u00e0tica. Es pot fer fent servir qualsevol dispositiu amb acc\u00e9s a Internet (m\u00f2bil, tauleta, ordinador&#8230;)<\/p>\n<p>Us facilitem informaci\u00f3 i enlla\u00e7os que us seran \u00fatils per fer-la:<\/p>\n<table style=\"width: 598px;\">\n<tbody>\n<tr>\n<td style=\"width: 318px;\">Centres adscrits<\/td>\n<td style=\"width: 272px;\"><a href=\"https:\/\/agora.xtec.cat\/iesducdemontblanc\/wp-content\/uploads\/usu873\/2021\/03\/centres-adscrits.png\"><img loading=\"lazy\" decoding=\"async\" class=\"alignnone size-full wp-image-4228\" src=\"https:\/\/agora.xtec.cat\/iesducdemontblanc\/wp-content\/uploads\/usu873\/2021\/03\/centres-adscrits.png\" alt=\"\" width=\"634\" height=\"257\" srcset=\"https:\/\/agora.xtec.cat\/iesducdemontblanc\/wp-content\/uploads\/usu873\/2021\/03\/centres-adscrits.png 634w, https:\/\/agora.xtec.cat\/iesducdemontblanc\/wp-content\/uploads\/usu873\/2021\/03\/centres-adscrits-300x122.png 300w\" sizes=\"auto, (max-width: 634px) 100vw, 634px\" \/><\/a><\/td>\n<\/tr>\n<tr>\n<td style=\"width: 318px;\">Oferta inicial de places<\/td>\n<td style=\"width: 272px;\"><a href=\"https:\/\/agora.xtec.cat\/iesducdemontblanc\/wp-content\/uploads\/usu873\/2022\/03\/oferta-inicial-eso-2223.png\"><img loading=\"lazy\" decoding=\"async\" class=\"alignnone wp-image-6077 size-medium\" src=\"https:\/\/agora.xtec.cat\/iesducdemontblanc\/wp-content\/uploads\/usu873\/2022\/03\/oferta-inicial-eso-2223-300x70.png\" alt=\"\" width=\"300\" height=\"70\" srcset=\"https:\/\/agora.xtec.cat\/iesducdemontblanc\/wp-content\/uploads\/usu873\/2022\/03\/oferta-inicial-eso-2223-300x70.png 300w, https:\/\/agora.xtec.cat\/iesducdemontblanc\/wp-content\/uploads\/usu873\/2022\/03\/oferta-inicial-eso-2223.png 537w\" sizes=\"auto, (max-width: 300px) 100vw, 300px\" \/><\/a><\/td>\n<\/tr>\n<tr>\n<td style=\"width: 318px;\">Enlla\u00e7 a la web on es pot sol\u00b7licitar l&#8217;alta de l&#8217;<strong>IdCat M\u00f3bil<\/strong>, un sistema d&#8217;identitat digital molt f\u00e0cil de fer servir que us ser\u00e0 \u00fatil per a la preinscripci\u00f3 i tamb\u00e9 per a gestions amb altres administracions a Catalunya.<\/td>\n<td style=\"width: 272px;\"><a href=\"https:\/\/idcatmobil.seu.cat\/\"><img loading=\"lazy\" decoding=\"async\" class=\"size-large aligncenter\" src=\"https:\/\/idcatmobil.seu.cat\/resources\/img\/logo_idCAT_gran.png\" width=\"126\" height=\"130\" \/><\/a><\/td>\n<\/tr>\n<tr>\n<td style=\"width: 318px;\">Enlla\u00e7 a la p\u00e0gina que explica quina <strong>documentaci\u00f3<\/strong> cal preparar en format digital abans de la preinscripci\u00f3. Cal tenir-la preparada en format digital al dispositiu que s\u2019utilitzi per fer la preinscripci\u00f3.<\/td>\n<td style=\"width: 272px;\">\n<div class=\"mceTemp\"><\/div>\n<p><figure style=\"width: 392px\" class=\"wp-caption alignnone\"><a href=\"https:\/\/preinscripcio.gencat.cat\/ca\/estudis\/eso\/informat\/prepara-documentacio\/\"><img loading=\"lazy\" decoding=\"async\" src=\"https:\/\/preinscripcio.gencat.cat\/web\/.content\/estudis\/eso\/informat\/prepara-documentacio\/documentacio.jpg_662787736.jpg\" alt=\"\" width=\"392\" height=\"261\" \/><\/a><figcaption class=\"wp-caption-text\">Prepara la documentaci\u00f3<\/figcaption><\/figure><\/td>\n<\/tr>\n<tr>\n<td style=\"width: 318px;\">Enlla\u00e7 a la p\u00e0gina de l&#8217;Ajuntament de Rub\u00ed on podeu trobar <strong>quina zona us correspon<\/strong> segons el domicili.<\/td>\n<td style=\"width: 272px; text-align: center;\"><a href=\"https:\/\/www.rubi.cat\/fitxers\/documents-ok\/area-de-cohesio-social-i-serveis-a-les-persones\/educacio\/curs-2022-2023\/ajrubi_planols_2022-23-a3.pdf\"><img loading=\"lazy\" decoding=\"async\" class=\"alignnone wp-image-4226 size-full\" src=\"https:\/\/agora.xtec.cat\/iesducdemontblanc\/wp-content\/uploads\/usu873\/2021\/03\/mapaescolar.png\" alt=\"\" width=\"158\" height=\"116\" \/><\/a><\/td>\n<\/tr>\n<tr>\n<td style=\"width: 318px;\">Enlla\u00e7 a la<strong> web<\/strong> de la Generalitat per a la <strong>Preinscripci\u00f3 a l&#8217;ESO<\/strong>.<\/td>\n<td style=\"width: 272px;\">\n<p><figure id=\"attachment_4198\" aria-describedby=\"caption-attachment-4198\" style=\"width: 252px\" class=\"wp-caption alignnone\"><a href=\"https:\/\/preinscripcio.gencat.cat\/ca\/estudis\/eso\/inici\/\"><img loading=\"lazy\" decoding=\"async\" class=\"wp-image-4198 size-full\" src=\"https:\/\/agora.xtec.cat\/iesducdemontblanc\/wp-content\/uploads\/usu873\/2020\/05\/Captura-de-2021-03-09-11-14-41.png\" alt=\"Acc\u00e9s al web de la preinscripci\u00f3\" width=\"252\" height=\"253\" srcset=\"https:\/\/agora.xtec.cat\/iesducdemontblanc\/wp-content\/uploads\/usu873\/2020\/05\/Captura-de-2021-03-09-11-14-41.png 252w, https:\/\/agora.xtec.cat\/iesducdemontblanc\/wp-content\/uploads\/usu873\/2020\/05\/Captura-de-2021-03-09-11-14-41-150x150.png 150w\" sizes=\"auto, (max-width: 252px) 100vw, 252px\" \/><\/a><figcaption id=\"caption-attachment-4198\" class=\"wp-caption-text\"><strong>Del 9 al 21 de mar\u00e7<\/strong><\/figcaption><\/figure><\/td>\n<\/tr>\n<tr>\n<td style=\"width: 318px;\">En cas de dubtes o dificultats<\/td>\n<td style=\"width: 272px;\">Poseu-vos en contacte amb la Secretaria de l&#8217;Institut (tel. 936997961 de 9 a 14h)<\/td>\n<\/tr>\n<tr>\n<td style=\"width: 318px;\">Si<strong> no disposeu de mitjans t\u00e8cnics<\/strong> (m\u00f2bil, ordinador, tauleta&#8230;) per fer la preinscripci\u00f3<\/td>\n<td style=\"width: 272px;\">\n<ol>\n<li>L&#8217;OME ofereix acompanyament en diverses sessions en grup a l\u2019edifici del Rub\u00ed Forma, en horari de tarda. Cal demanar-ho enviant un correu a ome@ajrubi.cat o trucant al 935 887 000 (ext 6369 o 6368 o 6367).<\/li>\n<li>Us podeu posar en contacte amb la Secretaria de l&#8217;Institut (tel 93 699 79 61) on us donaran cita per ajudar-vos a fer la preinscripci\u00f3<strong> durant els dies del per\u00edode de preinscripci\u00f3<\/strong>.<\/li>\n<\/ol>\n<\/td>\n<\/tr>\n<\/tbody>\n<\/table>\n<p>&nbsp;<\/p>\n<p>&nbsp;<\/p>\n<p>&nbsp;<\/p>\n<p>&nbsp;<\/p>\n","protected":false},"excerpt":{"rendered":"<p>Com en anys anteriors, la preinscripci\u00f3 als estudis d&#8217;ESO per a l&#8217;alumnat que es vol incorporar a l&#8217;institut es fa [&hellip;]<\/p>\n","protected":false},"author":5,"featured_media":4198,"comment_status":"closed","ping_status":"closed","sticky":false,"template":"","format":"standard","meta":{"_bbp_topic_count":0,"_bbp_reply_count":0,"_bbp_total_topic_count":0,"_bbp_total_reply_count":0,"_bbp_voice_count":0,"_bbp_anonymous_reply_count":0,"_bbp_topic_count_hidden":0,"_bbp_reply_count_hidden":0,"_bbp_forum_subforum_count":0,"site-sidebar-layout":"default","site-content-layout":"","ast-site-content-layout":"","site-content-style":"default","site-sidebar-style":"default","ast-global-header-display":"","ast-banner-title-visibility":"","ast-main-header-display":"","ast-hfb-above-header-display":"","ast-hfb-below-header-display":"","ast-hfb-mobile-header-display":"","site-post-title":"","ast-breadcrumbs-content":"","ast-featured-img":"","footer-sml-layout":"","theme-transparent-header-meta":"","adv-header-id-meta":"","stick-header-meta":"","header-above-stick-meta":"","header-main-stick-meta":"","header-below-stick-meta":"","astra-migrate-meta-layouts":"default","ast-page-background-enabled":"default","ast-page-background-meta":{"desktop":{"background-color":"var(--ast-global-color-4)","background-image":"","background-repeat":"repeat","background-position":"center center","background-size":"auto","background-attachment":"scroll","background-type":"","background-media":"","overlay-type":"","overlay-color":"","overlay-opacity":"","overlay-gradient":""},"tablet":{"background-color":"","background-image":"","background-repeat":"repeat","background-position":"center center","background-size":"auto","background-attachment":"scroll","background-type":"","background-media":"","overlay-type":"","overlay-color":"","overlay-opacity":"","overlay-gradient":""},"mobile":{"background-color":"","background-image":"","background-repeat":"repeat","background-position":"center center","background-size":"auto","background-attachment":"scroll","background-type":"","background-media":"","overlay-type":"","overlay-color":"","overlay-opacity":"","overlay-gradient":""}},"ast-content-background-meta":{"desktop":{"background-color":"var(--ast-global-color-5)","background-image":"","background-repeat":"repeat","background-position":"center center","background-size":"auto","background-attachment":"scroll","background-type":"","background-media":"","overlay-type":"","overlay-color":"","overlay-opacity":"","overlay-gradient":""},"tablet":{"background-color":"var(--ast-global-color-5)","background-image":"","background-repeat":"repeat","background-position":"center center","background-size":"auto","background-attachment":"scroll","background-type":"","background-media":"","overlay-type":"","overlay-color":"","overlay-opacity":"","overlay-gradient":""},"mobile":{"background-color":"var(--ast-global-color-5)","background-image":"","background-repeat":"repeat","background-position":"center center","background-size":"auto","background-attachment":"scroll","background-type":"","background-media":"","overlay-type":"","overlay-color":"","overlay-opacity":"","overlay-gradient":""}},"footnotes":""},"categories":[3,29],"tags":[],"class_list":["post-2937","post","type-post","status-publish","format-standard","has-post-thumbnail","hentry","category-eso","category-portada"],"post_mailing_queue_ids":[],"_links":{"self":[{"href":"https:\/\/agora.xtec.cat\/iesducdemontblanc\/wp-json\/wp\/v2\/posts\/2937","targetHints":{"allow":["GET"]}}],"collection":[{"href":"https:\/\/agora.xtec.cat\/iesducdemontblanc\/wp-json\/wp\/v2\/posts"}],"about":[{"href":"https:\/\/agora.xtec.cat\/iesducdemontblanc\/wp-json\/wp\/v2\/types\/post"}],"author":[{"embeddable":true,"href":"https:\/\/agora.xtec.cat\/iesducdemontblanc\/wp-json\/wp\/v2\/users\/5"}],"replies":[{"embeddable":true,"href":"https:\/\/agora.xtec.cat\/iesducdemontblanc\/wp-json\/wp\/v2\/comments?post=2937"}],"version-history":[{"count":3,"href":"https:\/\/agora.xtec.cat\/iesducdemontblanc\/wp-json\/wp\/v2\/posts\/2937\/revisions"}],"predecessor-version":[{"id":2944,"href":"https:\/\/agora.xtec.cat\/iesducdemontblanc\/wp-json\/wp\/v2\/posts\/2937\/revisions\/2944"}],"wp:featuredmedia":[{"embeddable":true,"href":"https:\/\/agora.xtec.cat\/iesducdemontblanc\/wp-json\/wp\/v2\/media\/4198"}],"wp:attachment":[{"href":"https:\/\/agora.xtec.cat\/iesducdemontblanc\/wp-json\/wp\/v2\/media?parent=2937"}],"wp:term":[{"taxonomy":"category","embeddable":true,"href":"https:\/\/agora.xtec.cat\/iesducdemontblanc\/wp-json\/wp\/v2\/categories?post=2937"},{"taxonomy":"post_tag","embeddable":true,"href":"https:\/\/agora.xtec.cat\/iesducdemontblanc\/wp-json\/wp\/v2\/tags?post=2937"}],"curies":[{"name":"wp","href":"https:\/\/api.w.org\/{rel}","templated":true}]}}