{"id":2487,"date":"2019-11-10T13:15:51","date_gmt":"2019-11-10T12:15:51","guid":{"rendered":"http:\/\/agora.xtec.cat\/iesducdemontblanc\/?p=2487"},"modified":"2019-11-10T13:31:55","modified_gmt":"2019-11-10T12:31:55","slug":"fotofilosofia-2019","status":"publish","type":"post","link":"https:\/\/agora.xtec.cat\/iesducdemontblanc\/noticies\/fotofilosofia-2019\/","title":{"rendered":"Fotofilosofia 2019"},"content":{"rendered":"<p>Per tal de celebrar la Jornada Mundial de la Filosofia de 2019 (UNESCO, novembre) s&#8217;ha convocat la Mostra de <a href=\"http:\/\/filoducdemontblanc.blogspot.com\/\">Fotofilosofia<\/a>. L\u2019objectiu \u00e9s enriquir el pensament filos\u00f2fic a secund\u00e0ria tot aprofitant la creativitat de l\u2019alumnat. La Mostra pret\u00e9n aplegar \u201cespurnes de pensament\u201d fetes per alumnes de secund\u00e0ria expressades en una fotografia digital acompanyada d\u2019un t\u00edtol en forma de pregunta vinculada a la filosofia.<\/p>\n<div>\n<p><span style=\"font-family: Arial, sans-serif;\">D&#8217;entre totes les fotografies s&#8217;ha seleccionat el 10% sota els criteris de l&#8217;organitzaci\u00f3 i seran projectades juntament amb la resta de fotofilosofies dels 55 centres participants a l&#8217;Acte Final de la Mostra. Aquest event es realitzar\u00e0 el dimecres 20 de novembre a les 17h a la Sala Gran de la Facultat de Filosofia de La UB (Barcelona).<\/span><\/p>\n<p><span style=\"font-family: Arial, sans-serif;\">A l&#8217;acte assistiran els autors i autores de les <a href=\"https:\/\/agora.xtec.cat\/iesducdemontblanc\/docs\/fotofilosofia-2019\/\">fotografies seleccionades<\/a> per recollir els seus diplomes individuals, aix\u00ed com el de l&#8217;Institut com a centre participant.<\/span><\/p>\n<p><span style=\"font-family: Arial, sans-serif;\">Els autors i autores s\u00f3n:<\/span><\/p>\n<ul>\n<li><span style=\"font-family: Arial, sans-serif;\">De 4t d&#8217;ESO: J\u00falia Quintas Torra (4C).<\/span><\/li>\n<li><span style=\"font-family: Arial, sans-serif;\">De 1r de Batxillerat: Eric Mart\u00edn Llamas (1A), Paula Mart\u00ednez Jim\u00e9nez (1A), Paula Garc\u00eda Luque (1B), Adri\u00e1n Guerra Medina (1B) i Mariam Bouali (1C).<\/span><\/li>\n<li><span style=\"font-family: Arial, sans-serif;\">De 2n de Batxillerat: Nerea Domenech Ben\u00edtez (2C), Marina Pastor Arnau (2C) i Paula S\u00e1nchez Ahufinger (2C)<\/span><\/li>\n<\/ul>\n<\/div>\n","protected":false},"excerpt":{"rendered":"<p>Per tal de celebrar la Jornada Mundial de la Filosofia de 2019 (UNESCO, novembre) s&#8217;ha convocat la Mostra de Fotofilosofia. [&hellip;]<\/p>\n","protected":false},"author":5,"featured_media":2488,"comment_status":"closed","ping_status":"closed","sticky":false,"template":"","format":"standard","meta":{"_bbp_topic_count":0,"_bbp_reply_count":0,"_bbp_total_topic_count":0,"_bbp_total_reply_count":0,"_bbp_voice_count":0,"_bbp_anonymous_reply_count":0,"_bbp_topic_count_hidden":0,"_bbp_reply_count_hidden":0,"_bbp_forum_subforum_count":0,"site-sidebar-layout":"default","site-content-layout":"","ast-site-content-layout":"","site-content-style":"default","site-sidebar-style":"default","ast-global-header-display":"","ast-banner-title-visibility":"","ast-main-header-display":"","ast-hfb-above-header-display":"","ast-hfb-below-header-display":"","ast-hfb-mobile-header-display":"","site-post-title":"","ast-breadcrumbs-content":"","ast-featured-img":"","footer-sml-layout":"","theme-transparent-header-meta":"","adv-header-id-meta":"","stick-header-meta":"","header-above-stick-meta":"","header-main-stick-meta":"","header-below-stick-meta":"","astra-migrate-meta-layouts":"default","ast-page-background-enabled":"default","ast-page-background-meta":{"desktop":{"background-color":"var(--ast-global-color-4)","background-image":"","background-repeat":"repeat","background-position":"center center","background-size":"auto","background-attachment":"scroll","background-type":"","background-media":"","overlay-type":"","overlay-color":"","overlay-opacity":"","overlay-gradient":""},"tablet":{"background-color":"","background-image":"","background-repeat":"repeat","background-position":"center center","background-size":"auto","background-attachment":"scroll","background-type":"","background-media":"","overlay-type":"","overlay-color":"","overlay-opacity":"","overlay-gradient":""},"mobile":{"background-color":"","background-image":"","background-repeat":"repeat","background-position":"center center","background-size":"auto","background-attachment":"scroll","background-type":"","background-media":"","overlay-type":"","overlay-color":"","overlay-opacity":"","overlay-gradient":""}},"ast-content-background-meta":{"desktop":{"background-color":"var(--ast-global-color-5)","background-image":"","background-repeat":"repeat","background-position":"center center","background-size":"auto","background-attachment":"scroll","background-type":"","background-media":"","overlay-type":"","overlay-color":"","overlay-opacity":"","overlay-gradient":""},"tablet":{"background-color":"var(--ast-global-color-5)","background-image":"","background-repeat":"repeat","background-position":"center center","background-size":"auto","background-attachment":"scroll","background-type":"","background-media":"","overlay-type":"","overlay-color":"","overlay-opacity":"","overlay-gradient":""},"mobile":{"background-color":"var(--ast-global-color-5)","background-image":"","background-repeat":"repeat","background-position":"center center","background-size":"auto","background-attachment":"scroll","background-type":"","background-media":"","overlay-type":"","overlay-color":"","overlay-opacity":"","overlay-gradient":""}},"footnotes":""},"categories":[8,7,1,29],"tags":[],"class_list":["post-2487","post","type-post","status-publish","format-standard","has-post-thumbnail","hentry","category-batxillerat","category-eso-4","category-noticies","category-portada"],"post_mailing_queue_ids":[],"_links":{"self":[{"href":"https:\/\/agora.xtec.cat\/iesducdemontblanc\/wp-json\/wp\/v2\/posts\/2487","targetHints":{"allow":["GET"]}}],"collection":[{"href":"https:\/\/agora.xtec.cat\/iesducdemontblanc\/wp-json\/wp\/v2\/posts"}],"about":[{"href":"https:\/\/agora.xtec.cat\/iesducdemontblanc\/wp-json\/wp\/v2\/types\/post"}],"author":[{"embeddable":true,"href":"https:\/\/agora.xtec.cat\/iesducdemontblanc\/wp-json\/wp\/v2\/users\/5"}],"replies":[{"embeddable":true,"href":"https:\/\/agora.xtec.cat\/iesducdemontblanc\/wp-json\/wp\/v2\/comments?post=2487"}],"version-history":[{"count":3,"href":"https:\/\/agora.xtec.cat\/iesducdemontblanc\/wp-json\/wp\/v2\/posts\/2487\/revisions"}],"predecessor-version":[{"id":2499,"href":"https:\/\/agora.xtec.cat\/iesducdemontblanc\/wp-json\/wp\/v2\/posts\/2487\/revisions\/2499"}],"wp:featuredmedia":[{"embeddable":true,"href":"https:\/\/agora.xtec.cat\/iesducdemontblanc\/wp-json\/wp\/v2\/media\/2488"}],"wp:attachment":[{"href":"https:\/\/agora.xtec.cat\/iesducdemontblanc\/wp-json\/wp\/v2\/media?parent=2487"}],"wp:term":[{"taxonomy":"category","embeddable":true,"href":"https:\/\/agora.xtec.cat\/iesducdemontblanc\/wp-json\/wp\/v2\/categories?post=2487"},{"taxonomy":"post_tag","embeddable":true,"href":"https:\/\/agora.xtec.cat\/iesducdemontblanc\/wp-json\/wp\/v2\/tags?post=2487"}],"curies":[{"name":"wp","href":"https:\/\/api.w.org\/{rel}","templated":true}]}}