{"id":2351,"date":"2019-06-23T11:20:00","date_gmt":"2019-06-23T09:20:00","guid":{"rendered":"http:\/\/agora.xtec.cat\/iesducdemontblanc\/?p=2351"},"modified":"2019-06-23T11:32:21","modified_gmt":"2019-06-23T09:32:21","slug":"campus-itaca-2018-2019","status":"publish","type":"post","link":"https:\/\/agora.xtec.cat\/iesducdemontblanc\/eso\/eso-3\/campus-itaca-2018-2019\/","title":{"rendered":"Campus \u00cdtaca 2018-2019"},"content":{"rendered":"<p>Del 4 al 12 de juliol tindr\u00e0 lloc el Campus \u00cdtaca, activitat que organitza la UAB amb Fundaci\u00f3 Aut\u00f2noma Solid\u00e0ria. Adjuntem informaci\u00f3 rellevant per al desenvolupament del campus:<\/p>\n<ol>\n<li>Punt de trobada amb l\u2019autocar<\/li>\n<\/ol>\n<p>A l\u2019autocar hi haur\u00e0 un\/a monitor\/a acompanyant que recollir\u00e0\u00a0 l\u2019alumnat en el punt de trobada, l&#8217;acompanyar\u00e0 fins la UAB i a la tarda el retornar\u00e0 als seus municipis. .<\/p>\n<ol start=\"2\">\n<li>L\u2019Acte de Benvinguda<\/li>\n<\/ol>\n<p>El primer dia, de 9 a 9.30h es dur\u00e0 a terme un acte de benvinguda.<\/p>\n<p>L\u2019acte es dur\u00e0 a terme a la Sala d\u2019Actes de la Facultat de Ci\u00e8ncies Pol\u00edtiques i Sociologia.<\/p>\n<ol start=\"3\">\n<li>Acte de Cloenda<\/li>\n<\/ol>\n<p>L\u2019\u00faltim dia, 14 de juliol, de 18 a 19.30h, es dur\u00e0 a terme l\u2019acte de Cloenda del campus, on l&#8217;alumnat\u00a0 presentar\u00e0 la feina feta durant la seva estada a la UAB i on hi assistiran\u00a0 familiars, representants dels instituts i ajuntaments i representaci\u00f3 institucional de la UAB.<\/p>\n<p>Aquest any es faran dues cloendes simult\u00e0nies a causa del volum de participants.<\/p>\n<ol start=\"4\">\n<li>\u00a0M\u00e9s informaci\u00f3 d\u2019inter\u00e8s:<\/li>\n<\/ol>\n<p>&#8211;\u00a0\u00a0\u00a0\u00a0\u00a0\u00a0\u00a0\u00a0\u00a0\u00a0Els noies i noies han de portar esmorzar i aigua cada dia<\/p>\n<p>&#8211;\u00a0\u00a0\u00a0\u00a0\u00a0\u00a0\u00a0\u00a0\u00a0\u00a0\u00c9s recomanable portar gorra i protecci\u00f3 solar<\/p>\n<p>&#8211;\u00a0\u00a0\u00a0\u00a0\u00a0\u00a0\u00a0\u00a0\u00a0\u00a0Hi ha un dia que tenen piscina, per tant,\u00a0 haurien de portar tovallola, xancletes i banyador<\/p>\n<p>&#8211;\u00a0\u00a0\u00a0\u00a0\u00a0\u00a0\u00a0\u00a0\u00a0\u00a0El primer dia es lliurar\u00e0 la samarreta del Campus, cal que la portin el 2n i l\u2019\u00faltim dia.<\/p>\n<p>&#8211;\u00a0\u00a0\u00a0\u00a0\u00a0\u00a0\u00a0\u00a0\u00a0\u00a0Recomanem que els joves portin roba i cal\u00e7at c\u00f2mode, ja que cada dia es duran a terme activitats l\u00fadiques i esportives.<\/p>\n<p>&nbsp;<\/p>\n","protected":false},"excerpt":{"rendered":"<p>Del 4 al 12 de juliol tindr\u00e0 lloc el Campus \u00cdtaca, activitat que organitza la UAB amb Fundaci\u00f3 Aut\u00f2noma Solid\u00e0ria. [&hellip;]<\/p>\n","protected":false},"author":5,"featured_media":2353,"comment_status":"closed","ping_status":"closed","sticky":false,"template":"","format":"standard","meta":{"_bbp_topic_count":0,"_bbp_reply_count":0,"_bbp_total_topic_count":0,"_bbp_total_reply_count":0,"_bbp_voice_count":0,"_bbp_anonymous_reply_count":0,"_bbp_topic_count_hidden":0,"_bbp_reply_count_hidden":0,"_bbp_forum_subforum_count":0,"site-sidebar-layout":"default","site-content-layout":"","ast-site-content-layout":"","site-content-style":"default","site-sidebar-style":"default","ast-global-header-display":"","ast-banner-title-visibility":"","ast-main-header-display":"","ast-hfb-above-header-display":"","ast-hfb-below-header-display":"","ast-hfb-mobile-header-display":"","site-post-title":"","ast-breadcrumbs-content":"","ast-featured-img":"","footer-sml-layout":"","theme-transparent-header-meta":"","adv-header-id-meta":"","stick-header-meta":"","header-above-stick-meta":"","header-main-stick-meta":"","header-below-stick-meta":"","astra-migrate-meta-layouts":"default","ast-page-background-enabled":"default","ast-page-background-meta":{"desktop":{"background-color":"var(--ast-global-color-4)","background-image":"","background-repeat":"repeat","background-position":"center center","background-size":"auto","background-attachment":"scroll","background-type":"","background-media":"","overlay-type":"","overlay-color":"","overlay-opacity":"","overlay-gradient":""},"tablet":{"background-color":"","background-image":"","background-repeat":"repeat","background-position":"center center","background-size":"auto","background-attachment":"scroll","background-type":"","background-media":"","overlay-type":"","overlay-color":"","overlay-opacity":"","overlay-gradient":""},"mobile":{"background-color":"","background-image":"","background-repeat":"repeat","background-position":"center center","background-size":"auto","background-attachment":"scroll","background-type":"","background-media":"","overlay-type":"","overlay-color":"","overlay-opacity":"","overlay-gradient":""}},"ast-content-background-meta":{"desktop":{"background-color":"var(--ast-global-color-5)","background-image":"","background-repeat":"repeat","background-position":"center center","background-size":"auto","background-attachment":"scroll","background-type":"","background-media":"","overlay-type":"","overlay-color":"","overlay-opacity":"","overlay-gradient":""},"tablet":{"background-color":"var(--ast-global-color-5)","background-image":"","background-repeat":"repeat","background-position":"center center","background-size":"auto","background-attachment":"scroll","background-type":"","background-media":"","overlay-type":"","overlay-color":"","overlay-opacity":"","overlay-gradient":""},"mobile":{"background-color":"var(--ast-global-color-5)","background-image":"","background-repeat":"repeat","background-position":"center center","background-size":"auto","background-attachment":"scroll","background-type":"","background-media":"","overlay-type":"","overlay-color":"","overlay-opacity":"","overlay-gradient":""}},"footnotes":""},"categories":[6,29],"tags":[],"class_list":["post-2351","post","type-post","status-publish","format-standard","has-post-thumbnail","hentry","category-eso-3","category-portada"],"post_mailing_queue_ids":[],"_links":{"self":[{"href":"https:\/\/agora.xtec.cat\/iesducdemontblanc\/wp-json\/wp\/v2\/posts\/2351","targetHints":{"allow":["GET"]}}],"collection":[{"href":"https:\/\/agora.xtec.cat\/iesducdemontblanc\/wp-json\/wp\/v2\/posts"}],"about":[{"href":"https:\/\/agora.xtec.cat\/iesducdemontblanc\/wp-json\/wp\/v2\/types\/post"}],"author":[{"embeddable":true,"href":"https:\/\/agora.xtec.cat\/iesducdemontblanc\/wp-json\/wp\/v2\/users\/5"}],"replies":[{"embeddable":true,"href":"https:\/\/agora.xtec.cat\/iesducdemontblanc\/wp-json\/wp\/v2\/comments?post=2351"}],"version-history":[{"count":3,"href":"https:\/\/agora.xtec.cat\/iesducdemontblanc\/wp-json\/wp\/v2\/posts\/2351\/revisions"}],"predecessor-version":[{"id":2355,"href":"https:\/\/agora.xtec.cat\/iesducdemontblanc\/wp-json\/wp\/v2\/posts\/2351\/revisions\/2355"}],"wp:featuredmedia":[{"embeddable":true,"href":"https:\/\/agora.xtec.cat\/iesducdemontblanc\/wp-json\/wp\/v2\/media\/2353"}],"wp:attachment":[{"href":"https:\/\/agora.xtec.cat\/iesducdemontblanc\/wp-json\/wp\/v2\/media?parent=2351"}],"wp:term":[{"taxonomy":"category","embeddable":true,"href":"https:\/\/agora.xtec.cat\/iesducdemontblanc\/wp-json\/wp\/v2\/categories?post=2351"},{"taxonomy":"post_tag","embeddable":true,"href":"https:\/\/agora.xtec.cat\/iesducdemontblanc\/wp-json\/wp\/v2\/tags?post=2351"}],"curies":[{"name":"wp","href":"https:\/\/api.w.org\/{rel}","templated":true}]}}