{"id":2340,"date":"2019-06-23T11:04:03","date_gmt":"2019-06-23T09:04:03","guid":{"rendered":"http:\/\/agora.xtec.cat\/iesducdemontblanc\/?p=2340"},"modified":"2019-06-23T11:16:19","modified_gmt":"2019-06-23T09:16:19","slug":"servei-comunitari-2","status":"publish","type":"post","link":"https:\/\/agora.xtec.cat\/iesducdemontblanc\/eso\/servei-comunitari-2\/","title":{"rendered":"Servei Comunitari"},"content":{"rendered":"<div>Aquest curs, l&#8217;alumnat de 4t ha participat en el <a href=\"https:\/\/agora.xtec.cat\/iesducdemontblanc\/docs\/servei-comunitari\/\">Servei Comunitari,<\/a>\u00a0 que consisteix\u00a0 en una formaci\u00f3\u00a0 de 10 hores\u00a0 sobre problemes que pot tenir la nostra societat i diferents maneres d&#8217;ajudar a millorar-la. Aquesta formaci\u00f3 \u00e9s paral.lela a la participaci\u00f3 amb\u00a0 entitats que altru\u00edsticament ajuden\u00a0 diferents estrats de la nostra ciutat.<\/div>\n<div>L&#8217;alumnat s&#8217;ha dividit en 9 grups que ha participat en les activitats seg\u00fcents:<\/div>\n<div>projectes intergeneracionals amb la gent gran, com la col\u00b7laboraci\u00f3 amb la resid\u00e8ncia del Avets o la participaci\u00f3 en el projecte parelles TIC de la biblioteca on ajudaven persones grans a utilitzar eines TIC,<\/div>\n<div>projectes d&#8217;ajut a infants, com la participaci\u00f3 en tallers de matem\u00e0tiques de l&#8217;escola Ramon Llull o el programa de la bilioteca LECXIt en el qual el nostre alumnat ajudava a llegir nens i nenes m\u00e9s petits.<\/div>\n<div>Projectes d&#8217;ajut a gent necessitada,\u00a0com el Gran Recapte o l&#8217;associaci\u00f3 Frater Nadal que distribueix menjar a la gent necessitada de Rub\u00ed.<\/div>\n<div>Projectes lligats al medi ambient, com l&#8217;organitzaci\u00f3 de la caminada nocturna de Rub\u00ed o la pintada d&#8217;un mural del 50\u00e8 aniversari de l&#8217;arribada del primer home a la lluna, que s&#8217;ha pintat a les parets del centre.<\/div>\n<div>Projectes d&#8217;ajut a persones amb malalties, com l&#8217;associaci\u00f3 AVAN de malalts amb malalties neurodegeneratives.<\/div>\n<div>L&#8217;experi\u00e8ncia ha estat molt gratificant i l&#8217;alumnat ha experimentat la satisfacci\u00f3 d&#8217;ajudar els altres.<\/div>\n<div><\/div>\n","protected":false},"excerpt":{"rendered":"<p>Aquest curs, l&#8217;alumnat de 4t ha participat en el Servei Comunitari,\u00a0 que consisteix\u00a0 en una formaci\u00f3\u00a0 de 10 hores\u00a0 sobre [&hellip;]<\/p>\n","protected":false},"author":5,"featured_media":2344,"comment_status":"closed","ping_status":"closed","sticky":false,"template":"","format":"standard","meta":{"_bbp_topic_count":0,"_bbp_reply_count":0,"_bbp_total_topic_count":0,"_bbp_total_reply_count":0,"_bbp_voice_count":0,"_bbp_anonymous_reply_count":0,"_bbp_topic_count_hidden":0,"_bbp_reply_count_hidden":0,"_bbp_forum_subforum_count":0,"site-sidebar-layout":"default","site-content-layout":"","ast-site-content-layout":"","site-content-style":"default","site-sidebar-style":"default","ast-global-header-display":"","ast-banner-title-visibility":"","ast-main-header-display":"","ast-hfb-above-header-display":"","ast-hfb-below-header-display":"","ast-hfb-mobile-header-display":"","site-post-title":"","ast-breadcrumbs-content":"","ast-featured-img":"","footer-sml-layout":"","theme-transparent-header-meta":"","adv-header-id-meta":"","stick-header-meta":"","header-above-stick-meta":"","header-main-stick-meta":"","header-below-stick-meta":"","astra-migrate-meta-layouts":"default","ast-page-background-enabled":"default","ast-page-background-meta":{"desktop":{"background-color":"var(--ast-global-color-4)","background-image":"","background-repeat":"repeat","background-position":"center center","background-size":"auto","background-attachment":"scroll","background-type":"","background-media":"","overlay-type":"","overlay-color":"","overlay-opacity":"","overlay-gradient":""},"tablet":{"background-color":"","background-image":"","background-repeat":"repeat","background-position":"center center","background-size":"auto","background-attachment":"scroll","background-type":"","background-media":"","overlay-type":"","overlay-color":"","overlay-opacity":"","overlay-gradient":""},"mobile":{"background-color":"","background-image":"","background-repeat":"repeat","background-position":"center center","background-size":"auto","background-attachment":"scroll","background-type":"","background-media":"","overlay-type":"","overlay-color":"","overlay-opacity":"","overlay-gradient":""}},"ast-content-background-meta":{"desktop":{"background-color":"var(--ast-global-color-5)","background-image":"","background-repeat":"repeat","background-position":"center center","background-size":"auto","background-attachment":"scroll","background-type":"","background-media":"","overlay-type":"","overlay-color":"","overlay-opacity":"","overlay-gradient":""},"tablet":{"background-color":"var(--ast-global-color-5)","background-image":"","background-repeat":"repeat","background-position":"center center","background-size":"auto","background-attachment":"scroll","background-type":"","background-media":"","overlay-type":"","overlay-color":"","overlay-opacity":"","overlay-gradient":""},"mobile":{"background-color":"var(--ast-global-color-5)","background-image":"","background-repeat":"repeat","background-position":"center center","background-size":"auto","background-attachment":"scroll","background-type":"","background-media":"","overlay-type":"","overlay-color":"","overlay-opacity":"","overlay-gradient":""}},"footnotes":""},"categories":[3,7,29],"tags":[],"class_list":["post-2340","post","type-post","status-publish","format-standard","has-post-thumbnail","hentry","category-eso","category-eso-4","category-portada"],"post_mailing_queue_ids":[],"_links":{"self":[{"href":"https:\/\/agora.xtec.cat\/iesducdemontblanc\/wp-json\/wp\/v2\/posts\/2340","targetHints":{"allow":["GET"]}}],"collection":[{"href":"https:\/\/agora.xtec.cat\/iesducdemontblanc\/wp-json\/wp\/v2\/posts"}],"about":[{"href":"https:\/\/agora.xtec.cat\/iesducdemontblanc\/wp-json\/wp\/v2\/types\/post"}],"author":[{"embeddable":true,"href":"https:\/\/agora.xtec.cat\/iesducdemontblanc\/wp-json\/wp\/v2\/users\/5"}],"replies":[{"embeddable":true,"href":"https:\/\/agora.xtec.cat\/iesducdemontblanc\/wp-json\/wp\/v2\/comments?post=2340"}],"version-history":[{"count":3,"href":"https:\/\/agora.xtec.cat\/iesducdemontblanc\/wp-json\/wp\/v2\/posts\/2340\/revisions"}],"predecessor-version":[{"id":2349,"href":"https:\/\/agora.xtec.cat\/iesducdemontblanc\/wp-json\/wp\/v2\/posts\/2340\/revisions\/2349"}],"wp:featuredmedia":[{"embeddable":true,"href":"https:\/\/agora.xtec.cat\/iesducdemontblanc\/wp-json\/wp\/v2\/media\/2344"}],"wp:attachment":[{"href":"https:\/\/agora.xtec.cat\/iesducdemontblanc\/wp-json\/wp\/v2\/media?parent=2340"}],"wp:term":[{"taxonomy":"category","embeddable":true,"href":"https:\/\/agora.xtec.cat\/iesducdemontblanc\/wp-json\/wp\/v2\/categories?post=2340"},{"taxonomy":"post_tag","embeddable":true,"href":"https:\/\/agora.xtec.cat\/iesducdemontblanc\/wp-json\/wp\/v2\/tags?post=2340"}],"curies":[{"name":"wp","href":"https:\/\/api.w.org\/{rel}","templated":true}]}}