{"id":2300,"date":"2019-06-14T17:15:12","date_gmt":"2019-06-14T15:15:12","guid":{"rendered":"http:\/\/agora.xtec.cat\/iesducdemontblanc\/?p=2300"},"modified":"2019-06-14T17:40:23","modified_gmt":"2019-06-14T15:40:23","slug":"apadrinemrubicity","status":"publish","type":"post","link":"https:\/\/agora.xtec.cat\/iesducdemontblanc\/eso\/apadrinemrubicity\/","title":{"rendered":"Apadrinem#Rubicity"},"content":{"rendered":"<div>Dimecres, 5 de juny, va tenir lloc la mostra <a href=\"https:\/\/photos.app.goo.gl\/cPMT2PR6wJqbkSon6\">Apadrinem#Rubicity<\/a>, que \u00e9s l&#8217;adaptaci\u00f3 del programa d&#8217;innovaci\u00f3 educativa <a href=\"http:\/\/xtec.gencat.cat\/ca\/projectes\/apadrinemnostrepatrimoni\/programa-innovacio-pedagogica\/\">Apadrinem el nostre patrimoni<\/a>.<\/div>\n<div><\/div>\n<div>L&#8217;alumnat de 3r d&#8217;ESO que forma part del grup\u00a0 d&#8217;Ecoherois,\u00a0 Mariona Rovira, Arnau Ramoneda i Judith Rod\u00f3 van<\/div>\n<div>presentar el nostre espai apadrinat, el Torrent de les abelles,\u00a0 i van explicar com era, la seva situaci\u00f3, la flora representativa de l&#8217;espai, alguns elements importants com l&#8217;hotel d&#8217;insectes per afavorir el refugi i nidificaci\u00f3 de les abelles salvatges, esp\u00e8cie inclosa a la llista vermella de la Uni\u00f3 Internacional per la Conservaci\u00f3 de la Natura.<\/div>\n<div><\/div>\n<div>Tamb\u00e9 van explicar l&#8217;acci\u00f3 de neteja que va fer l&#8217;alumnat de\u00a0 l&#8217;optativa de 2n i 3r , el dia 10 de maig, dins el marc del Let&#8217;s Clean Up Europe (la nostra va ser una una de les m\u00e9s de 300 activitats organitzades a tot Catalunya).<\/div>\n<div><\/div>\n<div>L&#8217;Ajuntament de Rub\u00ed es va fer ress\u00f2 d&#8217;aquesta <a href=\"https:\/\/www.rubi.cat\/ca\/ajuntament\/sala-de-premsa\/notes-de-premsa\/les-escoles-i-instituts-municipals-s2019impliquen-en-la-promocio-del-patrimoni-local\">not\u00edcia<\/a> ,que podreu llegir clicant l&#8217;enlla\u00e7.<\/div>\n<div><\/div>\n","protected":false},"excerpt":{"rendered":"<p>Dimecres, 5 de juny, va tenir lloc la mostra Apadrinem#Rubicity, que \u00e9s l&#8217;adaptaci\u00f3 del programa d&#8217;innovaci\u00f3 educativa Apadrinem el nostre [&hellip;]<\/p>\n","protected":false},"author":5,"featured_media":2304,"comment_status":"closed","ping_status":"closed","sticky":false,"template":"","format":"standard","meta":{"_bbp_topic_count":0,"_bbp_reply_count":0,"_bbp_total_topic_count":0,"_bbp_total_reply_count":0,"_bbp_voice_count":0,"_bbp_anonymous_reply_count":0,"_bbp_topic_count_hidden":0,"_bbp_reply_count_hidden":0,"_bbp_forum_subforum_count":0,"site-sidebar-layout":"default","site-content-layout":"","ast-site-content-layout":"","site-content-style":"default","site-sidebar-style":"default","ast-global-header-display":"","ast-banner-title-visibility":"","ast-main-header-display":"","ast-hfb-above-header-display":"","ast-hfb-below-header-display":"","ast-hfb-mobile-header-display":"","site-post-title":"","ast-breadcrumbs-content":"","ast-featured-img":"","footer-sml-layout":"","theme-transparent-header-meta":"","adv-header-id-meta":"","stick-header-meta":"","header-above-stick-meta":"","header-main-stick-meta":"","header-below-stick-meta":"","astra-migrate-meta-layouts":"default","ast-page-background-enabled":"default","ast-page-background-meta":{"desktop":{"background-color":"var(--ast-global-color-4)","background-image":"","background-repeat":"repeat","background-position":"center center","background-size":"auto","background-attachment":"scroll","background-type":"","background-media":"","overlay-type":"","overlay-color":"","overlay-opacity":"","overlay-gradient":""},"tablet":{"background-color":"","background-image":"","background-repeat":"repeat","background-position":"center center","background-size":"auto","background-attachment":"scroll","background-type":"","background-media":"","overlay-type":"","overlay-color":"","overlay-opacity":"","overlay-gradient":""},"mobile":{"background-color":"","background-image":"","background-repeat":"repeat","background-position":"center center","background-size":"auto","background-attachment":"scroll","background-type":"","background-media":"","overlay-type":"","overlay-color":"","overlay-opacity":"","overlay-gradient":""}},"ast-content-background-meta":{"desktop":{"background-color":"var(--ast-global-color-5)","background-image":"","background-repeat":"repeat","background-position":"center center","background-size":"auto","background-attachment":"scroll","background-type":"","background-media":"","overlay-type":"","overlay-color":"","overlay-opacity":"","overlay-gradient":""},"tablet":{"background-color":"var(--ast-global-color-5)","background-image":"","background-repeat":"repeat","background-position":"center center","background-size":"auto","background-attachment":"scroll","background-type":"","background-media":"","overlay-type":"","overlay-color":"","overlay-opacity":"","overlay-gradient":""},"mobile":{"background-color":"var(--ast-global-color-5)","background-image":"","background-repeat":"repeat","background-position":"center center","background-size":"auto","background-attachment":"scroll","background-type":"","background-media":"","overlay-type":"","overlay-color":"","overlay-opacity":"","overlay-gradient":""}},"footnotes":""},"categories":[3,29],"tags":[],"class_list":["post-2300","post","type-post","status-publish","format-standard","has-post-thumbnail","hentry","category-eso","category-portada"],"post_mailing_queue_ids":[],"_links":{"self":[{"href":"https:\/\/agora.xtec.cat\/iesducdemontblanc\/wp-json\/wp\/v2\/posts\/2300","targetHints":{"allow":["GET"]}}],"collection":[{"href":"https:\/\/agora.xtec.cat\/iesducdemontblanc\/wp-json\/wp\/v2\/posts"}],"about":[{"href":"https:\/\/agora.xtec.cat\/iesducdemontblanc\/wp-json\/wp\/v2\/types\/post"}],"author":[{"embeddable":true,"href":"https:\/\/agora.xtec.cat\/iesducdemontblanc\/wp-json\/wp\/v2\/users\/5"}],"replies":[{"embeddable":true,"href":"https:\/\/agora.xtec.cat\/iesducdemontblanc\/wp-json\/wp\/v2\/comments?post=2300"}],"version-history":[{"count":3,"href":"https:\/\/agora.xtec.cat\/iesducdemontblanc\/wp-json\/wp\/v2\/posts\/2300\/revisions"}],"predecessor-version":[{"id":2306,"href":"https:\/\/agora.xtec.cat\/iesducdemontblanc\/wp-json\/wp\/v2\/posts\/2300\/revisions\/2306"}],"wp:featuredmedia":[{"embeddable":true,"href":"https:\/\/agora.xtec.cat\/iesducdemontblanc\/wp-json\/wp\/v2\/media\/2304"}],"wp:attachment":[{"href":"https:\/\/agora.xtec.cat\/iesducdemontblanc\/wp-json\/wp\/v2\/media?parent=2300"}],"wp:term":[{"taxonomy":"category","embeddable":true,"href":"https:\/\/agora.xtec.cat\/iesducdemontblanc\/wp-json\/wp\/v2\/categories?post=2300"},{"taxonomy":"post_tag","embeddable":true,"href":"https:\/\/agora.xtec.cat\/iesducdemontblanc\/wp-json\/wp\/v2\/tags?post=2300"}],"curies":[{"name":"wp","href":"https:\/\/api.w.org\/{rel}","templated":true}]}}