{"id":2286,"date":"2019-06-14T13:14:54","date_gmt":"2019-06-14T11:14:54","guid":{"rendered":"http:\/\/agora.xtec.cat\/iesducdemontblanc\/?p=2286"},"modified":"2019-06-20T11:10:59","modified_gmt":"2019-06-20T09:10:59","slug":"creativitat-a-les-aules_jornada-pedagogica","status":"publish","type":"post","link":"https:\/\/agora.xtec.cat\/iesducdemontblanc\/eso\/creativitat-a-les-aules_jornada-pedagogica\/","title":{"rendered":"III Jornada pedag\u00f2gica_la creativitat a les aules"},"content":{"rendered":"<p>El passat 12 de juny es va celebrar la III Jornada pedag\u00f2gica: la creativitat a les aules.<\/p>\n<div><\/div>\n<div>En aquesta jornada es\u00a0 va presentar el projecte d&#8217;innovaci\u00f3 educativa de l&#8217;\u00e0mbit art\u00edstic del CESIRE, on es va\u00a0 reflexionar sobre el paper transformador de l&#8217;art dins de centres educatius.<\/div>\n<div><\/div>\n<div>L&#8217;Escola Joan Mir\u00f3 de Canovelles i Escola Ferrer i Gu\u00e0rdia de Granollers van presentar un col\u00b7loqui sobre la transformaci\u00f3 del centre de la m\u00e0 de les arts.<\/div>\n<div><\/div>\n<div>Dins de la segona part de la Jornada,\u00a0 diversos centres de prim\u00e0ria i secund\u00e0ria vam compartir experi\u00e8ncies de creativitat. Beatriz Marcos, com a cap de Departament de Visual i Pl\u00e0stica del nostre centre,\u00a0 va parlar sobre l&#8217;experi\u00e8ncia\u00a0 Sortim de l&#8217;aula, on es treballa la idea de deixar empremta en l&#8217;alumnat, el centre, el barri i la ciutat a trav\u00e9s de la creaci\u00f3 de diversos murals.<\/div>\n<div><\/div>\n<div>Aquesta iniciativa, que va comen\u00e7ar ja fa tres anys, va n\u00e9ixer de la necessitat detectada per l&#8217;alumnat de millorar la imatge exterior del centre i refor\u00e7ar la nostra identitat. El primer any es va retolar la fa\u00e7ana amb el nom del centre i textures visuals. El seg\u00fcent curs va coincidir amb el redisseny del logotip i es va voler presentar a la societat tot refor\u00e7ant el vincle amb la ciutat amb la representaci\u00f3 en un Skyline dels principals edificis i monuments\u00a0 que configuren el patrimoni hist\u00f2ric i cultural de Rub\u00ed. Aquest curs la nostra fa\u00e7ana ha estat rehabilitada amb un paisatge lligat a la natura intentant reflectir que el Duc de Montblanc \u00e9s Escola Verda amb el logotip de DucVerd i Som Escola P\u00fablica.<\/div>\n<p>Dins del Servei Comunitari una de les propostes ha ser pintar un mural en la fa\u00e7ana posterior del centre amb un clar car\u00e0cter divulgatiu que ha volgut commemorar els 50\u00a0 anys de l&#8217;arribada de l&#8217;home a la Lluna. Un mural a tocar d&#8217;una \u00e0rea infantil i prop del centre de prim\u00e0ria Ramon Llull.<\/p>\n<p>Beatriz Marcos va subratllar la implicaci\u00f3 indispensable de l&#8217;alumnat tant de l&#8217;optativa de Visual i Pl\u00e0stica o del Servei comunitari, ja que s\u00f3n activitats que es porten a terme fora d&#8217;horari escolar amb una gran dosi de motivaci\u00f3 i esfor\u00e7.<\/p>\n<div><\/div>\n<div>L&#8217;acte va tancar-se amb una din\u00e0mica de creativitat on els participants varen gaudir d&#8217;un photocall, pintant una obra col\u00b7laborativa.<\/div>\n","protected":false},"excerpt":{"rendered":"<p>El passat 12 de juny es va celebrar la III Jornada pedag\u00f2gica: la creativitat a les aules. En aquesta jornada [&hellip;]<\/p>\n","protected":false},"author":5,"featured_media":2289,"comment_status":"closed","ping_status":"closed","sticky":false,"template":"","format":"standard","meta":{"_bbp_topic_count":0,"_bbp_reply_count":0,"_bbp_total_topic_count":0,"_bbp_total_reply_count":0,"_bbp_voice_count":0,"_bbp_anonymous_reply_count":0,"_bbp_topic_count_hidden":0,"_bbp_reply_count_hidden":0,"_bbp_forum_subforum_count":0,"site-sidebar-layout":"default","site-content-layout":"","ast-site-content-layout":"","site-content-style":"default","site-sidebar-style":"default","ast-global-header-display":"","ast-banner-title-visibility":"","ast-main-header-display":"","ast-hfb-above-header-display":"","ast-hfb-below-header-display":"","ast-hfb-mobile-header-display":"","site-post-title":"","ast-breadcrumbs-content":"","ast-featured-img":"","footer-sml-layout":"","theme-transparent-header-meta":"","adv-header-id-meta":"","stick-header-meta":"","header-above-stick-meta":"","header-main-stick-meta":"","header-below-stick-meta":"","astra-migrate-meta-layouts":"default","ast-page-background-enabled":"default","ast-page-background-meta":{"desktop":{"background-color":"var(--ast-global-color-4)","background-image":"","background-repeat":"repeat","background-position":"center center","background-size":"auto","background-attachment":"scroll","background-type":"","background-media":"","overlay-type":"","overlay-color":"","overlay-opacity":"","overlay-gradient":""},"tablet":{"background-color":"","background-image":"","background-repeat":"repeat","background-position":"center center","background-size":"auto","background-attachment":"scroll","background-type":"","background-media":"","overlay-type":"","overlay-color":"","overlay-opacity":"","overlay-gradient":""},"mobile":{"background-color":"","background-image":"","background-repeat":"repeat","background-position":"center center","background-size":"auto","background-attachment":"scroll","background-type":"","background-media":"","overlay-type":"","overlay-color":"","overlay-opacity":"","overlay-gradient":""}},"ast-content-background-meta":{"desktop":{"background-color":"var(--ast-global-color-5)","background-image":"","background-repeat":"repeat","background-position":"center center","background-size":"auto","background-attachment":"scroll","background-type":"","background-media":"","overlay-type":"","overlay-color":"","overlay-opacity":"","overlay-gradient":""},"tablet":{"background-color":"var(--ast-global-color-5)","background-image":"","background-repeat":"repeat","background-position":"center center","background-size":"auto","background-attachment":"scroll","background-type":"","background-media":"","overlay-type":"","overlay-color":"","overlay-opacity":"","overlay-gradient":""},"mobile":{"background-color":"var(--ast-global-color-5)","background-image":"","background-repeat":"repeat","background-position":"center center","background-size":"auto","background-attachment":"scroll","background-type":"","background-media":"","overlay-type":"","overlay-color":"","overlay-opacity":"","overlay-gradient":""}},"footnotes":""},"categories":[3,29],"tags":[],"class_list":["post-2286","post","type-post","status-publish","format-standard","has-post-thumbnail","hentry","category-eso","category-portada"],"post_mailing_queue_ids":[],"_links":{"self":[{"href":"https:\/\/agora.xtec.cat\/iesducdemontblanc\/wp-json\/wp\/v2\/posts\/2286","targetHints":{"allow":["GET"]}}],"collection":[{"href":"https:\/\/agora.xtec.cat\/iesducdemontblanc\/wp-json\/wp\/v2\/posts"}],"about":[{"href":"https:\/\/agora.xtec.cat\/iesducdemontblanc\/wp-json\/wp\/v2\/types\/post"}],"author":[{"embeddable":true,"href":"https:\/\/agora.xtec.cat\/iesducdemontblanc\/wp-json\/wp\/v2\/users\/5"}],"replies":[{"embeddable":true,"href":"https:\/\/agora.xtec.cat\/iesducdemontblanc\/wp-json\/wp\/v2\/comments?post=2286"}],"version-history":[{"count":3,"href":"https:\/\/agora.xtec.cat\/iesducdemontblanc\/wp-json\/wp\/v2\/posts\/2286\/revisions"}],"predecessor-version":[{"id":2291,"href":"https:\/\/agora.xtec.cat\/iesducdemontblanc\/wp-json\/wp\/v2\/posts\/2286\/revisions\/2291"}],"wp:featuredmedia":[{"embeddable":true,"href":"https:\/\/agora.xtec.cat\/iesducdemontblanc\/wp-json\/wp\/v2\/media\/2289"}],"wp:attachment":[{"href":"https:\/\/agora.xtec.cat\/iesducdemontblanc\/wp-json\/wp\/v2\/media?parent=2286"}],"wp:term":[{"taxonomy":"category","embeddable":true,"href":"https:\/\/agora.xtec.cat\/iesducdemontblanc\/wp-json\/wp\/v2\/categories?post=2286"},{"taxonomy":"post_tag","embeddable":true,"href":"https:\/\/agora.xtec.cat\/iesducdemontblanc\/wp-json\/wp\/v2\/tags?post=2286"}],"curies":[{"name":"wp","href":"https:\/\/api.w.org\/{rel}","templated":true}]}}