{"id":2141,"date":"2019-03-24T19:07:24","date_gmt":"2019-03-24T18:07:24","guid":{"rendered":"http:\/\/agora.xtec.cat\/iesducdemontblanc\/?p=2141"},"modified":"2019-03-25T21:54:04","modified_gmt":"2019-03-25T20:54:04","slug":"projectes-globalitzadors-deso","status":"publish","type":"post","link":"https:\/\/agora.xtec.cat\/iesducdemontblanc\/noticies\/projectes-globalitzadors-deso\/","title":{"rendered":"Projectes globalitzadors d&#8217;ESO"},"content":{"rendered":"<div dir=\"auto\">\n<p align=\"justify\"><span style=\"font-family: Arial, sans-serif;\">La setmana del 18 al 22 de mar\u00e7 han tingut lloc els projectes globalitzadors d&#8217;ESO.<\/span><\/p>\n<p><strong><span style=\"font-family: Arial, sans-serif;\">Projecte de 1r d&#8217;ESO<\/span><\/strong><\/p>\n<p><span style=\"font-family: Arial, sans-serif;\">A 1r d&#8217;ESO el projecte globalitzador es diu\u00a0<\/span><a href=\"https:\/\/photos.app.goo.gl\/AfM4mBfDV9ZQAvYf9\"><strong><span style=\"font-family: Arial, sans-serif;\">Emociona&#8217;t<\/span><\/strong><\/a><span style=\"font-family: Arial, sans-serif;\">\u00a0.\u00a0El tema central del projecte s\u00f3n les emocions i s&#8217;emmarca dins l&#8217;objectiu transversal de 1r d&#8217;ESO de potenciar l&#8217;educaci\u00f3 emocional i principalment, l&#8217;autoconeixement.<\/span><\/p>\n<p><span style=\"font-family: Arial, sans-serif;\">L&#8217;alumnat ha treballat en petits grups i ha fet activitats molt diverses: visionar la pel\u00b7l\u00edcula\u00a0Inside Out,\u00a0crear una emoticona per identificar les diferents emocions,\u00a0 reflexionar sobre com es resolen els conflictes a trav\u00e9s de diferents din\u00e0miques de grup, representar un\u00a0role play\u00a0davant de tota la classe i, finalment, gravar un curtmetratge\u00a0<\/span><span style=\"font-family: Arial, sans-serif;\">expressant una emoci\u00f3. A m\u00e9s, cada dia, els \u00faltims vint minuts de classe han fet relaxaci\u00f3 i s&#8217;han introdu\u00eft en la pr\u00e0ctica del\u00a0Mindfulness! Per tancar el projecte hem anat al Torrent de les Abelles a fer una activitat de cohesi\u00f3 de grup.<\/span><\/p>\n<p><strong><span style=\"font-family: Arial, sans-serif;\">Projecte de 2n d&#8217;ESO<\/span><\/strong><\/p>\n<p><span style=\"font-family: Arial, sans-serif;\">El projecte de 2n d&#8217;ESO \u00e9s\u00a0<\/span><a href=\"https:\/\/photos.app.goo.gl\/1zm9pqoXrDNvYR5B6\"><strong><span style=\"font-family: Arial, sans-serif;\">Preparem Sant Jordi<\/span><\/strong><span style=\"font-family: Arial, sans-serif;\">\u00a0<\/span><\/a><\/p>\n<p><span style=\"font-family: Arial, sans-serif;\">L&#8217;alumnat\u00a0 de 2n d&#8217;ESO\u00a0 ha preparat un seguit d&#8217;activitats i tallers per a realitzar el dia de Sant Jordi.\u00a0<\/span><span style=\"font-family: Arial, sans-serif;\">El projecte comen\u00e7a amb una contextualitzaci\u00f3 de la festa de Sant Jordi, la\u00a0 llegenda, l&#8217;origen i la tradici\u00f3. En segon lloc,\u00a0 ha dissenyat <\/span><span style=\"font-family: Arial, sans-serif;\">tallers de car\u00e0cter l\u00fadic,\u00a0 que han perm\u00e8s que\u00a0 tot l&#8217;alumnat\u00a0 reflexioni sobre la cooperaci\u00f3, el treball en equip i el respecte, i un dec\u00e0leg de bones pr\u00e0ctiques. <\/span><span style=\"font-family: Arial, sans-serif;\">Finalment, ha elaborat\u00a0 el cartell publicitari per a qu\u00e8 tothom pugui triar i apuntar-se al taller que m\u00e9s li agradi.<\/span><\/p>\n<\/div>\n<p>&nbsp;<\/p>\n<p><strong>Projecte de 3r d&#8217;ESO<\/strong><\/p>\n<p>El projecte\u00a0<span id=\"m_2305951377733220635:106.1\">globalitzador<\/span>\u00a0<a href=\"https:\/\/photos.app.goo.gl\/wjaWvxXPKSenqZxU9\">Posem en marxa el\u00a0<span id=\"m_2305951377733220635:106.2\">CO<\/span>&#8211;<span id=\"m_2305951377733220635:106.3\">CO<\/span><\/a>\u00a0de 3r\u00a0<span id=\"m_2305951377733220635:106.4\">d&#8217;ESO<\/span>\u00a0consisteix a provocar una reflexi\u00f3 sobre l&#8217;anomenat &#8220;<span id=\"m_2305951377733220635:106.5\">COnsum<\/span>\u00a0<span id=\"m_2305951377733220635:106.6\">COnscient<\/span>&#8220;, concepte que fa servir el programa de TV3, em\u00e8s per\u00a0<span id=\"m_2305951377733220635:106.7\">internet<\/span>, &#8220;Objectiu: residu zero&#8221;.<\/p>\n<p>L&#8217;alumnat \u00e9s introdu\u00eft en la q\u00fcesti\u00f3 a partir del visionat de presentacions sobre medi ambient i alimentaci\u00f3, de cap\u00edtols de l&#8217;esmentada s\u00e8rie i d&#8217;una xerrada duta a terme per una t\u00e8cnica de l&#8217;Ajuntament de Rub\u00ed. Els productes finals que han de preparar els\/les alumnes, que treballen en equips de quatre, \u00a0s\u00f3n un v\u00eddeo-clip en defensa del consum conscient i la preparaci\u00f3 d&#8217;un esmorzar sostenible. En la franja hor\u00e0ria de cloenda es projecten tots els clips i es presenten els esmorzars, que s\u00f3n compartits i tastats pels assistents, com si d&#8217;una fira es tract\u00e9s.<\/p>\n<p><strong>Projecte de 4t d&#8217;ESO<\/strong><\/p>\n<p>El projecte de 4t d&#8217;ESO es diu <strong>Duc Escape<\/strong> i es tracta de dissenyar un joc d&#8217;escapada que inclou enigmes de totes les assignatures. L l&#8217;alumnat de 4t d&#8217;ESO ha elaborat el dossier del joc i ha realitzat els decorats per a la posada en escena. Cada joc s&#8217;ambienta en un tema triat per l&#8217;alumnat mateix (un camp de concentraci\u00f3, una m\u00e0quina del temps, un robatori en un museu&#8230;) i el dia de Sant Jordi hi jugaran els companys de 4t d&#8217;ESO i tamb\u00e9 hi vindran a jugar els alumnes de 3r d&#8217;ESO.<\/p>\n<p>&nbsp;<\/p>\n","protected":false},"excerpt":{"rendered":"<p>La setmana del 18 al 22 de mar\u00e7 han tingut lloc els projectes globalitzadors d&#8217;ESO. Projecte de 1r d&#8217;ESO A [&hellip;]<\/p>\n","protected":false},"author":5,"featured_media":2143,"comment_status":"open","ping_status":"closed","sticky":false,"template":"","format":"standard","meta":{"_bbp_topic_count":0,"_bbp_reply_count":0,"_bbp_total_topic_count":0,"_bbp_total_reply_count":0,"_bbp_voice_count":0,"_bbp_anonymous_reply_count":0,"_bbp_topic_count_hidden":0,"_bbp_reply_count_hidden":0,"_bbp_forum_subforum_count":0,"site-sidebar-layout":"default","site-content-layout":"","ast-site-content-layout":"","site-content-style":"default","site-sidebar-style":"default","ast-global-header-display":"","ast-banner-title-visibility":"","ast-main-header-display":"","ast-hfb-above-header-display":"","ast-hfb-below-header-display":"","ast-hfb-mobile-header-display":"","site-post-title":"","ast-breadcrumbs-content":"","ast-featured-img":"","footer-sml-layout":"","theme-transparent-header-meta":"","adv-header-id-meta":"","stick-header-meta":"","header-above-stick-meta":"","header-main-stick-meta":"","header-below-stick-meta":"","astra-migrate-meta-layouts":"default","ast-page-background-enabled":"default","ast-page-background-meta":{"desktop":{"background-color":"var(--ast-global-color-4)","background-image":"","background-repeat":"repeat","background-position":"center center","background-size":"auto","background-attachment":"scroll","background-type":"","background-media":"","overlay-type":"","overlay-color":"","overlay-opacity":"","overlay-gradient":""},"tablet":{"background-color":"","background-image":"","background-repeat":"repeat","background-position":"center center","background-size":"auto","background-attachment":"scroll","background-type":"","background-media":"","overlay-type":"","overlay-color":"","overlay-opacity":"","overlay-gradient":""},"mobile":{"background-color":"","background-image":"","background-repeat":"repeat","background-position":"center center","background-size":"auto","background-attachment":"scroll","background-type":"","background-media":"","overlay-type":"","overlay-color":"","overlay-opacity":"","overlay-gradient":""}},"ast-content-background-meta":{"desktop":{"background-color":"var(--ast-global-color-5)","background-image":"","background-repeat":"repeat","background-position":"center center","background-size":"auto","background-attachment":"scroll","background-type":"","background-media":"","overlay-type":"","overlay-color":"","overlay-opacity":"","overlay-gradient":""},"tablet":{"background-color":"var(--ast-global-color-5)","background-image":"","background-repeat":"repeat","background-position":"center center","background-size":"auto","background-attachment":"scroll","background-type":"","background-media":"","overlay-type":"","overlay-color":"","overlay-opacity":"","overlay-gradient":""},"mobile":{"background-color":"var(--ast-global-color-5)","background-image":"","background-repeat":"repeat","background-position":"center center","background-size":"auto","background-attachment":"scroll","background-type":"","background-media":"","overlay-type":"","overlay-color":"","overlay-opacity":"","overlay-gradient":""}},"footnotes":""},"categories":[3,1,29],"tags":[],"class_list":["post-2141","post","type-post","status-publish","format-standard","has-post-thumbnail","hentry","category-eso","category-noticies","category-portada"],"post_mailing_queue_ids":[],"_links":{"self":[{"href":"https:\/\/agora.xtec.cat\/iesducdemontblanc\/wp-json\/wp\/v2\/posts\/2141","targetHints":{"allow":["GET"]}}],"collection":[{"href":"https:\/\/agora.xtec.cat\/iesducdemontblanc\/wp-json\/wp\/v2\/posts"}],"about":[{"href":"https:\/\/agora.xtec.cat\/iesducdemontblanc\/wp-json\/wp\/v2\/types\/post"}],"author":[{"embeddable":true,"href":"https:\/\/agora.xtec.cat\/iesducdemontblanc\/wp-json\/wp\/v2\/users\/5"}],"replies":[{"embeddable":true,"href":"https:\/\/agora.xtec.cat\/iesducdemontblanc\/wp-json\/wp\/v2\/comments?post=2141"}],"version-history":[{"count":4,"href":"https:\/\/agora.xtec.cat\/iesducdemontblanc\/wp-json\/wp\/v2\/posts\/2141\/revisions"}],"predecessor-version":[{"id":2155,"href":"https:\/\/agora.xtec.cat\/iesducdemontblanc\/wp-json\/wp\/v2\/posts\/2141\/revisions\/2155"}],"wp:featuredmedia":[{"embeddable":true,"href":"https:\/\/agora.xtec.cat\/iesducdemontblanc\/wp-json\/wp\/v2\/media\/2143"}],"wp:attachment":[{"href":"https:\/\/agora.xtec.cat\/iesducdemontblanc\/wp-json\/wp\/v2\/media?parent=2141"}],"wp:term":[{"taxonomy":"category","embeddable":true,"href":"https:\/\/agora.xtec.cat\/iesducdemontblanc\/wp-json\/wp\/v2\/categories?post=2141"},{"taxonomy":"post_tag","embeddable":true,"href":"https:\/\/agora.xtec.cat\/iesducdemontblanc\/wp-json\/wp\/v2\/tags?post=2141"}],"curies":[{"name":"wp","href":"https:\/\/api.w.org\/{rel}","templated":true}]}}