{"id":1710,"date":"2018-12-01T20:19:33","date_gmt":"2018-12-01T19:19:33","guid":{"rendered":"http:\/\/agora.xtec.cat\/iesducdemontblanc\/?p=1710"},"modified":"2018-12-01T20:35:57","modified_gmt":"2018-12-01T19:35:57","slug":"dia-internacional-contra-la-violencia-de-genere","status":"publish","type":"post","link":"https:\/\/agora.xtec.cat\/iesducdemontblanc\/eso\/dia-internacional-contra-la-violencia-de-genere\/","title":{"rendered":"Dia internacional contra la viol\u00e8ncia de g\u00e8nere"},"content":{"rendered":"<p>L&#8217;alumnat d&#8217;ESO ha portat a terme diverses activitats amb motiu del Dia internacional contra la viol\u00e8ncia de g\u00e8nere. Ha reflexionat sobre les relacions interpersonals a trav\u00e9s de v\u00eddeos i can\u00e7ons, i ha elaborat murals amb missatges i una roda de la igualtat i la no viol\u00e8ncia en grups cooperatius.\u00a0 A m\u00e9s, s&#8217;ha llegit el manifest unitari seg\u00fcent:<\/p>\n<p><!--more--><\/p>\n<p><span style=\"font-weight: 400;\">Els temps estan canviant. Vull pensar que aquest cop si\u0301. Vull pensar que la viole\u0300ncia masclista e\u0301s un dels temes de l\u2019agenda de pai\u0301s i sobretot e\u0301s un tema del que se\u2019n parla, del que en parlem. I no nome\u0301s avui, 25 de novembre. Que se\u2019n parli durant tot l\u2019any i que en parlin moltes veus e\u0301s important, perque\u0300 ens ajuda a totes i a tots a identificar les viole\u0300ncies masclistes (me\u0301s o menys subtils, me\u0301s o menys visibles) que ens acompanyen des que naixem i que ens fan mal, que ens han fet mal. <\/span><\/p>\n<p><span style=\"font-weight: 400;\">Fa 10 anys que a Catalunya tenim una llei que lluita pels drets de les dones a eradicar les viole\u0300ncies masclistes. Totes. Les violacions, les agressions sexuals, l\u2019assetjament, el tra\u0300fic i l\u2019explotacio\u0301 de dones pero\u0300 tambe\u0301 els matrimonis forc\u0327ats o la mutilacio\u0301 genital femenina. Pero\u0300 amb les lleis no n\u2019hi ha prou com demostren les dades. La viole\u0300ncia masclista s\u2019exerceix al llarg de tot el nostre cicle vital de diverses formes. Al mo\u0301n, una de cada tres dones ha patit viole\u0300ncia masclista. A Europa, una de cada tres dones ha patit viole\u0300ncia fi\u0301sica o sexual durant la seva infantesa a mans d\u2019un adult, i a Catalunya, una de cada quatre dones ha sigut vi\u0301ctima d\u2019un atac masclista d\u2019extrema gravetat.. <\/span><\/p>\n<ul>\n<li style=\"font-weight: 400;\"><span style=\"font-weight: 400;\">Ens cal educar, ens cal saber, ens cal recone\u0300ixer<\/span><\/li>\n<li style=\"font-weight: 400;\"><span style=\"font-weight: 400;\">Necessitem prevencio\u0301, perque\u0300 la viole\u0300ncia no sigui una opcio\u0301 va\u0300lida en les relacions de parella. <\/span><\/li>\n<li style=\"font-weight: 400;\"><span style=\"font-weight: 400;\">Necessitem recursos per garantir una atencio\u0301 digna i de qualitat a les dones en situacio\u0301 de viole\u0300ncia masclista per a la seva total recuperacio\u0301, i, especialment, en tot el proce\u0301s de denu\u0301ncies i procediments judicials. <\/span><\/li>\n<li style=\"font-weight: 400;\"><span style=\"font-weight: 400;\">Necessitem me\u0301s professionals especialitzats en l\u2019atencio\u0301 a filles i fills perque\u0300 el futur de casa nostra sigui un pai\u0301s lliure de viole\u0300ncia masclista. <\/span><\/li>\n<li style=\"font-weight: 400;\"><span style=\"font-weight: 400;\">Necessitem recursos d\u2019urge\u0300ncia i atencio\u0301 de qualitat per recolzar les dones en situacions de risc per elles i els seus fills i filles. <\/span><\/li>\n<li style=\"font-weight: 400;\"><span style=\"font-weight: 400;\">I necessitem avanc\u0327ar en la construccio\u0301 d\u2019un model catala\u0300 d\u2019abordatge de les viole\u0300ncies sexuals, amb una visio\u0301 integral i amb la voluntat d\u2019explicar que\u0300 so\u0301n i com se\u2019n pot sortir. <\/span><\/li>\n<\/ul>\n","protected":false},"excerpt":{"rendered":"<p>L&#8217;alumnat d&#8217;ESO ha portat a terme diverses activitats amb motiu del Dia internacional contra la viol\u00e8ncia de g\u00e8nere. Ha reflexionat [&hellip;]<\/p>\n","protected":false},"author":5,"featured_media":1712,"comment_status":"open","ping_status":"closed","sticky":false,"template":"","format":"standard","meta":{"_bbp_topic_count":0,"_bbp_reply_count":0,"_bbp_total_topic_count":0,"_bbp_total_reply_count":0,"_bbp_voice_count":0,"_bbp_anonymous_reply_count":0,"_bbp_topic_count_hidden":0,"_bbp_reply_count_hidden":0,"_bbp_forum_subforum_count":0,"site-sidebar-layout":"default","site-content-layout":"","ast-site-content-layout":"","site-content-style":"default","site-sidebar-style":"default","ast-global-header-display":"","ast-banner-title-visibility":"","ast-main-header-display":"","ast-hfb-above-header-display":"","ast-hfb-below-header-display":"","ast-hfb-mobile-header-display":"","site-post-title":"","ast-breadcrumbs-content":"","ast-featured-img":"","footer-sml-layout":"","theme-transparent-header-meta":"","adv-header-id-meta":"","stick-header-meta":"","header-above-stick-meta":"","header-main-stick-meta":"","header-below-stick-meta":"","astra-migrate-meta-layouts":"default","ast-page-background-enabled":"default","ast-page-background-meta":{"desktop":{"background-color":"var(--ast-global-color-4)","background-image":"","background-repeat":"repeat","background-position":"center center","background-size":"auto","background-attachment":"scroll","background-type":"","background-media":"","overlay-type":"","overlay-color":"","overlay-opacity":"","overlay-gradient":""},"tablet":{"background-color":"","background-image":"","background-repeat":"repeat","background-position":"center center","background-size":"auto","background-attachment":"scroll","background-type":"","background-media":"","overlay-type":"","overlay-color":"","overlay-opacity":"","overlay-gradient":""},"mobile":{"background-color":"","background-image":"","background-repeat":"repeat","background-position":"center center","background-size":"auto","background-attachment":"scroll","background-type":"","background-media":"","overlay-type":"","overlay-color":"","overlay-opacity":"","overlay-gradient":""}},"ast-content-background-meta":{"desktop":{"background-color":"var(--ast-global-color-5)","background-image":"","background-repeat":"repeat","background-position":"center center","background-size":"auto","background-attachment":"scroll","background-type":"","background-media":"","overlay-type":"","overlay-color":"","overlay-opacity":"","overlay-gradient":""},"tablet":{"background-color":"var(--ast-global-color-5)","background-image":"","background-repeat":"repeat","background-position":"center center","background-size":"auto","background-attachment":"scroll","background-type":"","background-media":"","overlay-type":"","overlay-color":"","overlay-opacity":"","overlay-gradient":""},"mobile":{"background-color":"var(--ast-global-color-5)","background-image":"","background-repeat":"repeat","background-position":"center center","background-size":"auto","background-attachment":"scroll","background-type":"","background-media":"","overlay-type":"","overlay-color":"","overlay-opacity":"","overlay-gradient":""}},"footnotes":""},"categories":[3,29],"tags":[],"class_list":["post-1710","post","type-post","status-publish","format-standard","has-post-thumbnail","hentry","category-eso","category-portada"],"post_mailing_queue_ids":[],"_links":{"self":[{"href":"https:\/\/agora.xtec.cat\/iesducdemontblanc\/wp-json\/wp\/v2\/posts\/1710","targetHints":{"allow":["GET"]}}],"collection":[{"href":"https:\/\/agora.xtec.cat\/iesducdemontblanc\/wp-json\/wp\/v2\/posts"}],"about":[{"href":"https:\/\/agora.xtec.cat\/iesducdemontblanc\/wp-json\/wp\/v2\/types\/post"}],"author":[{"embeddable":true,"href":"https:\/\/agora.xtec.cat\/iesducdemontblanc\/wp-json\/wp\/v2\/users\/5"}],"replies":[{"embeddable":true,"href":"https:\/\/agora.xtec.cat\/iesducdemontblanc\/wp-json\/wp\/v2\/comments?post=1710"}],"version-history":[{"count":3,"href":"https:\/\/agora.xtec.cat\/iesducdemontblanc\/wp-json\/wp\/v2\/posts\/1710\/revisions"}],"predecessor-version":[{"id":1717,"href":"https:\/\/agora.xtec.cat\/iesducdemontblanc\/wp-json\/wp\/v2\/posts\/1710\/revisions\/1717"}],"wp:featuredmedia":[{"embeddable":true,"href":"https:\/\/agora.xtec.cat\/iesducdemontblanc\/wp-json\/wp\/v2\/media\/1712"}],"wp:attachment":[{"href":"https:\/\/agora.xtec.cat\/iesducdemontblanc\/wp-json\/wp\/v2\/media?parent=1710"}],"wp:term":[{"taxonomy":"category","embeddable":true,"href":"https:\/\/agora.xtec.cat\/iesducdemontblanc\/wp-json\/wp\/v2\/categories?post=1710"},{"taxonomy":"post_tag","embeddable":true,"href":"https:\/\/agora.xtec.cat\/iesducdemontblanc\/wp-json\/wp\/v2\/tags?post=1710"}],"curies":[{"name":"wp","href":"https:\/\/api.w.org\/{rel}","templated":true}]}}