{"id":1655,"date":"2021-11-02T12:00:19","date_gmt":"2021-11-02T11:00:19","guid":{"rendered":"http:\/\/agora.xtec.cat\/iesducdemontblanc\/?p=1655"},"modified":"2021-11-28T20:49:29","modified_gmt":"2021-11-28T19:49:29","slug":"eleccions-al-consell-escolar-2018","status":"publish","type":"post","link":"https:\/\/agora.xtec.cat\/iesducdemontblanc\/noticies\/eleccions-al-consell-escolar-2018\/","title":{"rendered":"Eleccions al Consell Escolar 2021"},"content":{"rendered":"<p>El consell escolar del centre \u00e9s l&#8217;\u00f2rgan col\u00b7legiat de participaci\u00f3 de la comunitat escolar en el govern del centre. En el consell escolar hi ha representats tots els col\u00b7lectius que intervenen en la comunitat educativa: direcci\u00f3, professorat, alumnat, personal d&#8217;administraci\u00f3 i serveis, etc.<\/p>\n<p>En els centres p\u00fablics, la funci\u00f3 principal del consell escolar \u00e9s participar en la presa de decisions en relaci\u00f3 amb aquells temes importants per al funcionament i l&#8217;organitzaci\u00f3 del centre: el projecte educatiu, la programaci\u00f3 general, la gesti\u00f3 econ\u00f2mica, etc.<\/p>\n<p>Els membres del consell escolar s\u00f3n elegits per un per\u00edode de quatre anys i es renoven per meitats cada dos anys.<\/p>\n<p>Aquest curs es renoven:<\/p>\n<ul>\n<li>Professorat: 6 membres<\/li>\n<li>Pares\/mares\/tutors: 3 membres<\/li>\n<li>Alumnat: 4 membres<\/li>\n<\/ul>\n<p>Us animem a participar en el proc\u00e9s en els per\u00edodes establerts per a cada col\u00b7lectiu.<\/p>\n<p><a href=\"https:\/\/agora.xtec.cat\/iesducdemontblanc\/docs\/eleccions-consell-escolar-2021\/?bp-attachment=Calendari-Consell-Escolar.pdf\"><strong>Calendari del proc\u00e9s electoral<\/strong><\/a><\/p>\n<table>\n<tbody>\n<tr>\n<td style=\"background-color: #ed8b13;\" colspan=\"2\">\n<p style=\"text-align: center;\"><b>ELECCIONS AL CONSELL ESCOLAR<\/b><\/p>\n<p style=\"text-align: center;\"><strong>Novembre 2021<\/strong><\/p>\n<\/td>\n<\/tr>\n<tr>\n<td><b>2 de novembre<\/b><\/td>\n<td><span style=\"font-weight: 400;\">Convocat\u00f2ria del proc\u00e9s electoral<\/span><\/td>\n<\/tr>\n<tr>\n<td><b>3 de novembre<\/b><\/td>\n<td><span style=\"font-weight: 400;\">Publicaci\u00f3 del cens electoral<\/span><\/p>\n<p><span style=\"font-weight: 400;\">Sorteig de meses de fam\u00edlies i alumnat.<\/span><\/td>\n<\/tr>\n<tr>\n<td><b>4, 5, 8 de novembre<\/b><\/td>\n<td><span style=\"font-weight: 400;\">Reclamacions al cens electoral<\/span><\/td>\n<\/tr>\n<tr>\n<td><b>9 de novembre<\/b><\/td>\n<td><span style=\"font-weight: 400;\">Constituci\u00f3 de les meses electorals i resoluci\u00f3 de les reclamacions al cens electoral<\/span><\/td>\n<\/tr>\n<tr>\n<td><b>10 de novembre<\/b><\/td>\n<td><span style=\"font-weight: 400;\">Publicaci\u00f3 del cens electoral definitiu<\/span><\/td>\n<\/tr>\n<tr>\n<td><b>15 de novembre a les 14 h<\/b><\/td>\n<td><span style=\"font-weight: 400;\">L\u00edmit per a la presentaci\u00f3 de candidatures<\/span><\/p>\n<p><span style=\"font-weight: 400;\">L\u00edmit per a la presentaci\u00f3 de sol\u00b7licituds de supervisors\/supervisores<\/span><\/td>\n<\/tr>\n<tr>\n<td><b>16 de novembre<\/b><\/td>\n<td><span style=\"font-weight: 400;\">Publicaci\u00f3 de les candidatures<\/span><\/td>\n<\/tr>\n<tr>\n<td><b>23 de novembre<\/b><\/td>\n<td><span style=\"font-weight: 400;\">Eleccions alumnat<\/span><\/p>\n<p><span style=\"font-weight: 400;\">Eleccions pares i mares<\/span><\/td>\n<\/tr>\n<tr>\n<td><b>24 de novembre<\/b><\/td>\n<td><span style=\"font-weight: 400;\">Eleccions professorat<\/span><\/td>\n<\/tr>\n<tr>\n<td><b>11 de desembre<\/b><\/td>\n<td><span style=\"font-weight: 400;\">Notificaci\u00f3 de les dades de participaci\u00f3 als SSTT<\/span><\/td>\n<\/tr>\n<tr>\n<td><b>14 de desembre<\/b><\/td>\n<td><span style=\"font-weight: 400;\">Constituci\u00f3 del Consell Escolar<\/span><\/td>\n<\/tr>\n<\/tbody>\n<\/table>\n<p>ELECCIONS AL CONSELL ESCOLAR<\/p>\n<p>Novembre 2021<\/p>\n<p><strong>Normativa<\/strong><\/p>\n<p><a title=\"Aquest enlla\u00e7 porta a un altre lloc web: Resoluci\u00f3 ENS\/2232\/2018, d'1 d'octubre,\" href=\"https:\/\/dogc.gencat.cat\/ca\/document-del-dogc\/?documentId=912090\">Resoluci\u00f3 EDU\/3043\/2021, de 6 d&#8217;octubre,<\/a><\/p>\n<div>\n<p>per la qual s&#8217;estableix el calendari del proc\u00e9s electoral per renovar els membres dels consells escolars dels centres p\u00fablics i privats sostinguts amb fons p\u00fablics (DOGC n\u00fam. 8521, de 13.10.2021)<\/p>\n<\/div>\n","protected":false},"excerpt":{"rendered":"<p>El consell escolar del centre \u00e9s l&#8217;\u00f2rgan col\u00b7legiat de participaci\u00f3 de la comunitat escolar en el govern del centre. En [&hellip;]<\/p>\n","protected":false},"author":5,"featured_media":1657,"comment_status":"closed","ping_status":"closed","sticky":false,"template":"","format":"standard","meta":{"_bbp_topic_count":0,"_bbp_reply_count":0,"_bbp_total_topic_count":0,"_bbp_total_reply_count":0,"_bbp_voice_count":0,"_bbp_anonymous_reply_count":0,"_bbp_topic_count_hidden":0,"_bbp_reply_count_hidden":0,"_bbp_forum_subforum_count":0,"site-sidebar-layout":"default","site-content-layout":"","ast-site-content-layout":"","site-content-style":"default","site-sidebar-style":"default","ast-global-header-display":"","ast-banner-title-visibility":"","ast-main-header-display":"","ast-hfb-above-header-display":"","ast-hfb-below-header-display":"","ast-hfb-mobile-header-display":"","site-post-title":"","ast-breadcrumbs-content":"","ast-featured-img":"","footer-sml-layout":"","theme-transparent-header-meta":"","adv-header-id-meta":"","stick-header-meta":"","header-above-stick-meta":"","header-main-stick-meta":"","header-below-stick-meta":"","astra-migrate-meta-layouts":"default","ast-page-background-enabled":"default","ast-page-background-meta":{"desktop":{"background-color":"var(--ast-global-color-4)","background-image":"","background-repeat":"repeat","background-position":"center center","background-size":"auto","background-attachment":"scroll","background-type":"","background-media":"","overlay-type":"","overlay-color":"","overlay-opacity":"","overlay-gradient":""},"tablet":{"background-color":"","background-image":"","background-repeat":"repeat","background-position":"center center","background-size":"auto","background-attachment":"scroll","background-type":"","background-media":"","overlay-type":"","overlay-color":"","overlay-opacity":"","overlay-gradient":""},"mobile":{"background-color":"","background-image":"","background-repeat":"repeat","background-position":"center center","background-size":"auto","background-attachment":"scroll","background-type":"","background-media":"","overlay-type":"","overlay-color":"","overlay-opacity":"","overlay-gradient":""}},"ast-content-background-meta":{"desktop":{"background-color":"var(--ast-global-color-5)","background-image":"","background-repeat":"repeat","background-position":"center center","background-size":"auto","background-attachment":"scroll","background-type":"","background-media":"","overlay-type":"","overlay-color":"","overlay-opacity":"","overlay-gradient":""},"tablet":{"background-color":"var(--ast-global-color-5)","background-image":"","background-repeat":"repeat","background-position":"center center","background-size":"auto","background-attachment":"scroll","background-type":"","background-media":"","overlay-type":"","overlay-color":"","overlay-opacity":"","overlay-gradient":""},"mobile":{"background-color":"var(--ast-global-color-5)","background-image":"","background-repeat":"repeat","background-position":"center center","background-size":"auto","background-attachment":"scroll","background-type":"","background-media":"","overlay-type":"","overlay-color":"","overlay-opacity":"","overlay-gradient":""}},"footnotes":""},"categories":[31,8,3,4,5,6,7,1,29],"tags":[],"class_list":["post-1655","post","type-post","status-publish","format-standard","has-post-thumbnail","hentry","category-afa","category-batxillerat","category-eso","category-eso-1","category-eso-2","category-eso-3","category-eso-4","category-noticies","category-portada"],"post_mailing_queue_ids":[],"_links":{"self":[{"href":"https:\/\/agora.xtec.cat\/iesducdemontblanc\/wp-json\/wp\/v2\/posts\/1655","targetHints":{"allow":["GET"]}}],"collection":[{"href":"https:\/\/agora.xtec.cat\/iesducdemontblanc\/wp-json\/wp\/v2\/posts"}],"about":[{"href":"https:\/\/agora.xtec.cat\/iesducdemontblanc\/wp-json\/wp\/v2\/types\/post"}],"author":[{"embeddable":true,"href":"https:\/\/agora.xtec.cat\/iesducdemontblanc\/wp-json\/wp\/v2\/users\/5"}],"replies":[{"embeddable":true,"href":"https:\/\/agora.xtec.cat\/iesducdemontblanc\/wp-json\/wp\/v2\/comments?post=1655"}],"version-history":[{"count":3,"href":"https:\/\/agora.xtec.cat\/iesducdemontblanc\/wp-json\/wp\/v2\/posts\/1655\/revisions"}],"predecessor-version":[{"id":5364,"href":"https:\/\/agora.xtec.cat\/iesducdemontblanc\/wp-json\/wp\/v2\/posts\/1655\/revisions\/5364"}],"wp:featuredmedia":[{"embeddable":true,"href":"https:\/\/agora.xtec.cat\/iesducdemontblanc\/wp-json\/wp\/v2\/media\/1657"}],"wp:attachment":[{"href":"https:\/\/agora.xtec.cat\/iesducdemontblanc\/wp-json\/wp\/v2\/media?parent=1655"}],"wp:term":[{"taxonomy":"category","embeddable":true,"href":"https:\/\/agora.xtec.cat\/iesducdemontblanc\/wp-json\/wp\/v2\/categories?post=1655"},{"taxonomy":"post_tag","embeddable":true,"href":"https:\/\/agora.xtec.cat\/iesducdemontblanc\/wp-json\/wp\/v2\/tags?post=1655"}],"curies":[{"name":"wp","href":"https:\/\/api.w.org\/{rel}","templated":true}]}}