{"id":15073,"date":"2026-04-14T11:03:30","date_gmt":"2026-04-14T09:03:30","guid":{"rendered":"https:\/\/agora.xtec.cat\/iesducdemontblanc\/?p=15073"},"modified":"2026-04-15T12:38:31","modified_gmt":"2026-04-15T10:38:31","slug":"beques-per-a-estudis-no-universitaris-per-al-curs-2026-2027","status":"publish","type":"post","link":"https:\/\/agora.xtec.cat\/iesducdemontblanc\/noticies\/beques-per-a-estudis-no-universitaris-per-al-curs-2026-2027\/","title":{"rendered":"Beques per a estudis no universitaris per al curs 2026-2027"},"content":{"rendered":"\n<p>S\u2019ha obert la convocat\u00f2ria p\u00fablica per a la concessi\u00f3 de <strong>beques de car\u00e0cter general adre\u00e7ades a l\u2019alumnat d\u2019ensenyaments postobligatoris no universitaris<\/strong> per al <strong>curs 2026-2027. <\/strong>La novetat m\u00e9s destacada d\u2019aquesta convocat\u00f2ria \u00e9s que la sol\u00b7licitud de la beca <strong>s\u2019ha de tramitar obligat\u00f2riament a trav\u00e9s del portal oficial de la Generalitat de Catalunya<\/strong>. Podeu accedir-hi directament des del seg\u00fcent enlla\u00e7:<\/p>\n<p><a href=\"https:\/\/web.gencat.cat\/es\/ciutadania\/serveis\/educacio-formacio\/beques-estudis-no-universitaris\">https:\/\/web.gencat.cat\/es\/ciutadania\/serveis\/educacio-formacio\/beques-estudis-no-universitaris<\/a><\/p>\n<p>El per\u00edode per presentar les sol\u00b7licituds \u00e9s el seg\u00fcent:<\/p>\n<ul>\n<li><strong>Inici:<\/strong> 7 d\u2019abril de 2026 a les 8.00 h<\/li>\n<li><strong>Finalitzaci\u00f3:<\/strong> 18 de maig de 2026 a les 15.00 h<\/li>\n<\/ul>\n<p>\u00c9s important <strong>respectar aquests terminis<\/strong>, ja que no s\u2019admetran sol\u00b7licituds fora d\u2019aquest per\u00edode. Es recomana a tot l\u2019alumnat interessat que r<strong>evisi amb atenci\u00f3 els requisits i la documentaci\u00f3 necess\u00e0ria abans de fer la sol\u00b7licitud<\/strong>, aix\u00ed com que no deixi el tr\u00e0mit per als darrers dies.<\/p>\n<p>Per a qualsevol dubte, podeu adre\u00e7ar-vos a la secretaria acad\u00e8mica o consulteu l&#8217;apartat <a href=\"https:\/\/agora.xtec.cat\/iesducdemontblanc\/secretaria\/beques-i-ajuts\/\">Beques i Ajuts de la nostra web<\/a>.<\/p>\n","protected":false},"excerpt":{"rendered":"<p>S\u2019ha obert la convocat\u00f2ria p\u00fablica per a la concessi\u00f3 de beques de car\u00e0cter general adre\u00e7ades a l\u2019alumnat d\u2019ensenyaments postobligatoris no [&hellip;]<\/p>\n","protected":false},"author":7,"featured_media":15074,"comment_status":"closed","ping_status":"open","sticky":false,"template":"","format":"standard","meta":{"_bbp_topic_count":0,"_bbp_reply_count":0,"_bbp_total_topic_count":0,"_bbp_total_reply_count":0,"_bbp_voice_count":0,"_bbp_anonymous_reply_count":0,"_bbp_topic_count_hidden":0,"_bbp_reply_count_hidden":0,"_bbp_forum_subforum_count":0,"site-sidebar-layout":"no-sidebar","site-content-layout":"","ast-site-content-layout":"default","site-content-style":"default","site-sidebar-style":"default","ast-global-header-display":"","ast-banner-title-visibility":"","ast-main-header-display":"","ast-hfb-above-header-display":"","ast-hfb-below-header-display":"","ast-hfb-mobile-header-display":"","site-post-title":"","ast-breadcrumbs-content":"","ast-featured-img":"","footer-sml-layout":"","theme-transparent-header-meta":"","adv-header-id-meta":"","stick-header-meta":"","header-above-stick-meta":"","header-main-stick-meta":"","header-below-stick-meta":"","astra-migrate-meta-layouts":"set","ast-page-background-enabled":"default","ast-page-background-meta":{"desktop":{"background-color":"var(--ast-global-color-4)","background-image":"","background-repeat":"repeat","background-position":"center center","background-size":"auto","background-attachment":"scroll","background-type":"","background-media":"","overlay-type":"","overlay-color":"","overlay-opacity":"","overlay-gradient":""},"tablet":{"background-color":"","background-image":"","background-repeat":"repeat","background-position":"center center","background-size":"auto","background-attachment":"scroll","background-type":"","background-media":"","overlay-type":"","overlay-color":"","overlay-opacity":"","overlay-gradient":""},"mobile":{"background-color":"","background-image":"","background-repeat":"repeat","background-position":"center center","background-size":"auto","background-attachment":"scroll","background-type":"","background-media":"","overlay-type":"","overlay-color":"","overlay-opacity":"","overlay-gradient":""}},"ast-content-background-meta":{"desktop":{"background-color":"var(--ast-global-color-5)","background-image":"","background-repeat":"repeat","background-position":"center center","background-size":"auto","background-attachment":"scroll","background-type":"","background-media":"","overlay-type":"","overlay-color":"","overlay-opacity":"","overlay-gradient":""},"tablet":{"background-color":"var(--ast-global-color-5)","background-image":"","background-repeat":"repeat","background-position":"center center","background-size":"auto","background-attachment":"scroll","background-type":"","background-media":"","overlay-type":"","overlay-color":"","overlay-opacity":"","overlay-gradient":""},"mobile":{"background-color":"var(--ast-global-color-5)","background-image":"","background-repeat":"repeat","background-position":"center center","background-size":"auto","background-attachment":"scroll","background-type":"","background-media":"","overlay-type":"","overlay-color":"","overlay-opacity":"","overlay-gradient":""}},"footnotes":""},"categories":[183,7,1,132,29],"tags":[],"class_list":["post-15073","post","type-post","status-publish","format-standard","has-post-thumbnail","hentry","category-araart","category-eso-4","category-noticies","category-orientacio","category-portada"],"post_mailing_queue_ids":[],"_links":{"self":[{"href":"https:\/\/agora.xtec.cat\/iesducdemontblanc\/wp-json\/wp\/v2\/posts\/15073","targetHints":{"allow":["GET"]}}],"collection":[{"href":"https:\/\/agora.xtec.cat\/iesducdemontblanc\/wp-json\/wp\/v2\/posts"}],"about":[{"href":"https:\/\/agora.xtec.cat\/iesducdemontblanc\/wp-json\/wp\/v2\/types\/post"}],"author":[{"embeddable":true,"href":"https:\/\/agora.xtec.cat\/iesducdemontblanc\/wp-json\/wp\/v2\/users\/7"}],"replies":[{"embeddable":true,"href":"https:\/\/agora.xtec.cat\/iesducdemontblanc\/wp-json\/wp\/v2\/comments?post=15073"}],"version-history":[{"count":3,"href":"https:\/\/agora.xtec.cat\/iesducdemontblanc\/wp-json\/wp\/v2\/posts\/15073\/revisions"}],"predecessor-version":[{"id":15079,"href":"https:\/\/agora.xtec.cat\/iesducdemontblanc\/wp-json\/wp\/v2\/posts\/15073\/revisions\/15079"}],"wp:featuredmedia":[{"embeddable":true,"href":"https:\/\/agora.xtec.cat\/iesducdemontblanc\/wp-json\/wp\/v2\/media\/15074"}],"wp:attachment":[{"href":"https:\/\/agora.xtec.cat\/iesducdemontblanc\/wp-json\/wp\/v2\/media?parent=15073"}],"wp:term":[{"taxonomy":"category","embeddable":true,"href":"https:\/\/agora.xtec.cat\/iesducdemontblanc\/wp-json\/wp\/v2\/categories?post=15073"},{"taxonomy":"post_tag","embeddable":true,"href":"https:\/\/agora.xtec.cat\/iesducdemontblanc\/wp-json\/wp\/v2\/tags?post=15073"}],"curies":[{"name":"wp","href":"https:\/\/api.w.org\/{rel}","templated":true}]}}