{"id":14560,"date":"2026-01-20T21:08:00","date_gmt":"2026-01-20T20:08:00","guid":{"rendered":"https:\/\/agora.xtec.cat\/iesducdemontblanc\/?p=14560"},"modified":"2026-01-28T16:15:09","modified_gmt":"2026-01-28T15:15:09","slug":"dilluns-2-de-marc-portes-obertes-deso-2","status":"publish","type":"post","link":"https:\/\/agora.xtec.cat\/iesducdemontblanc\/noticies\/dilluns-2-de-marc-portes-obertes-deso-2\/","title":{"rendered":"Dilluns, 2 de mar\u00e7 | Jornada de portes obertes d&#8217;ESO"},"content":{"rendered":"\n<p class=\"isSelectedEnd\">El dilluns 2 de mar\u00e7 tindr\u00e0 lloc la <strong>jornada de portes obertes<\/strong> de l\u2019Institut <strong>Duc de Montblanc<\/strong>, adre\u00e7ada especialment a l\u2019alumnat i a les fam\u00edlies de <strong>Prim\u00e0ria<\/strong>. Ser\u00e0 una bona oportunitat per con\u00e8ixer el centre de prop, resoldre dubtes i fer-se una idea clara del projecte educatiu, l\u2019organitzaci\u00f3 i els espais.<\/p>\n<p>Per assistir-hi <strong>no cal fer reserva pr\u00e8via<\/strong>, per\u00f2 s\u00ed que \u00e9s imprescindible <strong>respectar l\u2019horari assignat<\/strong> a cada escola per garantir una visita ordenada i una bona atenci\u00f3 a tothom:<\/p>\n<ul>\n<li><strong>17.00 h \u2013 Ramon Llull i Schola.<\/strong><\/li>\n<li><strong>17.45 h \u2013 Rivo Rubeo i Torre de la Llebre.<\/strong><\/li>\n<li><strong>18.30 h \u2013 Pau Casals, Joan Maragall i altres centres.<\/strong><\/li>\n<\/ul>\n<p>Durant la jornada, les fam\u00edlies podran rec\u00f3rrer les instal\u00b7lacions, rebre informaci\u00f3 sobre l\u2019oferta formativa i els serveis del centre, i con\u00e8ixer de primera m\u00e0 com treballem al Duc.<\/p>\n<p>D\u2019altra banda, cal destacar que l\u2019alumnat de <strong>6\u00e8 de Prim\u00e0ria<\/strong> de les <strong>escoles adscrites<\/strong> far\u00e0 tamb\u00e9 una <strong>visita guiada en horari lectiu<\/strong>, organitzada espec\u00edficament per facilitar-los un primer contacte amb el centre i ajudar-los en el pas a l\u2019ESO.<\/p>\n\n\n\n<p><\/p>\n","protected":false},"excerpt":{"rendered":"<p>El dilluns 2 de mar\u00e7 tindr\u00e0 lloc la jornada de portes obertes de l\u2019Institut Duc de Montblanc, adre\u00e7ada especialment a [&hellip;]<\/p>\n","protected":false},"author":1,"featured_media":14547,"comment_status":"closed","ping_status":"open","sticky":false,"template":"","format":"standard","meta":{"_bbp_topic_count":0,"_bbp_reply_count":0,"_bbp_total_topic_count":0,"_bbp_total_reply_count":0,"_bbp_voice_count":0,"_bbp_anonymous_reply_count":0,"_bbp_topic_count_hidden":0,"_bbp_reply_count_hidden":0,"_bbp_forum_subforum_count":0,"site-sidebar-layout":"no-sidebar","site-content-layout":"","ast-site-content-layout":"default","site-content-style":"default","site-sidebar-style":"default","ast-global-header-display":"","ast-banner-title-visibility":"","ast-main-header-display":"","ast-hfb-above-header-display":"","ast-hfb-below-header-display":"","ast-hfb-mobile-header-display":"","site-post-title":"","ast-breadcrumbs-content":"","ast-featured-img":"","footer-sml-layout":"","theme-transparent-header-meta":"","adv-header-id-meta":"","stick-header-meta":"","header-above-stick-meta":"","header-main-stick-meta":"","header-below-stick-meta":"","astra-migrate-meta-layouts":"set","ast-page-background-enabled":"default","ast-page-background-meta":{"desktop":{"background-color":"var(--ast-global-color-4)","background-image":"","background-repeat":"repeat","background-position":"center center","background-size":"auto","background-attachment":"scroll","background-type":"","background-media":"","overlay-type":"","overlay-color":"","overlay-opacity":"","overlay-gradient":""},"tablet":{"background-color":"","background-image":"","background-repeat":"repeat","background-position":"center center","background-size":"auto","background-attachment":"scroll","background-type":"","background-media":"","overlay-type":"","overlay-color":"","overlay-opacity":"","overlay-gradient":""},"mobile":{"background-color":"","background-image":"","background-repeat":"repeat","background-position":"center center","background-size":"auto","background-attachment":"scroll","background-type":"","background-media":"","overlay-type":"","overlay-color":"","overlay-opacity":"","overlay-gradient":""}},"ast-content-background-meta":{"desktop":{"background-color":"var(--ast-global-color-5)","background-image":"","background-repeat":"repeat","background-position":"center center","background-size":"auto","background-attachment":"scroll","background-type":"","background-media":"","overlay-type":"","overlay-color":"","overlay-opacity":"","overlay-gradient":""},"tablet":{"background-color":"var(--ast-global-color-5)","background-image":"","background-repeat":"repeat","background-position":"center center","background-size":"auto","background-attachment":"scroll","background-type":"","background-media":"","overlay-type":"","overlay-color":"","overlay-opacity":"","overlay-gradient":""},"mobile":{"background-color":"var(--ast-global-color-5)","background-image":"","background-repeat":"repeat","background-position":"center center","background-size":"auto","background-attachment":"scroll","background-type":"","background-media":"","overlay-type":"","overlay-color":"","overlay-opacity":"","overlay-gradient":""}},"footnotes":""},"categories":[8,3,236,1,29],"tags":[],"class_list":["post-14560","post","type-post","status-publish","format-standard","has-post-thumbnail","hentry","category-batxillerat","category-eso","category-portesobertes","category-noticies","category-portada"],"post_mailing_queue_ids":[],"_links":{"self":[{"href":"https:\/\/agora.xtec.cat\/iesducdemontblanc\/wp-json\/wp\/v2\/posts\/14560","targetHints":{"allow":["GET"]}}],"collection":[{"href":"https:\/\/agora.xtec.cat\/iesducdemontblanc\/wp-json\/wp\/v2\/posts"}],"about":[{"href":"https:\/\/agora.xtec.cat\/iesducdemontblanc\/wp-json\/wp\/v2\/types\/post"}],"author":[{"embeddable":true,"href":"https:\/\/agora.xtec.cat\/iesducdemontblanc\/wp-json\/wp\/v2\/users\/1"}],"replies":[{"embeddable":true,"href":"https:\/\/agora.xtec.cat\/iesducdemontblanc\/wp-json\/wp\/v2\/comments?post=14560"}],"version-history":[{"count":3,"href":"https:\/\/agora.xtec.cat\/iesducdemontblanc\/wp-json\/wp\/v2\/posts\/14560\/revisions"}],"predecessor-version":[{"id":14617,"href":"https:\/\/agora.xtec.cat\/iesducdemontblanc\/wp-json\/wp\/v2\/posts\/14560\/revisions\/14617"}],"wp:featuredmedia":[{"embeddable":true,"href":"https:\/\/agora.xtec.cat\/iesducdemontblanc\/wp-json\/wp\/v2\/media\/14547"}],"wp:attachment":[{"href":"https:\/\/agora.xtec.cat\/iesducdemontblanc\/wp-json\/wp\/v2\/media?parent=14560"}],"wp:term":[{"taxonomy":"category","embeddable":true,"href":"https:\/\/agora.xtec.cat\/iesducdemontblanc\/wp-json\/wp\/v2\/categories?post=14560"},{"taxonomy":"post_tag","embeddable":true,"href":"https:\/\/agora.xtec.cat\/iesducdemontblanc\/wp-json\/wp\/v2\/tags?post=14560"}],"curies":[{"name":"wp","href":"https:\/\/api.w.org\/{rel}","templated":true}]}}