{"id":14290,"date":"2025-11-18T09:41:48","date_gmt":"2025-11-18T08:41:48","guid":{"rendered":"https:\/\/agora.xtec.cat\/iesducdemontblanc\/?p=14290"},"modified":"2025-11-18T18:51:44","modified_gmt":"2025-11-18T17:51:44","slug":"nous-representants-del-consell-escolar-del-duc","status":"publish","type":"post","link":"https:\/\/agora.xtec.cat\/iesducdemontblanc\/noticies\/nous-representants-del-consell-escolar-del-duc\/","title":{"rendered":"Nous i noves representants del Consell Escolar del Duc de Montblanc"},"content":{"rendered":"\n<p data-start=\"158\" data-end=\"388\">La comunitat educativa del Duc ha renovat la composici\u00f3 del Consell Escolar, l\u2019\u00f2rgan de participaci\u00f3 del professorat, les fam\u00edlies, el personal no docent i l&#8217;alumnat del centre. Despr\u00e9s del proc\u00e9s de selecci\u00f3 i votacions, aquestes persones s\u00f3n els nous i les noves representants de cada estament.<\/p>\n<h3 data-start=\"390\" data-end=\"409\"><strong data-start=\"394\" data-end=\"409\">Professorat<\/strong><\/h3>\n<p data-start=\"410\" data-end=\"445\">El claustre estar\u00e0 representat per:<\/p>\n<ul>\n<li data-start=\"448\" data-end=\"468\"><strong data-start=\"448\" data-end=\"466\">Esther Sement\u00e9<\/strong><\/li>\n<li data-start=\"471\" data-end=\"489\"><strong data-start=\"471\" data-end=\"487\">Sara Tavanti<\/strong><\/li>\n<li data-start=\"492\" data-end=\"508\"><strong data-start=\"492\" data-end=\"506\">Alba Peir\u00f3<\/strong><\/li>\n<li data-start=\"511\" data-end=\"533\"><strong data-start=\"511\" data-end=\"531\">Marcos Camarzana<\/strong><\/li>\n<li data-start=\"536\" data-end=\"549\"><strong data-start=\"536\" data-end=\"549\">Aina Mil\u00e0<\/strong><\/li>\n<\/ul>\n<h3 data-start=\"551\" data-end=\"567\"><strong data-start=\"555\" data-end=\"567\">Fam\u00edlies<\/strong><\/h3>\n<p data-start=\"568\" data-end=\"617\">Les fam\u00edlies comptaran amb la representaci\u00f3 de:<\/p>\n<ul>\n<li data-start=\"568\" data-end=\"617\"><strong data-start=\"620\" data-end=\"634\">Eva Andreu<\/strong><\/li>\n<\/ul>\n<h3 data-start=\"636\" data-end=\"651\"><strong data-start=\"640\" data-end=\"651\">PAS\/PAE<\/strong><\/h3>\n<p data-start=\"652\" data-end=\"734\">El Personal d\u2019Administraci\u00f3, Serveis i Educaci\u00f3 disposar\u00e0 com a representant de:<\/p>\n<ul data-start=\"735\" data-end=\"755\">\n<li data-start=\"735\" data-end=\"755\">\n<p data-start=\"737\" data-end=\"755\"><strong data-start=\"737\" data-end=\"755\">Margarita Bach<\/strong><\/p>\n<\/li>\n<\/ul>\n<h3 data-start=\"757\" data-end=\"772\"><strong data-start=\"761\" data-end=\"772\">Alumnat<\/strong><\/h3>\n<p data-start=\"773\" data-end=\"827\">L\u2019alumnat tindr\u00e0 veu al Consell Escolar a trav\u00e9s de:<\/p>\n<ul>\n<li data-start=\"830\" data-end=\"850\"><strong data-start=\"830\" data-end=\"848\">Unai Hern\u00e1ndez<\/strong><\/li>\n<li data-start=\"853\" data-end=\"873\"><strong data-start=\"853\" data-end=\"871\">Vict\u00f2ria Nonis<\/strong><\/li>\n<li data-start=\"876\" data-end=\"890\"><strong data-start=\"876\" data-end=\"890\">Joel L\u00f3pez<\/strong><\/li>\n<\/ul>\n<p data-start=\"892\" data-end=\"1099\">Des del centre, agra\u00efm la implicaci\u00f3 de totes les persones que han participat en el proc\u00e9s i felicitem els nous representants, que contribuiran activament a seguir fent cr\u00e9ixer la nostra comunitat educativa.<\/p>\n","protected":false},"excerpt":{"rendered":"<p>La comunitat educativa del Duc ha renovat la composici\u00f3 del Consell Escolar, l\u2019\u00f2rgan de participaci\u00f3 del professorat, les fam\u00edlies, el [&hellip;]<\/p>\n","protected":false},"author":7,"featured_media":14246,"comment_status":"closed","ping_status":"open","sticky":false,"template":"","format":"standard","meta":{"_bbp_topic_count":0,"_bbp_reply_count":0,"_bbp_total_topic_count":0,"_bbp_total_reply_count":0,"_bbp_voice_count":0,"_bbp_anonymous_reply_count":0,"_bbp_topic_count_hidden":0,"_bbp_reply_count_hidden":0,"_bbp_forum_subforum_count":0,"site-sidebar-layout":"no-sidebar","site-content-layout":"","ast-site-content-layout":"default","site-content-style":"default","site-sidebar-style":"default","ast-global-header-display":"","ast-banner-title-visibility":"","ast-main-header-display":"","ast-hfb-above-header-display":"","ast-hfb-below-header-display":"","ast-hfb-mobile-header-display":"","site-post-title":"","ast-breadcrumbs-content":"","ast-featured-img":"","footer-sml-layout":"","theme-transparent-header-meta":"","adv-header-id-meta":"","stick-header-meta":"","header-above-stick-meta":"","header-main-stick-meta":"","header-below-stick-meta":"","astra-migrate-meta-layouts":"set","ast-page-background-enabled":"default","ast-page-background-meta":{"desktop":{"background-color":"var(--ast-global-color-4)","background-image":"","background-repeat":"repeat","background-position":"center center","background-size":"auto","background-attachment":"scroll","background-type":"","background-media":"","overlay-type":"","overlay-color":"","overlay-opacity":"","overlay-gradient":""},"tablet":{"background-color":"","background-image":"","background-repeat":"repeat","background-position":"center center","background-size":"auto","background-attachment":"scroll","background-type":"","background-media":"","overlay-type":"","overlay-color":"","overlay-opacity":"","overlay-gradient":""},"mobile":{"background-color":"","background-image":"","background-repeat":"repeat","background-position":"center center","background-size":"auto","background-attachment":"scroll","background-type":"","background-media":"","overlay-type":"","overlay-color":"","overlay-opacity":"","overlay-gradient":""}},"ast-content-background-meta":{"desktop":{"background-color":"var(--ast-global-color-5)","background-image":"","background-repeat":"repeat","background-position":"center center","background-size":"auto","background-attachment":"scroll","background-type":"","background-media":"","overlay-type":"","overlay-color":"","overlay-opacity":"","overlay-gradient":""},"tablet":{"background-color":"var(--ast-global-color-5)","background-image":"","background-repeat":"repeat","background-position":"center center","background-size":"auto","background-attachment":"scroll","background-type":"","background-media":"","overlay-type":"","overlay-color":"","overlay-opacity":"","overlay-gradient":""},"mobile":{"background-color":"var(--ast-global-color-5)","background-image":"","background-repeat":"repeat","background-position":"center center","background-size":"auto","background-attachment":"scroll","background-type":"","background-media":"","overlay-type":"","overlay-color":"","overlay-opacity":"","overlay-gradient":""}},"footnotes":""},"categories":[8,3,4,5,6,7,1,29],"tags":[],"class_list":["post-14290","post","type-post","status-publish","format-standard","has-post-thumbnail","hentry","category-batxillerat","category-eso","category-eso-1","category-eso-2","category-eso-3","category-eso-4","category-noticies","category-portada"],"post_mailing_queue_ids":[],"_links":{"self":[{"href":"https:\/\/agora.xtec.cat\/iesducdemontblanc\/wp-json\/wp\/v2\/posts\/14290","targetHints":{"allow":["GET"]}}],"collection":[{"href":"https:\/\/agora.xtec.cat\/iesducdemontblanc\/wp-json\/wp\/v2\/posts"}],"about":[{"href":"https:\/\/agora.xtec.cat\/iesducdemontblanc\/wp-json\/wp\/v2\/types\/post"}],"author":[{"embeddable":true,"href":"https:\/\/agora.xtec.cat\/iesducdemontblanc\/wp-json\/wp\/v2\/users\/7"}],"replies":[{"embeddable":true,"href":"https:\/\/agora.xtec.cat\/iesducdemontblanc\/wp-json\/wp\/v2\/comments?post=14290"}],"version-history":[{"count":4,"href":"https:\/\/agora.xtec.cat\/iesducdemontblanc\/wp-json\/wp\/v2\/posts\/14290\/revisions"}],"predecessor-version":[{"id":14294,"href":"https:\/\/agora.xtec.cat\/iesducdemontblanc\/wp-json\/wp\/v2\/posts\/14290\/revisions\/14294"}],"wp:featuredmedia":[{"embeddable":true,"href":"https:\/\/agora.xtec.cat\/iesducdemontblanc\/wp-json\/wp\/v2\/media\/14246"}],"wp:attachment":[{"href":"https:\/\/agora.xtec.cat\/iesducdemontblanc\/wp-json\/wp\/v2\/media?parent=14290"}],"wp:term":[{"taxonomy":"category","embeddable":true,"href":"https:\/\/agora.xtec.cat\/iesducdemontblanc\/wp-json\/wp\/v2\/categories?post=14290"},{"taxonomy":"post_tag","embeddable":true,"href":"https:\/\/agora.xtec.cat\/iesducdemontblanc\/wp-json\/wp\/v2\/tags?post=14290"}],"curies":[{"name":"wp","href":"https:\/\/api.w.org\/{rel}","templated":true}]}}