{"id":13664,"date":"2025-07-14T09:12:00","date_gmt":"2025-07-14T07:12:00","guid":{"rendered":"https:\/\/agora.xtec.cat\/iesducdemontblanc\/?p=13664"},"modified":"2025-08-21T22:01:10","modified_gmt":"2025-08-21T20:01:10","slug":"inici-de-curs-2025-2026","status":"publish","type":"post","link":"https:\/\/agora.xtec.cat\/iesducdemontblanc\/noticies\/inici-de-curs-2025-2026\/","title":{"rendered":"\ud83d\uddd3\ufe0f Calendari i informacions del curs 2025-2026"},"content":{"rendered":"\n<p>Al <strong>Duc de Montblanc<\/strong> ja ens preparem per donar la <strong>benvinguda <\/strong>al nou <strong>curs 2025-2026.<\/strong> A continuaci\u00f3, us detallem el <strong>calendari d\u2019inici <\/strong>i les principals indicacions per a cada etapa:<br><br><strong><mark style=\"background-color:rgba(0, 0, 0, 0)\" class=\"has-inline-color has-ast-global-color-0-color\">\u00b7 ESO &#8211; Dilluns, 8 de setembre<br><\/mark><\/strong><br>El dia <strong>8 de setembre<\/strong> s&#8217;inicien les classes a l<strong>&#8216;ESO<\/strong>, hi haur\u00e0 un horari especial fins a l&#8217;hora del pati i, a partir d\u2019aleshores, les classes es desenvoluparan amb <strong>normalitat<\/strong>. L\u2019alumnat de <strong>1r d\u2019ESO<\/strong> dur\u00e0 a terme una <strong>activitat d\u2019acollida amb els seus tutors i tutores<\/strong>, pensada per facilitar la seva adaptaci\u00f3 al centre i con\u00e8ixer els espais i companys. <br><br><strong>\u00b7 Punt de trobada: <\/strong>el <strong>p\u00e0rquing de l\u2019institut<\/strong>, on el professorat rebr\u00e0 els diferents grups.<br><br><strong><mark style=\"background-color:rgba(0, 0, 0, 0)\" class=\"has-inline-color has-ast-global-color-0-color\">\u00b7 Batxillerat &#8211; Dimecres, 10 de setembre<br><\/mark><\/strong><br>El dia <strong>10 de setembre<\/strong> es convoca l&#8217;alumnat de <strong>Batxillerat<\/strong> per fer la presentaci\u00f3 del curs amb els tutors. <strong>El dia 12 de setembre, s&#8217;inicien les classes en horari normal. <\/strong><br><br><strong>\u00b7 Punt de trobada: <\/strong>el <strong>p\u00e0rquing de l\u2019institut<\/strong>, on el professorat rebr\u00e0 els diferents grups.<br><br><strong><mark style=\"background-color:rgba(0, 0, 0, 0)\" class=\"has-inline-color has-ast-global-color-0-color\">\u00b7 Fam\u00edlies de l&#8217;alumnat SIEI &#8211; Dimecres, 3 de setembre<br><\/mark><\/strong><br>Les fam\u00edlies amb fills i filles escolaritzats a l\u2019aula SIEI estan convocades a una <strong>entrevista individual amb l\u2019equip docent<\/strong> el <strong>dimecres, 3 de setembre, a les 18.00 h<\/strong>.<br><\/p>\n\n\n\n<figure class=\"wp-block-table is-style-stripes\" style=\"margin-top:0;margin-right:0;margin-bottom:0;margin-left:0;padding-top:0;padding-right:0;padding-bottom:0;padding-left:0\"><table class=\"has-fixed-layout\"><thead><tr><th class=\"has-text-align-center\" data-align=\"center\">Curs<\/th><th class=\"has-text-align-center\" data-align=\"center\">Inici<\/th><th class=\"has-text-align-center\" data-align=\"center\">Reunions amb fam\u00edlies<\/th><th class=\"has-text-align-center\" data-align=\"center\">Aules per grups<\/th><\/tr><\/thead><tbody><tr><td class=\"has-text-align-center\" data-align=\"center\">1r d&#8217;ESO<\/td><td class=\"has-text-align-center\" data-align=\"center\"><strong>8 de setembre a les 08.00 h.<br><\/strong>Hora de sortida 14.30\u202fh.<br>Cal portar roba esportiva c\u00f2moda, aigua, cal\u00e7at esportiu, un bol\u00edgraf, fulls i l&#8217;esmorzar. Recordem que l&#8217;alumnat de 1r d&#8217;ESO ha de portar i entregar els deures d&#8217;estiu al tutor\/a.<\/td><td class=\"has-text-align-center\" data-align=\"center\">4 de setembre a les 17.45h a la SALA D&#8217;ACTES.<\/td><td class=\"has-text-align-center\" data-align=\"center\">1r ESO A: aula 201<br>1r ESO B: aula 202<br>1r ESO C: aula 203<br>1r ESO D: aula 204<br>1r ESO E: aula 205<br>1r ESO F: aula 206<\/td><\/tr><tr><td class=\"has-text-align-center\" data-align=\"center\">2n d&#8217;ESO<\/td><td class=\"has-text-align-center\" data-align=\"center\"><strong>8 de setembre a les 08.45 h.<br><\/strong>Hora de sortida a les 14.30\u202fh.<br>Cal portar el port\u00e0til carregat, un bol\u00edgraf, fulls i l&#8217;esmorzar.<\/td><td class=\"has-text-align-center\" data-align=\"center\">17 de setembre a les 17.45h a la SALA D&#8217;ACTES.<\/td><td class=\"has-text-align-center\" data-align=\"center\">2n ESO A: aula 113<br>2n ESO D: aula 116<br>2n ESO B: aula 114<br>2n ESO E: aula 117<br>2n ESO C: aula 115<br>2n ESO F: aula 118<\/td><\/tr><tr><td class=\"has-text-align-center\" data-align=\"center\">3r d&#8217;ESO<\/td><td class=\"has-text-align-center\" data-align=\"center\"><strong>8 de setembre a les 09.15 h.<br><\/strong>Hora de sortida a les 14.30\u202fh.<br>Cal portar el port\u00e0til carregat, un bol\u00edgraf, fulls i l&#8217;esmorzar.<\/td><td class=\"has-text-align-center\" data-align=\"center\">4 de setembre a les 18.15h a la SALA D&#8217;ACTES <br><strong>nom\u00e9s 3r ESO F<\/strong>.<br><br>17 de setembre a les 18.15h a la SALA D&#8217;ACTES <strong>TOT 3r d&#8217;ESO menys 3r ESO F<\/strong>.<\/td><td class=\"has-text-align-center\" data-align=\"center\">3r ESO A: aula 105<br>3r ESO B: aula&nbsp; 106<br>3r ESO C: aula&nbsp; 107<br>3r ESO D: aula 108<br>3r ESO E: aula 109<br>3r ESO F: aula 110<\/td><\/tr><tr><td class=\"has-text-align-center\" data-align=\"center\">4t d&#8217;ESO<\/td><td class=\"has-text-align-center\" data-align=\"center\"><strong>8 de setembre a les 09.45 h.<br><\/strong>Hora de sortida a les 14:30\u202fh.<br>Cal portar el port\u00e0til carregat, un bol\u00edgraf, fulls i l&#8217;esmorzar.<\/td><td class=\"has-text-align-center\" data-align=\"center\">17 de setembre a les 18.45h a la SALA D&#8217;ACTES<\/td><td class=\"has-text-align-center\" data-align=\"center\">4t ESO A: aula B13<br>4t ESO D: aula B16<br>4t ESO B: aula B14<br>4t ESO E: aula B01<br>4t ESO C: aula B15<br>4t ESO F: aula 112<\/td><\/tr><tr><td class=\"has-text-align-center\" data-align=\"center\">1r de batxillerat<\/td><td class=\"has-text-align-center\" data-align=\"center\"><strong>Presentaci\u00f3:<br><\/strong>10 de setembre a les 09.30h<br>Hora de sortida a les 11:00\u202fh.<br>Cal portar un bol\u00edgraf i fulls.<br><br><strong>Inici de curs:<br><\/strong>12 de setembre a les 08.00h<\/td><td class=\"has-text-align-center\" data-align=\"center\">8 i 9 de setembre a partir de les 08.00 h entrevistes individuals amb <strong>l&#8217;alumnat NOU al centre.<\/strong>\u00a0(s&#8217;ha convocat individualment a cada alumne per correu electr\u00f2nic). <br><br>24 de setembre a les 17.45h totes les fam\u00edlies a la SALA D&#8217;ACTES.<\/td><td class=\"has-text-align-center\" data-align=\"center\">1r BTX A: aula 103<br>1r BTX B: aula 207<br>1r BTX C: aula 210<br>1r BTX D: aula B06<br>1r BTX E: aula 120<\/td><\/tr><tr><td class=\"has-text-align-center\" data-align=\"center\">2n de batxillerat<\/td><td class=\"has-text-align-center\" data-align=\"center\"><strong>Presentaci\u00f3<\/strong>:<br>10 de setembre a les 10.00h&nbsp;<br>Hora de sortida a les 11:00\u202fh.<br>Cal portar un bol\u00edgraf i fulls.<br><br><strong>Inici de curs:<br><\/strong>12 de setembre a les 08.00h<\/td><td class=\"has-text-align-center\" data-align=\"center\">24 de setembre a les 18.15h a la SALA D&#8217;ACTES.<\/td><td class=\"has-text-align-center\" data-align=\"center\">2n BTX A: aula BA1<br>2n BTX B: aula BA2<br>2n BTX C: aula BA3<br>2n BTX D: aula BA4<\/td><\/tr><\/tbody><\/table><\/figure>\n\n\n\n<p><\/p>\n","protected":false},"excerpt":{"rendered":"<p>Al Duc de Montblanc ja ens preparem per donar la benvinguda al nou curs 2025-2026. A continuaci\u00f3, us detallem el [&hellip;]<\/p>\n","protected":false},"author":1,"featured_media":13690,"comment_status":"closed","ping_status":"open","sticky":false,"template":"","format":"standard","meta":{"_bbp_topic_count":0,"_bbp_reply_count":0,"_bbp_total_topic_count":0,"_bbp_total_reply_count":0,"_bbp_voice_count":0,"_bbp_anonymous_reply_count":0,"_bbp_topic_count_hidden":0,"_bbp_reply_count_hidden":0,"_bbp_forum_subforum_count":0,"site-sidebar-layout":"no-sidebar","site-content-layout":"","ast-site-content-layout":"default","site-content-style":"default","site-sidebar-style":"default","ast-global-header-display":"","ast-banner-title-visibility":"","ast-main-header-display":"","ast-hfb-above-header-display":"","ast-hfb-below-header-display":"","ast-hfb-mobile-header-display":"","site-post-title":"","ast-breadcrumbs-content":"","ast-featured-img":"","footer-sml-layout":"","theme-transparent-header-meta":"","adv-header-id-meta":"","stick-header-meta":"","header-above-stick-meta":"","header-main-stick-meta":"","header-below-stick-meta":"","astra-migrate-meta-layouts":"set","ast-page-background-enabled":"default","ast-page-background-meta":{"desktop":{"background-color":"var(--ast-global-color-4)","background-image":"","background-repeat":"repeat","background-position":"center center","background-size":"auto","background-attachment":"scroll","background-type":"","background-media":"","overlay-type":"","overlay-color":"","overlay-opacity":"","overlay-gradient":""},"tablet":{"background-color":"","background-image":"","background-repeat":"repeat","background-position":"center center","background-size":"auto","background-attachment":"scroll","background-type":"","background-media":"","overlay-type":"","overlay-color":"","overlay-opacity":"","overlay-gradient":""},"mobile":{"background-color":"","background-image":"","background-repeat":"repeat","background-position":"center center","background-size":"auto","background-attachment":"scroll","background-type":"","background-media":"","overlay-type":"","overlay-color":"","overlay-opacity":"","overlay-gradient":""}},"ast-content-background-meta":{"desktop":{"background-color":"var(--ast-global-color-5)","background-image":"","background-repeat":"repeat","background-position":"center center","background-size":"auto","background-attachment":"scroll","background-type":"","background-media":"","overlay-type":"","overlay-color":"","overlay-opacity":"","overlay-gradient":""},"tablet":{"background-color":"var(--ast-global-color-5)","background-image":"","background-repeat":"repeat","background-position":"center center","background-size":"auto","background-attachment":"scroll","background-type":"","background-media":"","overlay-type":"","overlay-color":"","overlay-opacity":"","overlay-gradient":""},"mobile":{"background-color":"var(--ast-global-color-5)","background-image":"","background-repeat":"repeat","background-position":"center center","background-size":"auto","background-attachment":"scroll","background-type":"","background-media":"","overlay-type":"","overlay-color":"","overlay-opacity":"","overlay-gradient":""}},"footnotes":""},"categories":[8,3,235,1,29],"tags":[],"class_list":["post-13664","post","type-post","status-publish","format-standard","has-post-thumbnail","hentry","category-batxillerat","category-eso","category-inicicurs","category-noticies","category-portada"],"post_mailing_queue_ids":[],"_links":{"self":[{"href":"https:\/\/agora.xtec.cat\/iesducdemontblanc\/wp-json\/wp\/v2\/posts\/13664","targetHints":{"allow":["GET"]}}],"collection":[{"href":"https:\/\/agora.xtec.cat\/iesducdemontblanc\/wp-json\/wp\/v2\/posts"}],"about":[{"href":"https:\/\/agora.xtec.cat\/iesducdemontblanc\/wp-json\/wp\/v2\/types\/post"}],"author":[{"embeddable":true,"href":"https:\/\/agora.xtec.cat\/iesducdemontblanc\/wp-json\/wp\/v2\/users\/1"}],"replies":[{"embeddable":true,"href":"https:\/\/agora.xtec.cat\/iesducdemontblanc\/wp-json\/wp\/v2\/comments?post=13664"}],"version-history":[{"count":6,"href":"https:\/\/agora.xtec.cat\/iesducdemontblanc\/wp-json\/wp\/v2\/posts\/13664\/revisions"}],"predecessor-version":[{"id":13762,"href":"https:\/\/agora.xtec.cat\/iesducdemontblanc\/wp-json\/wp\/v2\/posts\/13664\/revisions\/13762"}],"wp:featuredmedia":[{"embeddable":true,"href":"https:\/\/agora.xtec.cat\/iesducdemontblanc\/wp-json\/wp\/v2\/media\/13690"}],"wp:attachment":[{"href":"https:\/\/agora.xtec.cat\/iesducdemontblanc\/wp-json\/wp\/v2\/media?parent=13664"}],"wp:term":[{"taxonomy":"category","embeddable":true,"href":"https:\/\/agora.xtec.cat\/iesducdemontblanc\/wp-json\/wp\/v2\/categories?post=13664"},{"taxonomy":"post_tag","embeddable":true,"href":"https:\/\/agora.xtec.cat\/iesducdemontblanc\/wp-json\/wp\/v2\/tags?post=13664"}],"curies":[{"name":"wp","href":"https:\/\/api.w.org\/{rel}","templated":true}]}}