{"id":1215,"date":"2018-03-18T19:36:03","date_gmt":"2018-03-18T18:36:03","guid":{"rendered":"http:\/\/agora.xtec.cat\/iesducdemontblanc\/?p=1215"},"modified":"2018-03-18T19:41:33","modified_gmt":"2018-03-18T18:41:33","slug":"som","status":"publish","type":"post","link":"https:\/\/agora.xtec.cat\/iesducdemontblanc\/eso\/som\/","title":{"rendered":"Som +"},"content":{"rendered":"<p style=\"font-weight: 400;\"><b><strong>Som Rub\u00ed, persones + territori<\/strong><\/b>,\u00a0\u00e9s un projecte col\u00b7lectiu i participatiu que d\u00f3na veu als joves i mostra les seves reflexions sobre el m\u00f3n i el Rub\u00ed d\u2019ara en relaci\u00f3 a la idea de multiculturalitat i d\u2019integraci\u00f3.<\/p>\n<p style=\"font-weight: 400;\">Joves de diferents centres de Rub\u00ed: Institut Duc de Montblanc, Col\u00b7legi Balmes, Escola Ribas, Escola de M\u00fasica Pere Bur\u00e9s i Escola d\u2019Art i Disseny edRa, des de la seva diversitat, proposen peces art\u00edstiques fent del Celler un centre de trobada i altaveu d\u2019aquestes mirades.<!--more--><\/p>\n<p style=\"font-weight: 400;\">El recorregut de l\u2019exposici\u00f3 est\u00e0 inspirat en el concepte de\u00a0<i><em>Plenamar<\/em><\/i>, altura m\u00e0xima assolida per la marea. La idea de les diferents al\u00e7ades de l\u2019aigua provocades per la marea es fa present a trav\u00e9s d\u2019una fina l\u00ednia que desvela i oculta el nostre entorn.<\/p>\n<p style=\"font-weight: 400;\">L&#8217;espectador, en el seu recorregut, reflexiona i participa del que ofereixen obres molt diverses rere una barrera subtil que es transforma amb la llum.<\/p>\n<p style=\"font-weight: 400;\"><b><strong>Ho organitza:<\/strong><\/b><br \/>\nL&#8217;Escola d\u2019Art i Disseny edRa, en col\u00b7laboraci\u00f3 amb les \u00e0rees de Cultura i Educaci\u00f3 de l\u2019Ajuntament de Rub\u00ed<br \/>\n<b><strong>Hi\u00a0participen:<\/strong><\/b><br \/>\nInstitut Duc de Montblanc, Col\u00b7legi Balmes, Escola Ribas, Escola Municipal de M\u00fasica Pere Bur\u00e9s i l&#8217;Escola d\u2019Art i Disseny edRa<br \/>\nCol\u00b7laboren: Castellers de Rub\u00ed, LectorsalTren<br \/>\n<b><strong>Idea expositiva:<\/strong><\/b><br \/>\nSara Bel\u00e9n G\u00f3mez P\u00e9rez<br \/>\n<b><strong>Definici\u00f3 de l\u2019exposici\u00f3:<\/strong><\/b><br \/>\nRuth Rinc\u00f3n, Marina Jim\u00e9nez, Sara Bel\u00e9n G\u00f3mez P\u00e9rez, Ariadna<br \/>\nMuntatge: Alumnat i docents de l\u2019escola d\u2019Art i Disseny edRa<\/p>\n<p style=\"font-weight: 400;\">Les obres aportades per l&#8217;institut:<\/p>\n<p><strong>Contactes prohibits<br \/>\n<\/strong>DUC DE MONTBLANC<\/p>\n<p>4t ESO Opt. VIP G2<\/p>\n<p><em>Mans de guix i collage<\/em><\/p>\n<p>L\u2019home ha creat unes fronteres pol\u00edtiques i f\u00edsiques que fan que hi hagi relacions i contactes prohibits entre persones. Limitem i controlem el moviment de les persones, per tant tamb\u00e9 la seva llibertat. Aix\u00f2 provoca patiment, injust\u00edcies, desigualtats. Amb aquesta proposta intentem representar la viol\u00e8ncia que guarden moltes fronteres. Els nostres sentiments estan o poden estar coaccionats i condicionats per unes fronteres que sempre serveixen per separar-nos.<\/p>\n<p>Hem volgut completar la nostra proposta amb un recull de diversos titular actuals sobre la problem\u00e0tica hist\u00f2rica per\u00f2 tamb\u00e9 actual dels refugiats i immigrants.<\/p>\n<p><strong>Migraci\u00f3 Global<br \/>\n<\/strong>DUC DE MONTBLANC<\/p>\n<p>4t ESO Opt. VIP G2<\/p>\n<p><em>Mapa sobre cartr\u00f3 amb llums i \u00e0udio<\/em><\/p>\n<p>Amb aquest mapa que mostra el m\u00f3n i diversos punts que s\u2019il\u00b7luminen en diferents moments. S\u2019acompanya d\u2019unes reflexions de l\u2019alumnat sobre els motius, les condicions i motivacions de les persones per deixar la seva llar, abandonar la seva vida i buscar un futur lluny del seu passat i fam\u00edlia.<\/p>\n<p>Les llums s\u00f3n aleat\u00f2ries com ho \u00e9s la possibilitat d\u2019esdevenir immigrant, refugiat o pa\u00eds de receptor dels dos anteriors. Ning\u00fa pot estar segur que mai pot veure\u2019s obligat a esdevenir immigrant per voluntat pr\u00f2pia o motius aliens a aquesta.<\/p>\n<p>&nbsp;<\/p>\n<p><strong>La nostra veu: La vostra<br \/>\n<\/strong>DUC DE MONTBLANC<br \/>\n4t ESO A<br \/>\n<em>V\u00eddeo documental del mural instal\u00b7lat al passad\u00eds del Duc de Montblanc.<\/em><\/p>\n<p>Aquest mural \u00e9s el resultat del treball cooperatiu del grup de quart d&#8217;ESO adaptat de l&#8217;Institut Duc de Montblanc. Des de les instrumentals de llengua castellana i catalana es va fer un tractament de la immigraci\u00f3 des d&#8217;un punt emocional i tamb\u00e9 va tenir incid\u00e8ncia a Ci\u00e8ncies\u00a0 Socials i Matem\u00e0tiques. A partir de la xerrada a classe dels avis d&#8217;un dels alumnes del grup, el nostre alumnat va prendre consci\u00e8ncia de l&#8217;experi\u00e8ncia de deixar la terra que t&#8217;ha vist n\u00e9ixer i comen\u00e7ar una nova vida a la terra d&#8217;acollida, Catalunya.<\/p>\n<p>Vam mostrar a l&#8217;alumnat diversos exemples reals d&#8217;altres experi\u00e8ncies d&#8217;immigraci\u00f3 a partir de reportatges. Des del primer moment, hem intentat que l&#8217;alumnat es pos\u00e9s en la pell de qui ha de deixar casa seva i comen\u00e7ar una vida nova.<\/p>\n<p>Despr\u00e9s d&#8217;aquesta tasca inicial de sensibilitzaci\u00f3 es va crear un &#8220;banc d&#8217;idees&#8221; a partir de dos grans blocs: per qu\u00e8 abandonem el nostre pa\u00eds? Qu\u00e8 esperem del pa\u00eds d&#8217;acollida?<\/p>\n<p>A fi de donar un abast cultural, hist\u00f2ric i literari de l&#8217;activitat, es va fer un mapa mundial amb el recorregut que van fer diversos escriptors i escriptores de la literatura espanyola i catalana a causa de l&#8217;exili.<\/p>\n<p>L&#8217;activitat va finalitzar amb la creaci\u00f3 d&#8217;un mural a partir de la reflexi\u00f3 d&#8217;un fragment de text de Josep M. Terricabras sobre les pors que genera la immigraci\u00f3.<\/p>\n<p>L&#8217;eix vertebrador del mural ha estat la recerca dels vaixells que van marxar al continent americ\u00e0 plens de persones que pensaven diferent de la pol\u00edtica del moment. Aix\u00ed doncs, vam recrear la hist\u00f2ria del vaixell Winnipeg que Pablo Neruda va llogar, com a c\u00f2nsol de Xile a Fran\u00e7a, per salvar m\u00e9s de 2.500 persones exiliades republicanes de la Guerra Civil espanyola, el 3 de setembre de 1939. En aquest vaixell va viatjar un ciutad\u00e0 de Rub\u00ed del qual en vam explicar la hist\u00f2ria. Aquest home \u00e9s el V\u00edctor Pujol Rosell.<\/p>\n<p>El mural expressa, metaf\u00f2ricament, la veu de totes les persones exiliades. Per aix\u00f2, alguns noms de les persones apareixen escrits sobre les onades en representaci\u00f3 de tots i totes. Els escriptors i escriptores exiliats\u00a0\u00a0dels quals en vam treballar la biografia tamb\u00e9 apareixen representats.<\/p>\n<p>&nbsp;<\/p>\n<p>&nbsp;<\/p>\n<p><strong>Qu\u00e8 ens enduem i qu\u00e8 deixem enrere<\/strong><strong><br \/>\n<\/strong>DUC DE MONTBLANC<br \/>\n4t ESO A Opt. Visual i Pl\u00e0stica<\/p>\n<p><em>Muntatge audiovisual<\/em><\/p>\n<p>En aquesta proposta vam intentar reflectir que tenia en com\u00fa el proc\u00e9s d\u2019immigrar independentment de les motivacions,\u00a0\u00a0el pa\u00eds o el moment hist\u00f2ric o vital de l\u2019individu. Amb una reflexi\u00f3 grupal ens vam adonar que sempre intentem emportar-nos amb nosaltres les nostres propietats, ens emportem records i un grapat d\u2019experi\u00e8ncies. Podem fugir en busca de noves oportunitats, millores o per por a perdre la vida. Mai tindrem garanties del que ens oferir\u00e0 aquest dest\u00ed per\u00f2 en aquest proc\u00e9s de empaquetar la nostra vida hi ha coses immaterials que es perdran: confort, amics, paisatges, olor&#8230; petites grans parts de la nostra identitat. Per tant, al marxar sempre deixem part de nosaltres.<\/p>\n<p><strong>La nostra veu: la vostra<\/strong><\/p>\n<p style=\"font-weight: 400;\"><a href=\"https:\/\/vimeo.com\/258151765\" data-saferedirecturl=\"https:\/\/www.google.com\/url?hl=ca&amp;q=https:\/\/vimeo.com\/258151765&amp;source=gmail&amp;ust=1521483341077000&amp;usg=AFQjCNE4KaGDQJH-Pf8bEehXLDyUgDcx-g\">https:\/\/vimeo.com\/258151765<\/a><\/p>\n<p><strong>Qu\u00e8 ens enduem i que deixem enrera<\/strong><\/p>\n<p style=\"font-weight: 400;\"><a href=\"https:\/\/vimeo.com\/258169383\" data-saferedirecturl=\"https:\/\/www.google.com\/url?hl=ca&amp;q=https:\/\/vimeo.com\/258169383&amp;source=gmail&amp;ust=1521483341077000&amp;usg=AFQjCNGIMk4U26syvvgD9C_UuRMUuiI6pQ\">https:\/\/vimeo.com\/258169383<\/a><\/p>\n<p style=\"font-weight: 400;\">\n<p style=\"font-weight: 400;\"><\/p>\n","protected":false},"excerpt":{"rendered":"<p>Som Rub\u00ed, persones + territori,\u00a0\u00e9s un projecte col\u00b7lectiu i participatiu que d\u00f3na veu als joves i mostra les seves reflexions [&hellip;]<\/p>\n","protected":false},"author":5,"featured_media":1220,"comment_status":"open","ping_status":"closed","sticky":false,"template":"","format":"standard","meta":{"_bbp_topic_count":0,"_bbp_reply_count":0,"_bbp_total_topic_count":0,"_bbp_total_reply_count":0,"_bbp_voice_count":0,"_bbp_anonymous_reply_count":0,"_bbp_topic_count_hidden":0,"_bbp_reply_count_hidden":0,"_bbp_forum_subforum_count":0,"site-sidebar-layout":"default","site-content-layout":"","ast-site-content-layout":"","site-content-style":"default","site-sidebar-style":"default","ast-global-header-display":"","ast-banner-title-visibility":"","ast-main-header-display":"","ast-hfb-above-header-display":"","ast-hfb-below-header-display":"","ast-hfb-mobile-header-display":"","site-post-title":"","ast-breadcrumbs-content":"","ast-featured-img":"","footer-sml-layout":"","theme-transparent-header-meta":"","adv-header-id-meta":"","stick-header-meta":"","header-above-stick-meta":"","header-main-stick-meta":"","header-below-stick-meta":"","astra-migrate-meta-layouts":"default","ast-page-background-enabled":"default","ast-page-background-meta":{"desktop":{"background-color":"var(--ast-global-color-4)","background-image":"","background-repeat":"repeat","background-position":"center center","background-size":"auto","background-attachment":"scroll","background-type":"","background-media":"","overlay-type":"","overlay-color":"","overlay-opacity":"","overlay-gradient":""},"tablet":{"background-color":"","background-image":"","background-repeat":"repeat","background-position":"center center","background-size":"auto","background-attachment":"scroll","background-type":"","background-media":"","overlay-type":"","overlay-color":"","overlay-opacity":"","overlay-gradient":""},"mobile":{"background-color":"","background-image":"","background-repeat":"repeat","background-position":"center center","background-size":"auto","background-attachment":"scroll","background-type":"","background-media":"","overlay-type":"","overlay-color":"","overlay-opacity":"","overlay-gradient":""}},"ast-content-background-meta":{"desktop":{"background-color":"var(--ast-global-color-5)","background-image":"","background-repeat":"repeat","background-position":"center center","background-size":"auto","background-attachment":"scroll","background-type":"","background-media":"","overlay-type":"","overlay-color":"","overlay-opacity":"","overlay-gradient":""},"tablet":{"background-color":"var(--ast-global-color-5)","background-image":"","background-repeat":"repeat","background-position":"center center","background-size":"auto","background-attachment":"scroll","background-type":"","background-media":"","overlay-type":"","overlay-color":"","overlay-opacity":"","overlay-gradient":""},"mobile":{"background-color":"var(--ast-global-color-5)","background-image":"","background-repeat":"repeat","background-position":"center center","background-size":"auto","background-attachment":"scroll","background-type":"","background-media":"","overlay-type":"","overlay-color":"","overlay-opacity":"","overlay-gradient":""}},"footnotes":""},"categories":[3,29],"tags":[],"class_list":["post-1215","post","type-post","status-publish","format-standard","has-post-thumbnail","hentry","category-eso","category-portada"],"post_mailing_queue_ids":[],"_links":{"self":[{"href":"https:\/\/agora.xtec.cat\/iesducdemontblanc\/wp-json\/wp\/v2\/posts\/1215","targetHints":{"allow":["GET"]}}],"collection":[{"href":"https:\/\/agora.xtec.cat\/iesducdemontblanc\/wp-json\/wp\/v2\/posts"}],"about":[{"href":"https:\/\/agora.xtec.cat\/iesducdemontblanc\/wp-json\/wp\/v2\/types\/post"}],"author":[{"embeddable":true,"href":"https:\/\/agora.xtec.cat\/iesducdemontblanc\/wp-json\/wp\/v2\/users\/5"}],"replies":[{"embeddable":true,"href":"https:\/\/agora.xtec.cat\/iesducdemontblanc\/wp-json\/wp\/v2\/comments?post=1215"}],"version-history":[{"count":3,"href":"https:\/\/agora.xtec.cat\/iesducdemontblanc\/wp-json\/wp\/v2\/posts\/1215\/revisions"}],"predecessor-version":[{"id":1225,"href":"https:\/\/agora.xtec.cat\/iesducdemontblanc\/wp-json\/wp\/v2\/posts\/1215\/revisions\/1225"}],"wp:featuredmedia":[{"embeddable":true,"href":"https:\/\/agora.xtec.cat\/iesducdemontblanc\/wp-json\/wp\/v2\/media\/1220"}],"wp:attachment":[{"href":"https:\/\/agora.xtec.cat\/iesducdemontblanc\/wp-json\/wp\/v2\/media?parent=1215"}],"wp:term":[{"taxonomy":"category","embeddable":true,"href":"https:\/\/agora.xtec.cat\/iesducdemontblanc\/wp-json\/wp\/v2\/categories?post=1215"},{"taxonomy":"post_tag","embeddable":true,"href":"https:\/\/agora.xtec.cat\/iesducdemontblanc\/wp-json\/wp\/v2\/tags?post=1215"}],"curies":[{"name":"wp","href":"https:\/\/api.w.org\/{rel}","templated":true}]}}