{"id":12124,"date":"2025-02-21T12:36:30","date_gmt":"2025-02-21T11:36:30","guid":{"rendered":"https:\/\/agora.xtec.cat\/iesducdemontblanc\/?p=12124"},"modified":"2025-02-23T13:03:29","modified_gmt":"2025-02-23T12:03:29","slug":"arriba-la-setmana-boja-de-carnestoltes-%f0%9f%8e%ad%f0%9f%8e%89","status":"publish","type":"post","link":"https:\/\/agora.xtec.cat\/iesducdemontblanc\/noticies\/arriba-la-setmana-boja-de-carnestoltes-%f0%9f%8e%ad%f0%9f%8e%89\/","title":{"rendered":"Arriba la setmana boja de Carnestoltes! \ud83c\udf89"},"content":{"rendered":"\n<p>La setmana vinent, <strong>la bogeria del Carnestoltes envair\u00e0 el Duc<\/strong>! Del <strong>24 al 28 de febrer<\/strong>, celebrarem la <strong>setmana boja<\/strong>, uns dies plens de diversi\u00f3, creativitat i molta disbauxa. Cada dia, haureu de seguir una consigna diferent. Esteu preparats i preparades?<\/p>\n<ul>\n<li><strong>Dilluns 24 \u2013 Ben mudats i mudades<\/strong> \ud83d\udc57\ud83d\udc54<br \/>Comencem la setmana amb glamur! Prepareu les vostres millors gales i doneu-li un toc d\u2019eleg\u00e0ncia a les aules.<\/li>\n<li><strong>Dimarts 25 \u2013 Pijama i complements<\/strong> \ud83d\ude34 \ud83d\udca4<br \/>Porteu el vostre pijama m\u00e9s c\u00f2mode per sentir-vos com a casa i afegiu-hi complements divertits&#8230; Per\u00f2, compte, no us adormiu!<\/li>\n<li><strong>Dimecres 26 \u2013 Pentinat esbojarrat<\/strong> \ud83d\udc87\u200d\u2640\ufe0f\ud83e\udd2f<br \/>Feu-vos el pentinat m\u00e9s estrafolari que pugueu imaginar i demostreu que l\u2019originalitat tamb\u00e9 \u00e9s un tema capil\u00b7lar.<\/li>\n<li><strong>Dijous 27 \u2013 Dijous llarder, d\u2019esportista vindr\u00e9<\/strong> \ud83c\udfd3\ud83c\udfc0<br \/>El dijous llarder, prepareu el xandall, les mitges, les raquetes i tot el que faci falta per reviure l\u2019esperit ol\u00edmpic!<\/li>\n<li><strong>Divendres 28 \u2013 Viatge en el temps<\/strong> \u23f3 \ud83c\udfad<br \/>A les 11:45 h, celebrem el Carnestoltes! Cada grup s&#8217;inspirar\u00e0 en una \u00e8poca per oferir als companys i companyes un espectacle musical ple d\u2019hist\u00f2ria i creativitat.<\/li>\n<\/ul>\n<p>Aquesta setmana ser\u00e0 inoblidable&#8230; Per escalfar motors, us deixem amb els <strong>cartells guanyadors<\/strong> del concurs de disseny organitzat per la mat\u00e8ria d&#8217;<strong>Expressi\u00f3 Art\u00edstica a 4t d&#8217;ESO<\/strong>. Que comenci la festa!<\/p>\n\n\n\n<figure class=\"wp-block-gallery has-nested-images columns-default is-cropped wp-block-gallery-1 is-layout-flex wp-block-gallery-is-layout-flex\">\n<figure class=\"wp-block-image size-large\"><a href=\"https:\/\/agora.xtec.cat\/iesducdemontblanc\/wp-content\/uploads\/usu873\/2025\/02\/Festa-de-Carnestoltes-1.jpg\"><img loading=\"lazy\" decoding=\"async\" width=\"675\" height=\"1024\" data-id=\"12126\" src=\"https:\/\/agora.xtec.cat\/iesducdemontblanc\/wp-content\/uploads\/usu873\/2025\/02\/Festa-de-Carnestoltes-1-675x1024.jpg\" alt=\"\" class=\"wp-image-12126\" srcset=\"https:\/\/agora.xtec.cat\/iesducdemontblanc\/wp-content\/uploads\/usu873\/2025\/02\/Festa-de-Carnestoltes-1-675x1024.jpg 675w, https:\/\/agora.xtec.cat\/iesducdemontblanc\/wp-content\/uploads\/usu873\/2025\/02\/Festa-de-Carnestoltes-1-198x300.jpg 198w, https:\/\/agora.xtec.cat\/iesducdemontblanc\/wp-content\/uploads\/usu873\/2025\/02\/Festa-de-Carnestoltes-1-768x1165.jpg 768w, https:\/\/agora.xtec.cat\/iesducdemontblanc\/wp-content\/uploads\/usu873\/2025\/02\/Festa-de-Carnestoltes-1-1013x1536.jpg 1013w, https:\/\/agora.xtec.cat\/iesducdemontblanc\/wp-content\/uploads\/usu873\/2025\/02\/Festa-de-Carnestoltes-1.jpg 1030w\" sizes=\"auto, (max-width: 675px) 100vw, 675px\" \/><\/a><\/figure>\n\n\n\n<figure class=\"wp-block-image size-large\"><a href=\"https:\/\/agora.xtec.cat\/iesducdemontblanc\/wp-content\/uploads\/usu873\/2025\/02\/Setmana-Boja-scaled.jpg\"><img loading=\"lazy\" decoding=\"async\" width=\"682\" height=\"1024\" data-id=\"12125\" src=\"https:\/\/agora.xtec.cat\/iesducdemontblanc\/wp-content\/uploads\/usu873\/2025\/02\/Setmana-Boja-682x1024.jpg\" alt=\"\" class=\"wp-image-12125\" srcset=\"https:\/\/agora.xtec.cat\/iesducdemontblanc\/wp-content\/uploads\/usu873\/2025\/02\/Setmana-Boja-682x1024.jpg 682w, https:\/\/agora.xtec.cat\/iesducdemontblanc\/wp-content\/uploads\/usu873\/2025\/02\/Setmana-Boja-200x300.jpg 200w, https:\/\/agora.xtec.cat\/iesducdemontblanc\/wp-content\/uploads\/usu873\/2025\/02\/Setmana-Boja-768x1152.jpg 768w, https:\/\/agora.xtec.cat\/iesducdemontblanc\/wp-content\/uploads\/usu873\/2025\/02\/Setmana-Boja-1024x1536.jpg 1024w, https:\/\/agora.xtec.cat\/iesducdemontblanc\/wp-content\/uploads\/usu873\/2025\/02\/Setmana-Boja-1365x2048.jpg 1365w, https:\/\/agora.xtec.cat\/iesducdemontblanc\/wp-content\/uploads\/usu873\/2025\/02\/Setmana-Boja-scaled.jpg 1706w\" sizes=\"auto, (max-width: 682px) 100vw, 682px\" \/><\/a><\/figure>\n<\/figure>\n","protected":false},"excerpt":{"rendered":"<p>La setmana vinent, la bogeria del Carnestoltes envair\u00e0 el Duc! Del 24 al 28 de febrer, celebrarem la setmana boja, [&hellip;]<\/p>\n","protected":false},"author":7,"featured_media":12126,"comment_status":"closed","ping_status":"open","sticky":false,"template":"","format":"standard","meta":{"_bbp_topic_count":0,"_bbp_reply_count":0,"_bbp_total_topic_count":0,"_bbp_total_reply_count":0,"_bbp_voice_count":0,"_bbp_anonymous_reply_count":0,"_bbp_topic_count_hidden":0,"_bbp_reply_count_hidden":0,"_bbp_forum_subforum_count":0,"site-sidebar-layout":"no-sidebar","site-content-layout":"","ast-site-content-layout":"default","site-content-style":"default","site-sidebar-style":"default","ast-global-header-display":"","ast-banner-title-visibility":"","ast-main-header-display":"","ast-hfb-above-header-display":"","ast-hfb-below-header-display":"","ast-hfb-mobile-header-display":"","site-post-title":"","ast-breadcrumbs-content":"","ast-featured-img":"","footer-sml-layout":"","theme-transparent-header-meta":"","adv-header-id-meta":"","stick-header-meta":"","header-above-stick-meta":"","header-main-stick-meta":"","header-below-stick-meta":"","astra-migrate-meta-layouts":"set","ast-page-background-enabled":"default","ast-page-background-meta":{"desktop":{"background-color":"var(--ast-global-color-4)","background-image":"","background-repeat":"repeat","background-position":"center center","background-size":"auto","background-attachment":"scroll","background-type":"","background-media":"","overlay-type":"","overlay-color":"","overlay-opacity":"","overlay-gradient":""},"tablet":{"background-color":"","background-image":"","background-repeat":"repeat","background-position":"center center","background-size":"auto","background-attachment":"scroll","background-type":"","background-media":"","overlay-type":"","overlay-color":"","overlay-opacity":"","overlay-gradient":""},"mobile":{"background-color":"","background-image":"","background-repeat":"repeat","background-position":"center center","background-size":"auto","background-attachment":"scroll","background-type":"","background-media":"","overlay-type":"","overlay-color":"","overlay-opacity":"","overlay-gradient":""}},"ast-content-background-meta":{"desktop":{"background-color":"var(--ast-global-color-5)","background-image":"","background-repeat":"repeat","background-position":"center center","background-size":"auto","background-attachment":"scroll","background-type":"","background-media":"","overlay-type":"","overlay-color":"","overlay-opacity":"","overlay-gradient":""},"tablet":{"background-color":"var(--ast-global-color-5)","background-image":"","background-repeat":"repeat","background-position":"center center","background-size":"auto","background-attachment":"scroll","background-type":"","background-media":"","overlay-type":"","overlay-color":"","overlay-opacity":"","overlay-gradient":""},"mobile":{"background-color":"var(--ast-global-color-5)","background-image":"","background-repeat":"repeat","background-position":"center center","background-size":"auto","background-attachment":"scroll","background-type":"","background-media":"","overlay-type":"","overlay-color":"","overlay-opacity":"","overlay-gradient":""}},"footnotes":""},"categories":[183,8,3,4,5,6,7,1,29],"tags":[],"class_list":["post-12124","post","type-post","status-publish","format-standard","has-post-thumbnail","hentry","category-araart","category-batxillerat","category-eso","category-eso-1","category-eso-2","category-eso-3","category-eso-4","category-noticies","category-portada"],"post_mailing_queue_ids":[],"_links":{"self":[{"href":"https:\/\/agora.xtec.cat\/iesducdemontblanc\/wp-json\/wp\/v2\/posts\/12124","targetHints":{"allow":["GET"]}}],"collection":[{"href":"https:\/\/agora.xtec.cat\/iesducdemontblanc\/wp-json\/wp\/v2\/posts"}],"about":[{"href":"https:\/\/agora.xtec.cat\/iesducdemontblanc\/wp-json\/wp\/v2\/types\/post"}],"author":[{"embeddable":true,"href":"https:\/\/agora.xtec.cat\/iesducdemontblanc\/wp-json\/wp\/v2\/users\/7"}],"replies":[{"embeddable":true,"href":"https:\/\/agora.xtec.cat\/iesducdemontblanc\/wp-json\/wp\/v2\/comments?post=12124"}],"version-history":[{"count":6,"href":"https:\/\/agora.xtec.cat\/iesducdemontblanc\/wp-json\/wp\/v2\/posts\/12124\/revisions"}],"predecessor-version":[{"id":12135,"href":"https:\/\/agora.xtec.cat\/iesducdemontblanc\/wp-json\/wp\/v2\/posts\/12124\/revisions\/12135"}],"wp:featuredmedia":[{"embeddable":true,"href":"https:\/\/agora.xtec.cat\/iesducdemontblanc\/wp-json\/wp\/v2\/media\/12126"}],"wp:attachment":[{"href":"https:\/\/agora.xtec.cat\/iesducdemontblanc\/wp-json\/wp\/v2\/media?parent=12124"}],"wp:term":[{"taxonomy":"category","embeddable":true,"href":"https:\/\/agora.xtec.cat\/iesducdemontblanc\/wp-json\/wp\/v2\/categories?post=12124"},{"taxonomy":"post_tag","embeddable":true,"href":"https:\/\/agora.xtec.cat\/iesducdemontblanc\/wp-json\/wp\/v2\/tags?post=12124"}],"curies":[{"name":"wp","href":"https:\/\/api.w.org\/{rel}","templated":true}]}}