{"id":10960,"date":"2024-10-10T19:28:09","date_gmt":"2024-10-10T17:28:09","guid":{"rendered":"https:\/\/agora.xtec.cat\/iesducdemontblanc\/?p=10960"},"modified":"2025-01-23T11:30:31","modified_gmt":"2025-01-23T10:30:31","slug":"classes-de-llengua-arab-i-cultura-marroquina-al-duc","status":"publish","type":"post","link":"https:\/\/agora.xtec.cat\/iesducdemontblanc\/noticies\/classes-de-llengua-arab-i-cultura-marroquina-al-duc\/","title":{"rendered":"Classes de llengua \u00e0rab i cultura marroquina al Duc"},"content":{"rendered":"\n<p>El Departament d&#8217;Educaci\u00f3 ofereix un <strong>curs d\u2019\u00e0rab i cultura marroquina al Duc de Montblanc<\/strong> per a l&#8217;alumnat de secund\u00e0ria. Aquesta \u00e9s sens dubte una magn\u00edfica oportunitat perqu\u00e8 els vostres fills i filles aprenguin la llengua \u00e0rab i descobreixin la cultura marroquina.<\/p>\n<p>El curs ser\u00e0 impartit pel <strong>professor Mohamed el Bakkali<\/strong>, que s&#8217;incorpora impartir\u00e0 les classes al nostre centre gr\u00e0cies a un conveni amb el govern del Marroc. Les classes comen\u00e7aran aproximadament a <strong>principis de novembre<\/strong> i s&#8217;allargaran <strong>fins al juny<\/strong>, seguint el calendari escolar del nostre centre.<\/p>\n<p>Les sessions es realitzaran els <strong>dilluns i dimecres, en dos horaris: de 17 h a 18 h i de 18 h a 19 h<\/strong>. La formaci\u00f3 es far\u00e0 en un o dos grups, depenent del nombre d&#8217;alumnes matriculats (amb m\u00e0xim de 15 alumnes per grup), i \u00e9s <strong>dirigida a l&#8217;alumnat de 1r, 2n, 3r i 4t d\u2019ESO<\/strong>.<\/p>\n<p>Si esteu interessats a <strong>inscriure els vostres fills i filles<\/strong>, podeu contactar amb secretaria a trav\u00e9s del correu electr\u00f2nic: <strong><a href=\"mailto:secretaria-eso@ducdemontblanc.cat\">secretaria-eso@ducdemontblanc.cat<\/a><\/strong>. La <strong>data l\u00edmit<\/strong> per fer la inscripci\u00f3 \u00e9s el <strong>25 d&#8217;octubre de 2024<\/strong>.<\/p>\n<p>No deixeu escapar aquesta <strong>oportunitat \u00fanica<\/strong> perqu\u00e8 els vostres fills i filles coneguin <strong>una nova llengua<\/strong>, sin\u00f3 tamb\u00e9 perqu\u00e8 s&#8217;endinsin en <strong>una cultura plena de tradicions, hist\u00f2ria i diversitat<\/strong>!<\/p>\n<p>\u00a0<\/p>\n<p>\u00a0<\/p>\n","protected":false},"excerpt":{"rendered":"<p>El Departament d&#8217;Educaci\u00f3 ofereix un curs d\u2019\u00e0rab i cultura marroquina al Duc de Montblanc per a l&#8217;alumnat de secund\u00e0ria. Aquesta [&hellip;]<\/p>\n","protected":false},"author":7,"featured_media":10961,"comment_status":"closed","ping_status":"open","sticky":false,"template":"","format":"standard","meta":{"_bbp_topic_count":0,"_bbp_reply_count":0,"_bbp_total_topic_count":0,"_bbp_total_reply_count":0,"_bbp_voice_count":0,"_bbp_anonymous_reply_count":0,"_bbp_topic_count_hidden":0,"_bbp_reply_count_hidden":0,"_bbp_forum_subforum_count":0,"site-sidebar-layout":"no-sidebar","site-content-layout":"","ast-site-content-layout":"default","site-content-style":"default","site-sidebar-style":"default","ast-global-header-display":"","ast-banner-title-visibility":"","ast-main-header-display":"","ast-hfb-above-header-display":"","ast-hfb-below-header-display":"","ast-hfb-mobile-header-display":"","site-post-title":"","ast-breadcrumbs-content":"","ast-featured-img":"","footer-sml-layout":"","theme-transparent-header-meta":"","adv-header-id-meta":"","stick-header-meta":"","header-above-stick-meta":"","header-main-stick-meta":"","header-below-stick-meta":"","astra-migrate-meta-layouts":"set","ast-page-background-enabled":"default","ast-page-background-meta":{"desktop":{"background-color":"var(--ast-global-color-4)","background-image":"","background-repeat":"repeat","background-position":"center center","background-size":"auto","background-attachment":"scroll","background-type":"","background-media":"","overlay-type":"","overlay-color":"","overlay-opacity":"","overlay-gradient":""},"tablet":{"background-color":"","background-image":"","background-repeat":"repeat","background-position":"center center","background-size":"auto","background-attachment":"scroll","background-type":"","background-media":"","overlay-type":"","overlay-color":"","overlay-opacity":"","overlay-gradient":""},"mobile":{"background-color":"","background-image":"","background-repeat":"repeat","background-position":"center center","background-size":"auto","background-attachment":"scroll","background-type":"","background-media":"","overlay-type":"","overlay-color":"","overlay-opacity":"","overlay-gradient":""}},"ast-content-background-meta":{"desktop":{"background-color":"var(--ast-global-color-5)","background-image":"","background-repeat":"repeat","background-position":"center center","background-size":"auto","background-attachment":"scroll","background-type":"","background-media":"","overlay-type":"","overlay-color":"","overlay-opacity":"","overlay-gradient":""},"tablet":{"background-color":"var(--ast-global-color-5)","background-image":"","background-repeat":"repeat","background-position":"center center","background-size":"auto","background-attachment":"scroll","background-type":"","background-media":"","overlay-type":"","overlay-color":"","overlay-opacity":"","overlay-gradient":""},"mobile":{"background-color":"var(--ast-global-color-5)","background-image":"","background-repeat":"repeat","background-position":"center center","background-size":"auto","background-attachment":"scroll","background-type":"","background-media":"","overlay-type":"","overlay-color":"","overlay-opacity":"","overlay-gradient":""}},"footnotes":""},"categories":[3,1,29],"tags":[],"class_list":["post-10960","post","type-post","status-publish","format-standard","has-post-thumbnail","hentry","category-eso","category-noticies","category-portada"],"post_mailing_queue_ids":[],"_links":{"self":[{"href":"https:\/\/agora.xtec.cat\/iesducdemontblanc\/wp-json\/wp\/v2\/posts\/10960","targetHints":{"allow":["GET"]}}],"collection":[{"href":"https:\/\/agora.xtec.cat\/iesducdemontblanc\/wp-json\/wp\/v2\/posts"}],"about":[{"href":"https:\/\/agora.xtec.cat\/iesducdemontblanc\/wp-json\/wp\/v2\/types\/post"}],"author":[{"embeddable":true,"href":"https:\/\/agora.xtec.cat\/iesducdemontblanc\/wp-json\/wp\/v2\/users\/7"}],"replies":[{"embeddable":true,"href":"https:\/\/agora.xtec.cat\/iesducdemontblanc\/wp-json\/wp\/v2\/comments?post=10960"}],"version-history":[{"count":2,"href":"https:\/\/agora.xtec.cat\/iesducdemontblanc\/wp-json\/wp\/v2\/posts\/10960\/revisions"}],"predecessor-version":[{"id":11602,"href":"https:\/\/agora.xtec.cat\/iesducdemontblanc\/wp-json\/wp\/v2\/posts\/10960\/revisions\/11602"}],"wp:featuredmedia":[{"embeddable":true,"href":"https:\/\/agora.xtec.cat\/iesducdemontblanc\/wp-json\/wp\/v2\/media\/10961"}],"wp:attachment":[{"href":"https:\/\/agora.xtec.cat\/iesducdemontblanc\/wp-json\/wp\/v2\/media?parent=10960"}],"wp:term":[{"taxonomy":"category","embeddable":true,"href":"https:\/\/agora.xtec.cat\/iesducdemontblanc\/wp-json\/wp\/v2\/categories?post=10960"},{"taxonomy":"post_tag","embeddable":true,"href":"https:\/\/agora.xtec.cat\/iesducdemontblanc\/wp-json\/wp\/v2\/tags?post=10960"}],"curies":[{"name":"wp","href":"https:\/\/api.w.org\/{rel}","templated":true}]}}