{"id":10797,"date":"2024-07-23T09:00:01","date_gmt":"2024-07-23T07:00:01","guid":{"rendered":"https:\/\/agora.xtec.cat\/iesducdemontblanc\/?p=10797"},"modified":"2025-07-09T08:21:53","modified_gmt":"2025-07-09T06:21:53","slug":"inici-de-curs-2024-25","status":"publish","type":"post","link":"https:\/\/agora.xtec.cat\/iesducdemontblanc\/noticies\/inici-de-curs-2024-25\/","title":{"rendered":"Inici de curs 2024\/2025"},"content":{"rendered":"<p><img loading=\"lazy\" decoding=\"async\" class=\"aligncenter wp-image-10820 size-medium\" src=\"https:\/\/agora.xtec.cat\/iesducdemontblanc\/wp-content\/uploads\/usu873\/2024\/07\/imatge-rebuda-web-240x300.jpg\" alt=\"\" width=\"240\" height=\"300\" srcset=\"https:\/\/agora.xtec.cat\/iesducdemontblanc\/wp-content\/uploads\/usu873\/2024\/07\/imatge-rebuda-web-240x300.jpg 240w, https:\/\/agora.xtec.cat\/iesducdemontblanc\/wp-content\/uploads\/usu873\/2024\/07\/imatge-rebuda-web-820x1024.jpg 820w, https:\/\/agora.xtec.cat\/iesducdemontblanc\/wp-content\/uploads\/usu873\/2024\/07\/imatge-rebuda-web-768x960.jpg 768w, https:\/\/agora.xtec.cat\/iesducdemontblanc\/wp-content\/uploads\/usu873\/2024\/07\/imatge-rebuda-web-1229x1536.jpg 1229w, https:\/\/agora.xtec.cat\/iesducdemontblanc\/wp-content\/uploads\/usu873\/2024\/07\/imatge-rebuda-web.jpg 1639w\" sizes=\"auto, (max-width: 240px) 100vw, 240px\" \/><\/p>\n<p>El dia <strong>9 de setembre<\/strong> s&#8217;inicien les classes a l<strong>&#8216;ESO<\/strong>, hi haur\u00e0 un horari especial i unes activitats d&#8217;acollida amb els tutors\/es. El punt de trobada del primer dia de classe ser\u00e0 el p\u00e0rquing de l&#8217;institut.<\/p>\n<p>El dia <strong>12 de setembre<\/strong> es comencen les classes al <strong>Batxillerat, <\/strong>hi haur\u00e0 un horari especial i unes activitats d&#8217;acollida amb els tutors\/es.<\/p>\n<p>Les<strong> fam\u00edlies<\/strong> d&#8217;alumnat <strong>SIEI<\/strong> tindran entrevistes individuals el dia <strong>5 de setembre a les 18.00\u202fh.<\/strong><\/p>\n<table style=\"border-collapse: collapse; width: 87.2524%; height: 188px;\">\n<tbody>\n<tr style=\"height: 32px;\">\n<td style=\"width: 9.37383%; height: 32px;\"><strong>Curs<\/strong><\/td>\n<td style=\"width: 31.1467%; height: 32px;\"><strong>Primer dia de classe<\/strong><\/td>\n<td style=\"width: 35.9723%; height: 32px;\"><strong>Reunions amb fam\u00edlies<\/strong><\/td>\n<td style=\"width: 69.7276%; height: 32px;\"><strong>Aules per grups<\/strong><\/td>\n<\/tr>\n<tr style=\"height: 32px;\">\n<td style=\"width: 9.37383%; height: 32px;\">1r d&#8217;ESO<\/td>\n<td style=\"width: 31.1467%; height: 32px;\"><strong>9 de setembre a les 08.00 h.<br \/>\n<\/strong>Hora de sortida 14:30\u202fh.<br \/>\nCal portar roba esportiva c\u00f2moda, aigua, cal\u00e7at esportiu, crema solar posada, un bol\u00edgraf, fulls i l&#8217;esmorzar.Recordem que l&#8217;alumnat de 1r d&#8217;ESO ha de portar i entregar els deures d&#8217;estiu al tutor\/a.<\/td>\n<td style=\"width: 35.9723%; height: 32px;\">4 de setembre a les 18:00 h a la SALA D&#8217;ACTES<\/td>\n<td style=\"width: 69.7276%; height: 32px; text-align: center;\">1r ESO A: aula 201<br \/>\n1r ESO B: aula 202<br \/>\n1r ESO C: aula 203<br \/>\n1r ESO D: aula 204<br \/>\n1r ESO E: aula 205<br \/>\n1r ESO F: aula 206<\/td>\n<\/tr>\n<tr style=\"height: 32px;\">\n<td style=\"width: 9.37383%; height: 32px;\">2n d&#8217;ESO<\/td>\n<td style=\"width: 31.1467%; height: 32px;\"><strong>9 de setembre a les 10.30 h.<br \/>\n<\/strong>Hora de sortida a les 14:00\u202fh.<br \/>\nCal portar el port\u00e0til carregat, un bol\u00edgraf, fulls i l&#8217;esmorzar.<\/td>\n<td style=\"width: 35.9723%; height: 32px;\">18 de setembre a les 17:30 h a la SALA D&#8217;ACTES<\/td>\n<td style=\"width: 69.7276%; height: 32px; text-align: center;\">2n ESO A: aula 113<br \/>\n2n ESO D: aula 116<br \/>\n2n ESO B: aula 114<br \/>\n2n ESO E: aula 117<br \/>\n2n ESO C: aula 115<br \/>\n2n ESO F: aula 118<\/td>\n<\/tr>\n<tr style=\"height: 181px;\">\n<td style=\"width: 9.37383%; height: 10px;\">3r d&#8217;ESO<\/td>\n<td style=\"width: 31.1467%; height: 10px;\"><strong>9 de setembre a les 09.30 h.<br \/>\n<\/strong>Hora de sortida a les 14:30\u202fh.<br \/>\nCal portar el port\u00e0til carregat, un bol\u00edgraf, fulls i l&#8217;esmorzar.<\/td>\n<td style=\"width: 35.9723%; height: 10px;\">4 de setembre a les 18:30 h <strong>nom\u00e9s 3r ESO F <\/strong>a la SALA D&#8217;ACTES18 de setembre a les 18:00 h tot el 3r d&#8217;ESO menys 3r ESO F a la SALA D&#8217;ACTES<\/td>\n<td style=\"width: 69.7276%; height: 10px; text-align: center;\">3r ESO A: aula 105<br \/>\n3r ESO B: aula\u00a0 106<br \/>\n3r ESO C: aula\u00a0 107<br \/>\n3r ESO D: aula 108<br \/>\n3r ESO E: aula 109<br \/>\n3r ESO F: aula 110<\/td>\n<\/tr>\n<tr style=\"height: 32px;\">\n<td style=\"width: 9.37383%; height: 32px;\">4t d&#8217;ESO<\/td>\n<td style=\"width: 31.1467%; height: 32px;\"><strong>9 de setembre a les 11.30 h.<br \/>\n<\/strong>Hora de sortida a les 13:00\u202fh.<br \/>\nCal portar el port\u00e0til carregat, un bol\u00edgraf, fulls i l&#8217;esmorzar.<\/td>\n<td style=\"width: 35.9723%; height: 32px;\">18 de setembre a les 18.30 h a la SALA D&#8217;ACTES<\/td>\n<td style=\"width: 69.7276%; height: 32px; text-align: center;\">4t ESO A: aula B13<br \/>\n4t ESO D: aula B16<br \/>\n4t ESO B: aula B14<br \/>\n4t ESO E: aula B01<br \/>\n4t ESO C: aula B15<br \/>\n4t ESO F: aula 112<\/td>\n<\/tr>\n<tr style=\"height: 56px;\">\n<td style=\"width: 9.37383%; height: 10px;\">1r Batxillerat<\/td>\n<td style=\"width: 31.1467%; height: 10px;\"><strong>12<\/strong> de setembre a les <strong>09.00 h\u00a0<\/strong>Hora aproximada de sortida a les 11:00\u202fh.Cal portar un bol\u00edgraf i fulls.<\/td>\n<td style=\"width: 35.9723%; height: 10px;\">9\u00a0 i 10 de setembre a partir de les 09.00 h entrevistes individuals amb <strong>l&#8217;alumnat nou al centre.<\/strong>\u00a0(s&#8217;ha citat individualment a cada alumne per correu electr\u00f2nic).23 de setembre a les 18.00 h totes les fam\u00edlies a la SALA D&#8217;ACTES<\/td>\n<td style=\"width: 69.7276%; height: 10px; text-align: center;\">1r BTX A: aula 103<br \/>\n1r BTX B: aula 210<br \/>\n1r BTX C: aula B06<br \/>\n1r BTX D: aula 207<br \/>\n1r BTX E: aula 120<\/td>\n<\/tr>\n<tr style=\"height: 56px;\">\n<td style=\"width: 9.37383%; height: 40px;\">2n Batxillerat<\/td>\n<td style=\"width: 31.1467%; height: 40px;\"><strong>12<\/strong> de setembre a les <strong>11.45 h\u00a0<\/strong>Hora aproximada de sortida a les 13:00\u202fh.Cal portar un bol\u00edgraf i fulls.<\/td>\n<td style=\"width: 35.9723%; height: 40px;\">23 de setembre a les 18.30 h a la SALA D&#8217;ACTES.<\/td>\n<td style=\"width: 69.7276%; height: 40px; text-align: center;\">2n BTX A: aula BA1<br \/>\n2n BTX B: aula BA2<br \/>\n2n BTX C: aula BA3<br \/>\n2n BTX D: aula BA4<\/td>\n<\/tr>\n<\/tbody>\n<\/table>\n","protected":false},"excerpt":{"rendered":"<p>El dia 9 de setembre s&#8217;inicien les classes a l&#8216;ESO, hi haur\u00e0 un horari especial i unes activitats d&#8217;acollida amb [&hellip;]<\/p>\n","protected":false},"author":1,"featured_media":10819,"comment_status":"closed","ping_status":"closed","sticky":false,"template":"","format":"standard","meta":{"_bbp_topic_count":0,"_bbp_reply_count":0,"_bbp_total_topic_count":0,"_bbp_total_reply_count":0,"_bbp_voice_count":0,"_bbp_anonymous_reply_count":0,"_bbp_topic_count_hidden":0,"_bbp_reply_count_hidden":0,"_bbp_forum_subforum_count":0,"site-sidebar-layout":"no-sidebar","site-content-layout":"","ast-site-content-layout":"default","site-content-style":"default","site-sidebar-style":"default","ast-global-header-display":"","ast-banner-title-visibility":"","ast-main-header-display":"","ast-hfb-above-header-display":"","ast-hfb-below-header-display":"","ast-hfb-mobile-header-display":"","site-post-title":"","ast-breadcrumbs-content":"","ast-featured-img":"","footer-sml-layout":"","theme-transparent-header-meta":"","adv-header-id-meta":"","stick-header-meta":"","header-above-stick-meta":"","header-main-stick-meta":"","header-below-stick-meta":"","astra-migrate-meta-layouts":"set","ast-page-background-enabled":"default","ast-page-background-meta":{"desktop":{"background-color":"var(--ast-global-color-4)","background-image":"","background-repeat":"repeat","background-position":"center center","background-size":"auto","background-attachment":"scroll","background-type":"","background-media":"","overlay-type":"","overlay-color":"","overlay-opacity":"","overlay-gradient":""},"tablet":{"background-color":"","background-image":"","background-repeat":"repeat","background-position":"center center","background-size":"auto","background-attachment":"scroll","background-type":"","background-media":"","overlay-type":"","overlay-color":"","overlay-opacity":"","overlay-gradient":""},"mobile":{"background-color":"","background-image":"","background-repeat":"repeat","background-position":"center center","background-size":"auto","background-attachment":"scroll","background-type":"","background-media":"","overlay-type":"","overlay-color":"","overlay-opacity":"","overlay-gradient":""}},"ast-content-background-meta":{"desktop":{"background-color":"var(--ast-global-color-5)","background-image":"","background-repeat":"repeat","background-position":"center center","background-size":"auto","background-attachment":"scroll","background-type":"","background-media":"","overlay-type":"","overlay-color":"","overlay-opacity":"","overlay-gradient":""},"tablet":{"background-color":"var(--ast-global-color-5)","background-image":"","background-repeat":"repeat","background-position":"center center","background-size":"auto","background-attachment":"scroll","background-type":"","background-media":"","overlay-type":"","overlay-color":"","overlay-opacity":"","overlay-gradient":""},"mobile":{"background-color":"var(--ast-global-color-5)","background-image":"","background-repeat":"repeat","background-position":"center center","background-size":"auto","background-attachment":"scroll","background-type":"","background-media":"","overlay-type":"","overlay-color":"","overlay-opacity":"","overlay-gradient":""}},"footnotes":""},"categories":[1,29],"tags":[],"class_list":["post-10797","post","type-post","status-publish","format-standard","has-post-thumbnail","hentry","category-noticies","category-portada"],"post_mailing_queue_ids":[],"_links":{"self":[{"href":"https:\/\/agora.xtec.cat\/iesducdemontblanc\/wp-json\/wp\/v2\/posts\/10797","targetHints":{"allow":["GET"]}}],"collection":[{"href":"https:\/\/agora.xtec.cat\/iesducdemontblanc\/wp-json\/wp\/v2\/posts"}],"about":[{"href":"https:\/\/agora.xtec.cat\/iesducdemontblanc\/wp-json\/wp\/v2\/types\/post"}],"author":[{"embeddable":true,"href":"https:\/\/agora.xtec.cat\/iesducdemontblanc\/wp-json\/wp\/v2\/users\/1"}],"replies":[{"embeddable":true,"href":"https:\/\/agora.xtec.cat\/iesducdemontblanc\/wp-json\/wp\/v2\/comments?post=10797"}],"version-history":[{"count":6,"href":"https:\/\/agora.xtec.cat\/iesducdemontblanc\/wp-json\/wp\/v2\/posts\/10797\/revisions"}],"predecessor-version":[{"id":13663,"href":"https:\/\/agora.xtec.cat\/iesducdemontblanc\/wp-json\/wp\/v2\/posts\/10797\/revisions\/13663"}],"wp:featuredmedia":[{"embeddable":true,"href":"https:\/\/agora.xtec.cat\/iesducdemontblanc\/wp-json\/wp\/v2\/media\/10819"}],"wp:attachment":[{"href":"https:\/\/agora.xtec.cat\/iesducdemontblanc\/wp-json\/wp\/v2\/media?parent=10797"}],"wp:term":[{"taxonomy":"category","embeddable":true,"href":"https:\/\/agora.xtec.cat\/iesducdemontblanc\/wp-json\/wp\/v2\/categories?post=10797"},{"taxonomy":"post_tag","embeddable":true,"href":"https:\/\/agora.xtec.cat\/iesducdemontblanc\/wp-json\/wp\/v2\/tags?post=10797"}],"curies":[{"name":"wp","href":"https:\/\/api.w.org\/{rel}","templated":true}]}}