{"id":10181,"date":"2024-03-13T17:00:50","date_gmt":"2024-03-13T16:00:50","guid":{"rendered":"https:\/\/agora.xtec.cat\/iesducdemontblanc\/?p=10181"},"modified":"2024-03-14T20:45:59","modified_gmt":"2024-03-14T19:45:59","slug":"presentacio-portes-obertes","status":"publish","type":"post","link":"https:\/\/agora.xtec.cat\/iesducdemontblanc\/noticies\/presentacio-portes-obertes\/","title":{"rendered":"Presentaci\u00f3 Portes Obertes"},"content":{"rendered":"<p>Durant aquests primers dies de mar\u00e7 hem celebrat les portes obertes de l&#8217;institut, on les fam\u00edlies interessades han pogut participar i rebre la informaci\u00f3 necess\u00e0ria per fer la preinscripci\u00f3 dels joves que l&#8217;any que ve comen\u00e7aran la secund\u00e0ria.<br \/>\nAquest any, i com a novetat, hem rebut la visita de l&#8217;alumnat de sis\u00e8 dels centres adscrits. Aix\u00ed, hem donat l&#8217;oportunitat a l&#8217;alumnat a con\u00e8ixer el nostre centre i que excompanys i companyes de la seva escola, que aquest any han comen\u00e7at primer de l&#8217;ESO, els poguessin resoldre dubtes i explicar la seva experi\u00e8ncia al DUC.<br \/>\nTamb\u00e9 durant les portes obertes vam comptar amb la participaci\u00f3 del grup d&#8217;alumnat mediador de centre, qui va portar a terme una activitat l\u00fadica amb les criatures i joves que van acompanyar a les seves fam\u00edlies durant aquesta jornada.<\/p>\n<p style=\"text-align: right;\">Volem agra\u00efr tamb\u00e9 la participaci\u00f3 de les fam\u00edlies de l\u2019AFA a les portes obertes i al professorat que va fer possible que la celebraci\u00f3 de la jornada fos tot un exit.<\/p>\n<p>&nbsp;<\/p>\n<p><iframe class=\"wp-embedded-content\" sandbox=\"allow-scripts\" security=\"restricted\" title=\"Alumnat-Portes obertes ESO24-25\" frameborder='0' width='1200' height='675' src='https:\/\/view.genially.com\/65d68c055905fc0014c0a566#?secret=sXwscjtCC3' data-secret='sXwscjtCC3' scrolling='yes'><\/iframe><\/p>\n","protected":false},"excerpt":{"rendered":"<p>Durant aquests primers dies de mar\u00e7 hem celebrat les portes obertes de l&#8217;institut, on les fam\u00edlies interessades han pogut participar [&hellip;]<\/p>\n","protected":false},"author":7,"featured_media":10182,"comment_status":"closed","ping_status":"closed","sticky":false,"template":"","format":"standard","meta":{"_bbp_topic_count":0,"_bbp_reply_count":0,"_bbp_total_topic_count":0,"_bbp_total_reply_count":0,"_bbp_voice_count":0,"_bbp_anonymous_reply_count":0,"_bbp_topic_count_hidden":0,"_bbp_reply_count_hidden":0,"_bbp_forum_subforum_count":0,"site-sidebar-layout":"default","site-content-layout":"","ast-site-content-layout":"","site-content-style":"default","site-sidebar-style":"default","ast-global-header-display":"","ast-banner-title-visibility":"","ast-main-header-display":"","ast-hfb-above-header-display":"","ast-hfb-below-header-display":"","ast-hfb-mobile-header-display":"","site-post-title":"","ast-breadcrumbs-content":"","ast-featured-img":"","footer-sml-layout":"","theme-transparent-header-meta":"","adv-header-id-meta":"","stick-header-meta":"","header-above-stick-meta":"","header-main-stick-meta":"","header-below-stick-meta":"","astra-migrate-meta-layouts":"default","ast-page-background-enabled":"default","ast-page-background-meta":{"desktop":{"background-color":"var(--ast-global-color-4)","background-image":"","background-repeat":"repeat","background-position":"center center","background-size":"auto","background-attachment":"scroll","background-type":"","background-media":"","overlay-type":"","overlay-color":"","overlay-opacity":"","overlay-gradient":""},"tablet":{"background-color":"","background-image":"","background-repeat":"repeat","background-position":"center center","background-size":"auto","background-attachment":"scroll","background-type":"","background-media":"","overlay-type":"","overlay-color":"","overlay-opacity":"","overlay-gradient":""},"mobile":{"background-color":"","background-image":"","background-repeat":"repeat","background-position":"center center","background-size":"auto","background-attachment":"scroll","background-type":"","background-media":"","overlay-type":"","overlay-color":"","overlay-opacity":"","overlay-gradient":""}},"ast-content-background-meta":{"desktop":{"background-color":"var(--ast-global-color-5)","background-image":"","background-repeat":"repeat","background-position":"center center","background-size":"auto","background-attachment":"scroll","background-type":"","background-media":"","overlay-type":"","overlay-color":"","overlay-opacity":"","overlay-gradient":""},"tablet":{"background-color":"var(--ast-global-color-5)","background-image":"","background-repeat":"repeat","background-position":"center center","background-size":"auto","background-attachment":"scroll","background-type":"","background-media":"","overlay-type":"","overlay-color":"","overlay-opacity":"","overlay-gradient":""},"mobile":{"background-color":"var(--ast-global-color-5)","background-image":"","background-repeat":"repeat","background-position":"center center","background-size":"auto","background-attachment":"scroll","background-type":"","background-media":"","overlay-type":"","overlay-color":"","overlay-opacity":"","overlay-gradient":""}},"footnotes":""},"categories":[3,1,29],"tags":[],"class_list":["post-10181","post","type-post","status-publish","format-standard","has-post-thumbnail","hentry","category-eso","category-noticies","category-portada"],"post_mailing_queue_ids":[],"_links":{"self":[{"href":"https:\/\/agora.xtec.cat\/iesducdemontblanc\/wp-json\/wp\/v2\/posts\/10181","targetHints":{"allow":["GET"]}}],"collection":[{"href":"https:\/\/agora.xtec.cat\/iesducdemontblanc\/wp-json\/wp\/v2\/posts"}],"about":[{"href":"https:\/\/agora.xtec.cat\/iesducdemontblanc\/wp-json\/wp\/v2\/types\/post"}],"author":[{"embeddable":true,"href":"https:\/\/agora.xtec.cat\/iesducdemontblanc\/wp-json\/wp\/v2\/users\/7"}],"replies":[{"embeddable":true,"href":"https:\/\/agora.xtec.cat\/iesducdemontblanc\/wp-json\/wp\/v2\/comments?post=10181"}],"version-history":[{"count":2,"href":"https:\/\/agora.xtec.cat\/iesducdemontblanc\/wp-json\/wp\/v2\/posts\/10181\/revisions"}],"predecessor-version":[{"id":10184,"href":"https:\/\/agora.xtec.cat\/iesducdemontblanc\/wp-json\/wp\/v2\/posts\/10181\/revisions\/10184"}],"wp:featuredmedia":[{"embeddable":true,"href":"https:\/\/agora.xtec.cat\/iesducdemontblanc\/wp-json\/wp\/v2\/media\/10182"}],"wp:attachment":[{"href":"https:\/\/agora.xtec.cat\/iesducdemontblanc\/wp-json\/wp\/v2\/media?parent=10181"}],"wp:term":[{"taxonomy":"category","embeddable":true,"href":"https:\/\/agora.xtec.cat\/iesducdemontblanc\/wp-json\/wp\/v2\/categories?post=10181"},{"taxonomy":"post_tag","embeddable":true,"href":"https:\/\/agora.xtec.cat\/iesducdemontblanc\/wp-json\/wp\/v2\/tags?post=10181"}],"curies":[{"name":"wp","href":"https:\/\/api.w.org\/{rel}","templated":true}]}}