{"id":2549,"date":"2021-06-22T20:09:03","date_gmt":"2021-06-22T18:09:03","guid":{"rendered":"http:\/\/agora.xtec.cat\/iesdrpuigvert\/?p=2549"},"modified":"2021-06-25T09:48:41","modified_gmt":"2021-06-25T07:48:41","slug":"festa-de-graduacio-de-4t-deso-i-2n-de-batxillerat-dimarts-29-de-juny","status":"publish","type":"post","link":"https:\/\/agora.xtec.cat\/iesdrpuigvert\/general\/festa-de-graduacio-de-4t-deso-i-2n-de-batxillerat-dimarts-29-de-juny\/","title":{"rendered":"Festa de graduaci\u00f3 de 4t d&#8217;ESO i 2n de Batxillerat, dimarts 29 de juny"},"content":{"rendered":"<h4><span style=\"color: #ff6600;\">Festa de graduaci\u00f3 de 4t d&#8217;ESO i 2n de Batxillerat, dimarts 29 de juny<\/span><\/h4>\n<p>Benvolgudes fam\u00edlies,<\/p>\n<p>Estem molt contents perqu\u00e8 finalment el Departament d&#8217;Educaci\u00f3 ha perm\u00e8s la celebraci\u00f3 de les <a href=\"http:\/\/educacio.gencat.cat\/web\/shared\/continguts_per_compartir\/ENS\/salut-escola\/documentacio\/escoles\/20210604-recomanacions-festes-final-curs.pdf\">festes de graduaci\u00f3 seguint algunes recomanacions<\/a>. Enguany, les promocions de 2017-2021 d&#8217;ESO i la de 2019-2021 de Batxillerat es graduen. L&#8217;organitzaci\u00f3 ser\u00e0 la seg\u00fcent:<\/p>\n<p>L\u2019alumnat de <strong>4t d\u2019ESO est\u00e0 convocat a les 17:45h<\/strong> i la graduaci\u00f3 ser\u00e0 fins a les 19:45 i a les 20:00h comen\u00e7a la de <strong>2n de Batxillerat<\/strong> fins a les 21:15. La cerim\u00f2nia tindr\u00e0 lloc a l&#8217;aire lliure, al pati i s&#8217;accedir\u00e0 per la porta del <strong>carrer Fernando Pessoa<\/strong>.<\/p>\n<p>Per mantenir les indicacions del Departament l&#8217;alumnat de 4t d&#8217;ESO podr\u00e0 convidar fins a 2 persones i el de 2n de Batxillerat fins a 3 persones. A m\u00e9s, es continuaran mantenint totes les mesures c\u00f2vid.<\/p>\n<ul>\n<li>No podr\u00e0 participar en la celebraci\u00f3 cap persona que presenti simptomatologia compatible amb la c\u00f2vid-19, ni que tingui una prova positiva per covid-19 o hagi estat designada com a contacte estret d\u2019un cas positiu en els 10 dies anteriors o que tingui un convivent amb sospita de c\u00f2vid a l\u2019espera de confirmaci\u00f3.<\/li>\n<li>Abans d&#8217;accedir es prendr\u00e0 la temperatura a l\u2019entrada de Fernando Pessoa i es disposar\u00e0 d&#8217;hidrogel.<\/li>\n<li>Malgrat estarem al pati, l&#8217;\u00fas de la mascareta ser\u00e0 obligatori.<\/li>\n<li>Les cadires es disposaran per tenir 2,5 m<sup>2<\/sup> per persona, sense superar les 500 persones (alumnat incl\u00f2s).<\/li>\n<li>Un cop acabada la cerim\u00f2nia les fam\u00edlies sortiran per la sortida de Fernando Pessoa i l&#8217;alumnat romandr\u00e0 al pati de l&#8217;Institut fins a l&#8217;hora de la sortida.<\/li>\n<\/ul>\n<h5>Agra\u00efm la col\u00b7laboraci\u00f3 de <a href=\"http:\/\/agora.xtec.cat\/iesdrpuigvert\/qui-som\/\">l&#8217;AMPA<\/a> en l&#8217;organitzaci\u00f3 de la festa de graduaci\u00f3.<\/h5>\n","protected":false},"excerpt":{"rendered":"<p>Festa de graduaci\u00f3 de 4t d&#8217;ESO i 2n de Batxillerat, dimarts 29 de juny<br \/>\nBenvolgudes fam\u00edlies,<br \/>\nEstem molt contents perqu\u00e8 finalment el Departament d&#8217;Educaci\u00f3 ha perm\u00e8s la celebraci\u00f3 de les <a href=\"http:\/\/educacio.gencat.cat\/web\/shared\/continguts_per_compartir\/ENS\/salut-escola\/documentacio\/escoles\/20210604-recomanacions-festes-final-curs.pdf\">festes de graduaci\u00f3 seguint algunes recomanacions<\/a>. Enguany, les promocions de 2017-2021 d&#8217;ESO i la de 2019-2021&hellip;  <a href=\"https:\/\/agora.xtec.cat\/iesdrpuigvert\/general\/festa-de-graduacio-de-4t-deso-i-2n-de-batxillerat-dimarts-29-de-juny\/\" title=\"Read Festa de graduaci\u00f3 de 4t d&#8217;ESO i 2n de Batxillerat, dimarts 29 de juny\">Llegeix m\u00e9s\u00bb<\/a><\/p>\n","protected":false},"author":1,"featured_media":2550,"comment_status":"open","ping_status":"closed","sticky":false,"template":"","format":"standard","meta":{"_bbp_topic_count":0,"_bbp_reply_count":0,"_bbp_total_topic_count":0,"_bbp_total_reply_count":0,"_bbp_voice_count":0,"_bbp_anonymous_reply_count":0,"_bbp_topic_count_hidden":0,"_bbp_reply_count_hidden":0,"_bbp_forum_subforum_count":0,"footnotes":""},"categories":[31,1,29],"tags":[],"class_list":["post-2549","post","type-post","status-publish","format-standard","has-post-thumbnail","hentry","category-afa","category-general","category-portada"],"post_mailing_queue_ids":[],"_links":{"self":[{"href":"https:\/\/agora.xtec.cat\/iesdrpuigvert\/wp-json\/wp\/v2\/posts\/2549","targetHints":{"allow":["GET"]}}],"collection":[{"href":"https:\/\/agora.xtec.cat\/iesdrpuigvert\/wp-json\/wp\/v2\/posts"}],"about":[{"href":"https:\/\/agora.xtec.cat\/iesdrpuigvert\/wp-json\/wp\/v2\/types\/post"}],"author":[{"embeddable":true,"href":"https:\/\/agora.xtec.cat\/iesdrpuigvert\/wp-json\/wp\/v2\/users\/1"}],"replies":[{"embeddable":true,"href":"https:\/\/agora.xtec.cat\/iesdrpuigvert\/wp-json\/wp\/v2\/comments?post=2549"}],"version-history":[{"count":3,"href":"https:\/\/agora.xtec.cat\/iesdrpuigvert\/wp-json\/wp\/v2\/posts\/2549\/revisions"}],"predecessor-version":[{"id":2554,"href":"https:\/\/agora.xtec.cat\/iesdrpuigvert\/wp-json\/wp\/v2\/posts\/2549\/revisions\/2554"}],"wp:featuredmedia":[{"embeddable":true,"href":"https:\/\/agora.xtec.cat\/iesdrpuigvert\/wp-json\/wp\/v2\/media\/2550"}],"wp:attachment":[{"href":"https:\/\/agora.xtec.cat\/iesdrpuigvert\/wp-json\/wp\/v2\/media?parent=2549"}],"wp:term":[{"taxonomy":"category","embeddable":true,"href":"https:\/\/agora.xtec.cat\/iesdrpuigvert\/wp-json\/wp\/v2\/categories?post=2549"},{"taxonomy":"post_tag","embeddable":true,"href":"https:\/\/agora.xtec.cat\/iesdrpuigvert\/wp-json\/wp\/v2\/tags?post=2549"}],"curies":[{"name":"wp","href":"https:\/\/api.w.org\/{rel}","templated":true}]}}