{"id":2289,"date":"2021-05-05T16:08:50","date_gmt":"2021-05-05T14:08:50","guid":{"rendered":"http:\/\/agora.xtec.cat\/iesdrpuigvert\/?p=2289"},"modified":"2021-05-05T16:33:17","modified_gmt":"2021-05-05T14:33:17","slug":"gust-per-la-lectura-canco-de-la-volta-al-mon-en-80-dies-2n-eso-a","status":"publish","type":"post","link":"https:\/\/agora.xtec.cat\/iesdrpuigvert\/general\/gust-per-la-lectura-canco-de-la-volta-al-mon-en-80-dies-2n-eso-a\/","title":{"rendered":"GUST PER LA LECTURA: CAN\u00c7\u00d3 DE LA VOLTA AL M\u00d3N EN 80 DIES (2n ESO A)"},"content":{"rendered":"<p><span style=\"font-weight: 400;\"><a href=\"https:\/\/agora.xtec.cat\/iesdrpuigvert\/wp-content\/uploads\/usu1888\/2021\/05\/2021_HI-PARTICIPEM_petit-noulogo.png\"><img loading=\"lazy\" decoding=\"async\" class=\"size-thumbnail wp-image-2287 alignleft\" src=\"https:\/\/agora.xtec.cat\/iesdrpuigvert\/wp-content\/uploads\/usu1888\/2021\/05\/2021_HI-PARTICIPEM_petit-noulogo-150x150.png\" alt=\"\" width=\"150\" height=\"150\" \/><\/a>En el v\u00eddeo seg\u00fcent us presentem el treball que han realitzat quatre alumnes de 2n ESO A. Es tracta d\u2019una can\u00e7\u00f3, amb coreografia inclosa, dirigida al p\u00fablic infantil. La composici\u00f3 de la lletra i de la coreografia ha anat a c\u00e0rrec de les alumnes.\u00a0<\/span><\/p>\n<p><span style=\"font-weight: 400;\">Us atreviu a mostrar-la als vostres familiars i amics m\u00e9s petits? Abans de fer-ho, per\u00f2, us advertim que la can\u00e7\u00f3 \u00e9s for\u00e7a encomanadissa i segur que acabeu taral\u00b7lejant-la. Podreu seguir els passos de la coreografia? Feu clic al v\u00eddeo i comproveu-ho!<\/span><\/p>\n<p><center><iframe loading=\"lazy\" src=\"https:\/\/www.youtube.com\/embed\/pRdeSCpst6k\" width=\"560\" height=\"315\" frameborder=\"0\"><\/iframe><\/center><\/p>\n","protected":false},"excerpt":{"rendered":"<p><a href=\"https:\/\/agora.xtec.cat\/iesdrpuigvert\/wp-content\/uploads\/usu1888\/2021\/05\/2021_HI-PARTICIPEM_petit-noulogo.png\"><\/a>En el v\u00eddeo seg\u00fcent us presentem el treball que han realitzat quatre alumnes de 2n ESO A. Es tracta d\u2019una can\u00e7\u00f3, amb coreografia inclosa, dirigida al p\u00fablic infantil. La composici\u00f3 de la lletra i de la coreografia ha anat a c\u00e0rrec de les alumnes.\u00a0<br \/>\nUs&hellip;  <a href=\"https:\/\/agora.xtec.cat\/iesdrpuigvert\/general\/gust-per-la-lectura-canco-de-la-volta-al-mon-en-80-dies-2n-eso-a\/\" title=\"Read GUST PER LA LECTURA: CAN\u00c7\u00d3 DE LA VOLTA AL M\u00d3N EN 80 DIES (2n ESO A)\">Llegeix m\u00e9s\u00bb<\/a><\/p>\n","protected":false},"author":9,"featured_media":2287,"comment_status":"open","ping_status":"closed","sticky":false,"template":"","format":"standard","meta":{"_bbp_topic_count":0,"_bbp_reply_count":0,"_bbp_total_topic_count":0,"_bbp_total_reply_count":0,"_bbp_voice_count":0,"_bbp_anonymous_reply_count":0,"_bbp_topic_count_hidden":0,"_bbp_reply_count_hidden":0,"_bbp_forum_subforum_count":0,"footnotes":""},"categories":[5,3,1,29],"tags":[],"class_list":["post-2289","post","type-post","status-publish","format-standard","has-post-thumbnail","hentry","category-tg-tgpe","category-eso","category-general","category-portada"],"post_mailing_queue_ids":[],"_links":{"self":[{"href":"https:\/\/agora.xtec.cat\/iesdrpuigvert\/wp-json\/wp\/v2\/posts\/2289","targetHints":{"allow":["GET"]}}],"collection":[{"href":"https:\/\/agora.xtec.cat\/iesdrpuigvert\/wp-json\/wp\/v2\/posts"}],"about":[{"href":"https:\/\/agora.xtec.cat\/iesdrpuigvert\/wp-json\/wp\/v2\/types\/post"}],"author":[{"embeddable":true,"href":"https:\/\/agora.xtec.cat\/iesdrpuigvert\/wp-json\/wp\/v2\/users\/9"}],"replies":[{"embeddable":true,"href":"https:\/\/agora.xtec.cat\/iesdrpuigvert\/wp-json\/wp\/v2\/comments?post=2289"}],"version-history":[{"count":2,"href":"https:\/\/agora.xtec.cat\/iesdrpuigvert\/wp-json\/wp\/v2\/posts\/2289\/revisions"}],"predecessor-version":[{"id":2292,"href":"https:\/\/agora.xtec.cat\/iesdrpuigvert\/wp-json\/wp\/v2\/posts\/2289\/revisions\/2292"}],"wp:featuredmedia":[{"embeddable":true,"href":"https:\/\/agora.xtec.cat\/iesdrpuigvert\/wp-json\/wp\/v2\/media\/2287"}],"wp:attachment":[{"href":"https:\/\/agora.xtec.cat\/iesdrpuigvert\/wp-json\/wp\/v2\/media?parent=2289"}],"wp:term":[{"taxonomy":"category","embeddable":true,"href":"https:\/\/agora.xtec.cat\/iesdrpuigvert\/wp-json\/wp\/v2\/categories?post=2289"},{"taxonomy":"post_tag","embeddable":true,"href":"https:\/\/agora.xtec.cat\/iesdrpuigvert\/wp-json\/wp\/v2\/tags?post=2289"}],"curies":[{"name":"wp","href":"https:\/\/api.w.org\/{rel}","templated":true}]}}