{"id":2167,"date":"2021-03-16T17:20:10","date_gmt":"2021-03-16T16:20:10","guid":{"rendered":"http:\/\/agora.xtec.cat\/iesdrpuigvert\/?p=2167"},"modified":"2021-03-16T17:23:24","modified_gmt":"2021-03-16T16:23:24","slug":"creadors-en-residencia","status":"publish","type":"post","link":"https:\/\/agora.xtec.cat\/iesdrpuigvert\/general\/creadors-en-residencia\/","title":{"rendered":"Creadors en Resid\u00e8ncia"},"content":{"rendered":"<h4><span style=\"color: #ff9900;\">Creadors en Resid\u00e8ncia<\/span><\/h4>\n<p id=\"h.p_w_POK4bqv0tp\" class=\"zfr3Q\">Creadors en Resid\u00e8ncia \u00e9s una iniciativa conjunta de l\u2019Institut de Cultura de Barcelona (ICUB), F\u00e0briques de creaci\u00f3, A Bao A Qu. i el Consorci d\u2019Educaci\u00f3 de Barcelona, amb la col\u00b7laboraci\u00f3 del MACBA. Els artistes residents, els creadors, intervenen als instituts com a autors, i desenvolupen els seus projectes acompanyats pels alumnes d\u2019un grup-classe, que participen de manera habitual en el proc\u00e9s de creaci\u00f3. Es tracta, doncs, de crear un ambient similar al del taller renaixentista, on la transmissi\u00f3 es produeix fonamentalment a trav\u00e9s de la participaci\u00f3 i del contacte directe amb l\u2019obra i amb el seu creador. Els alumnes, per tant, compartiran el projecte i el proc\u00e9s de creaci\u00f3 de l\u2019obra i hi participaran de manera activa. En aquest proc\u00e9s la reflexi\u00f3 tamb\u00e9 ser\u00e0 una part important del proc\u00e9s d\u2019aprenentatge.<\/p>\n<p>El curs 2019-20 van tenir les creadores <a href=\"https:\/\/www.enresidencia.org\/ca\/residencia\/maria-llop-i-vanesa-varela-linstitut-doctor-puigvert\/autor-institut\">Maria LLop i Vanesa Varela<\/a> EN RESID\u00c8NCIA a l\u2019Insitut. Degut a la pand\u00e8mia, no vam poder fer la cloenda del projecte, per\u00f2 fins a principis d&#8217;aquest curs.<\/p>\n<p>L\u2019acci\u00f3 \u2018Vols parlar la taula?\u2019 \u00e9s una invitaci\u00f3 a retrobar-nos al voltant d\u2019una taula parada. Al llarg del confinament, el grup d\u2019alumnes En Resid\u00e8ncia, juntament amb les seves professores i les creadores Maria Llop i Vanesa Varela, van brodar uns tovallons amb els seus pensaments&#8230; Ara, en una gran taula parada, presentem aquestes peces t\u00e8xtils i us proposem participar de l\u2019acci\u00f3 brodant nous tovallons amb nous pensaments, compartint temps i conversa.<\/p>\n<p>Aprofitem per felicitar a A Bao A Qu pel merescut premi que han rebut aquesta setmana!!<\/p>\n<p>Us deixem un v\u00eddeo que resum tot el projecte. Esperem que us agradi!!<\/p>\n<p><iframe loading=\"lazy\" src=\"\/\/www.youtube.com\/embed\/7e_SLlW2Juc\" width=\"560\" height=\"314\"><\/iframe><\/p>\n<p>Amb les i els alumnes Rut Barrios, Cl\u00e0udia Coll, Claudia Domingo, Edna Garc\u00eda, Candela Garc\u00eda, Joana Jorba, Luc\u00eda Labrador, Sara L\u00f3pez, \u00c9rika L\u00f3pez, Hugo Montero, Lizzy Murillo, Ohiane Pizarro, Anna Lara Quinten, Daniel Rivilla, Abril Rueda, Gisel\u00b7la Serra, Natalia Torrubia i Luc\u00eda Valtuille i les professores Merc\u00e8 Gaja i Carol Vega.<\/p>\n<p>&nbsp;<\/p>\n","protected":false},"excerpt":{"rendered":"<p>Creadors en Resid\u00e8ncia<br \/>\nCreadors en Resid\u00e8ncia \u00e9s una iniciativa conjunta de l\u2019Institut de Cultura de Barcelona (ICUB), F\u00e0briques de creaci\u00f3, A Bao A Qu. i el Consorci d\u2019Educaci\u00f3 de Barcelona, amb la col\u00b7laboraci\u00f3 del MACBA. Els artistes residents, els creadors, intervenen als instituts com a autors,&hellip;  <a href=\"https:\/\/agora.xtec.cat\/iesdrpuigvert\/general\/creadors-en-residencia\/\" title=\"Read Creadors en Resid\u00e8ncia\">Llegeix m\u00e9s\u00bb<\/a><\/p>\n","protected":false},"author":1,"featured_media":2169,"comment_status":"open","ping_status":"closed","sticky":false,"template":"","format":"standard","meta":{"_bbp_topic_count":0,"_bbp_reply_count":0,"_bbp_total_topic_count":0,"_bbp_total_reply_count":0,"_bbp_voice_count":0,"_bbp_anonymous_reply_count":0,"_bbp_topic_count_hidden":0,"_bbp_reply_count_hidden":0,"_bbp_forum_subforum_count":0,"footnotes":""},"categories":[9,5,31,3,1,29],"tags":[181,169],"class_list":["post-2167","post","type-post","status-publish","format-standard","has-post-thumbnail","hentry","category-1r-esotpp","category-tg-tgpe","category-ampa","category-eso","category-general","category-portada","tag-arts","tag-creadors-en-residencia"],"post_mailing_queue_ids":[],"_links":{"self":[{"href":"https:\/\/agora.xtec.cat\/iesdrpuigvert\/wp-json\/wp\/v2\/posts\/2167","targetHints":{"allow":["GET"]}}],"collection":[{"href":"https:\/\/agora.xtec.cat\/iesdrpuigvert\/wp-json\/wp\/v2\/posts"}],"about":[{"href":"https:\/\/agora.xtec.cat\/iesdrpuigvert\/wp-json\/wp\/v2\/types\/post"}],"author":[{"embeddable":true,"href":"https:\/\/agora.xtec.cat\/iesdrpuigvert\/wp-json\/wp\/v2\/users\/1"}],"replies":[{"embeddable":true,"href":"https:\/\/agora.xtec.cat\/iesdrpuigvert\/wp-json\/wp\/v2\/comments?post=2167"}],"version-history":[{"count":1,"href":"https:\/\/agora.xtec.cat\/iesdrpuigvert\/wp-json\/wp\/v2\/posts\/2167\/revisions"}],"predecessor-version":[{"id":2170,"href":"https:\/\/agora.xtec.cat\/iesdrpuigvert\/wp-json\/wp\/v2\/posts\/2167\/revisions\/2170"}],"wp:featuredmedia":[{"embeddable":true,"href":"https:\/\/agora.xtec.cat\/iesdrpuigvert\/wp-json\/wp\/v2\/media\/2169"}],"wp:attachment":[{"href":"https:\/\/agora.xtec.cat\/iesdrpuigvert\/wp-json\/wp\/v2\/media?parent=2167"}],"wp:term":[{"taxonomy":"category","embeddable":true,"href":"https:\/\/agora.xtec.cat\/iesdrpuigvert\/wp-json\/wp\/v2\/categories?post=2167"},{"taxonomy":"post_tag","embeddable":true,"href":"https:\/\/agora.xtec.cat\/iesdrpuigvert\/wp-json\/wp\/v2\/tags?post=2167"}],"curies":[{"name":"wp","href":"https:\/\/api.w.org\/{rel}","templated":true}]}}