{"id":8463,"date":"2024-03-15T10:35:36","date_gmt":"2024-03-15T09:35:36","guid":{"rendered":"https:\/\/agora.xtec.cat\/iesdesales\/?p=8463"},"modified":"2024-03-15T10:45:46","modified_gmt":"2024-03-15T09:45:46","slug":"3-dabril-donacio-de-sang","status":"publish","type":"post","link":"https:\/\/agora.xtec.cat\/iesdesales\/general\/3-dabril-donacio-de-sang\/","title":{"rendered":"3 d&#8217;abril, donaci\u00f3 de sang"},"content":{"rendered":"<p>Bon dia a tot l&#8217;alumnat, les fam\u00edlies i l&#8217;equip docent del institut de sales,<br \/>\nsom el grup de PFI d&#8217;auxiliar de centres sanitaris i ens posem en contacte amb vosaltres per informar-vos que el dia 3 d&#8217;Abril es dur\u00e0 a terme la donaci\u00f3 de sang que es realitza cada curs a l&#8217;Institut de Sales.<br \/>\nConvidem a tothom a participar en aquesta campanya de donaci\u00f3 de sang. Adjuntem el cartell amb tota la informaci\u00f3 necess\u00e0ria.<\/p>\n<p>Aqu\u00ed teniu l&#8217;<a href=\"https:\/\/donarsang.gencat.cat\/ca\/vull-donar\/cita\/recollida\/poblacio\/\/5606\/viladecans\/03-04-2024\/\">enlla\u00e7<\/a> per reservar hora, i recordeu: &#8220;Donar sang, \u00e9s donar temps de vida!&#8221;.<\/p>\n<p>Rebeu una cordial salutaci\u00f3 del grup PFI. Us agra\u00efm per avan\u00e7at la vostra participaci\u00f3 i col\u00b7laboraci\u00f3.<\/p>\n<p>Es veiem properament!!<\/p>\n<p><img loading=\"lazy\" decoding=\"async\" class=\"alignnone size-large wp-image-8464\" src=\"https:\/\/agora.xtec.cat\/iesdesales\/wp-content\/uploads\/usu678\/2024\/03\/Cartell-Campanya-donacio-sang-3-Abril-673x1024.png\" alt=\"\" width=\"673\" height=\"1024\" srcset=\"https:\/\/agora.xtec.cat\/iesdesales\/wp-content\/uploads\/usu678\/2024\/03\/Cartell-Campanya-donacio-sang-3-Abril-673x1024.png 673w, https:\/\/agora.xtec.cat\/iesdesales\/wp-content\/uploads\/usu678\/2024\/03\/Cartell-Campanya-donacio-sang-3-Abril-197x300.png 197w, https:\/\/agora.xtec.cat\/iesdesales\/wp-content\/uploads\/usu678\/2024\/03\/Cartell-Campanya-donacio-sang-3-Abril-768x1169.png 768w, https:\/\/agora.xtec.cat\/iesdesales\/wp-content\/uploads\/usu678\/2024\/03\/Cartell-Campanya-donacio-sang-3-Abril-1009x1536.png 1009w, https:\/\/agora.xtec.cat\/iesdesales\/wp-content\/uploads\/usu678\/2024\/03\/Cartell-Campanya-donacio-sang-3-Abril.png 1345w\" sizes=\"auto, (max-width: 673px) 100vw, 673px\" \/><\/p>\n","protected":false},"excerpt":{"rendered":"<p>Bon dia a tot l&#8217;alumnat, les fam\u00edlies i l&#8217;equip docent del institut de sales, som el grup de PFI d&#8217;auxiliar de centres sanitaris i ens posem en contacte amb vosaltres per informar-vos que el dia 3 d&#8217;Abril es dur\u00e0 a terme la donaci\u00f3 de sang que es realitza cada curs a l&#8217;Institut de Sales. Convidem [&hellip;]<\/p>\n","protected":false},"author":1,"featured_media":8464,"comment_status":"open","ping_status":"closed","sticky":false,"template":"","format":"standard","meta":{"_bbp_topic_count":0,"_bbp_reply_count":0,"_bbp_total_topic_count":0,"_bbp_total_reply_count":0,"_bbp_voice_count":0,"_bbp_anonymous_reply_count":0,"_bbp_topic_count_hidden":0,"_bbp_reply_count_hidden":0,"_bbp_forum_subforum_count":0,"site-sidebar-layout":"default","site-content-layout":"","ast-site-content-layout":"","site-content-style":"default","site-sidebar-style":"default","ast-global-header-display":"","ast-banner-title-visibility":"","ast-main-header-display":"","ast-hfb-above-header-display":"","ast-hfb-below-header-display":"","ast-hfb-mobile-header-display":"","site-post-title":"","ast-breadcrumbs-content":"","ast-featured-img":"","footer-sml-layout":"","theme-transparent-header-meta":"","adv-header-id-meta":"","stick-header-meta":"","header-above-stick-meta":"","header-main-stick-meta":"","header-below-stick-meta":"","astra-migrate-meta-layouts":"default","ast-page-background-enabled":"default","ast-page-background-meta":{"desktop":{"background-color":"var(--ast-global-color-4)","background-image":"","background-repeat":"repeat","background-position":"center center","background-size":"auto","background-attachment":"scroll","background-type":"","background-media":"","overlay-type":"","overlay-color":"","overlay-opacity":"","overlay-gradient":""},"tablet":{"background-color":"","background-image":"","background-repeat":"repeat","background-position":"center center","background-size":"auto","background-attachment":"scroll","background-type":"","background-media":"","overlay-type":"","overlay-color":"","overlay-opacity":"","overlay-gradient":""},"mobile":{"background-color":"","background-image":"","background-repeat":"repeat","background-position":"center center","background-size":"auto","background-attachment":"scroll","background-type":"","background-media":"","overlay-type":"","overlay-color":"","overlay-opacity":"","overlay-gradient":""}},"ast-content-background-meta":{"desktop":{"background-color":"var(--ast-global-color-5)","background-image":"","background-repeat":"repeat","background-position":"center center","background-size":"auto","background-attachment":"scroll","background-type":"","background-media":"","overlay-type":"","overlay-color":"","overlay-opacity":"","overlay-gradient":""},"tablet":{"background-color":"var(--ast-global-color-5)","background-image":"","background-repeat":"repeat","background-position":"center center","background-size":"auto","background-attachment":"scroll","background-type":"","background-media":"","overlay-type":"","overlay-color":"","overlay-opacity":"","overlay-gradient":""},"mobile":{"background-color":"var(--ast-global-color-5)","background-image":"","background-repeat":"repeat","background-position":"center center","background-size":"auto","background-attachment":"scroll","background-type":"","background-media":"","overlay-type":"","overlay-color":"","overlay-opacity":"","overlay-gradient":""}},"footnotes":""},"categories":[1,157,29],"tags":[],"class_list":["post-8463","post","type-post","status-publish","format-standard","has-post-thumbnail","hentry","category-general","category-pfi","category-portada"],"post_mailing_queue_ids":[],"_links":{"self":[{"href":"https:\/\/agora.xtec.cat\/iesdesales\/wp-json\/wp\/v2\/posts\/8463","targetHints":{"allow":["GET"]}}],"collection":[{"href":"https:\/\/agora.xtec.cat\/iesdesales\/wp-json\/wp\/v2\/posts"}],"about":[{"href":"https:\/\/agora.xtec.cat\/iesdesales\/wp-json\/wp\/v2\/types\/post"}],"author":[{"embeddable":true,"href":"https:\/\/agora.xtec.cat\/iesdesales\/wp-json\/wp\/v2\/users\/1"}],"replies":[{"embeddable":true,"href":"https:\/\/agora.xtec.cat\/iesdesales\/wp-json\/wp\/v2\/comments?post=8463"}],"version-history":[{"count":3,"href":"https:\/\/agora.xtec.cat\/iesdesales\/wp-json\/wp\/v2\/posts\/8463\/revisions"}],"predecessor-version":[{"id":8467,"href":"https:\/\/agora.xtec.cat\/iesdesales\/wp-json\/wp\/v2\/posts\/8463\/revisions\/8467"}],"wp:featuredmedia":[{"embeddable":true,"href":"https:\/\/agora.xtec.cat\/iesdesales\/wp-json\/wp\/v2\/media\/8464"}],"wp:attachment":[{"href":"https:\/\/agora.xtec.cat\/iesdesales\/wp-json\/wp\/v2\/media?parent=8463"}],"wp:term":[{"taxonomy":"category","embeddable":true,"href":"https:\/\/agora.xtec.cat\/iesdesales\/wp-json\/wp\/v2\/categories?post=8463"},{"taxonomy":"post_tag","embeddable":true,"href":"https:\/\/agora.xtec.cat\/iesdesales\/wp-json\/wp\/v2\/tags?post=8463"}],"curies":[{"name":"wp","href":"https:\/\/api.w.org\/{rel}","templated":true}]}}