{"id":8225,"date":"2023-12-04T08:17:47","date_gmt":"2023-12-04T07:17:47","guid":{"rendered":"https:\/\/agora.xtec.cat\/iesdesales\/?p=8225"},"modified":"2023-12-04T08:25:08","modified_gmt":"2023-12-04T07:25:08","slug":"visita-a-larxiu-de-viladecans-1r-das","status":"publish","type":"post","link":"https:\/\/agora.xtec.cat\/iesdesales\/portada\/visita-a-larxiu-de-viladecans-1r-das\/","title":{"rendered":"VISITA A L&#8217;ARXIU DE VILADECANS (1r DAS)"},"content":{"rendered":"<div><i><a href=\"https:\/\/agora.xtec.cat\/iesdesales\/wp-content\/uploads\/usu678\/2023\/12\/Foto_Visita_Arxiu1-scaled.jpeg\"><img loading=\"lazy\" decoding=\"async\" class=\"alignnone size-large wp-image-8226\" src=\"https:\/\/agora.xtec.cat\/iesdesales\/wp-content\/uploads\/usu678\/2023\/12\/Foto_Visita_Arxiu1-1024x660.jpeg\" alt=\"\" width=\"1024\" height=\"660\" srcset=\"https:\/\/agora.xtec.cat\/iesdesales\/wp-content\/uploads\/usu678\/2023\/12\/Foto_Visita_Arxiu1-1024x660.jpeg 1024w, https:\/\/agora.xtec.cat\/iesdesales\/wp-content\/uploads\/usu678\/2023\/12\/Foto_Visita_Arxiu1-300x193.jpeg 300w, https:\/\/agora.xtec.cat\/iesdesales\/wp-content\/uploads\/usu678\/2023\/12\/Foto_Visita_Arxiu1-768x495.jpeg 768w, https:\/\/agora.xtec.cat\/iesdesales\/wp-content\/uploads\/usu678\/2023\/12\/Foto_Visita_Arxiu1-1536x990.jpeg 1536w, https:\/\/agora.xtec.cat\/iesdesales\/wp-content\/uploads\/usu678\/2023\/12\/Foto_Visita_Arxiu1-2048x1320.jpeg 2048w\" sizes=\"auto, (max-width: 1024px) 100vw, 1024px\" \/><\/a><\/i><\/div>\n<div><\/div>\n<div><i>Els nostres alumnes, de 1er del cicle de grau superior de Documentaci\u00f3 i Administraci\u00f3 Sanit\u00e0ries, van visitar el dijous passat l&#8217;arxiu de Viladecans. En aquesta sortida, van aprendre la import\u00e0ncia d&#8217;aquesta\u00a0<\/i><i>professi\u00f3 de la m\u00e0 de Xavier Calder\u00e9.\u00a0<\/i><\/div>\n<div><\/div>\n<div><\/div>\n<div><i>Tot seguit, van recollir dades dels habitants de Viladecans per realitzar un estudi estad\u00edstic epidemiol\u00f2gic de la poblaci\u00f3 de Viladecans.<\/i><\/div>\n","protected":false},"excerpt":{"rendered":"<p>Els nostres alumnes, de 1er del cicle de grau superior de Documentaci\u00f3 i Administraci\u00f3 Sanit\u00e0ries, van visitar el dijous passat l&#8217;arxiu de Viladecans. En aquesta sortida, van aprendre la import\u00e0ncia d&#8217;aquesta\u00a0professi\u00f3 de la m\u00e0 de Xavier Calder\u00e9.\u00a0 Tot seguit, van recollir dades dels habitants de Viladecans per realitzar un estudi estad\u00edstic epidemiol\u00f2gic de la poblaci\u00f3 [&hellip;]<\/p>\n","protected":false},"author":8,"featured_media":0,"comment_status":"closed","ping_status":"closed","sticky":false,"template":"","format":"standard","meta":{"_bbp_topic_count":0,"_bbp_reply_count":0,"_bbp_total_topic_count":0,"_bbp_total_reply_count":0,"_bbp_voice_count":0,"_bbp_anonymous_reply_count":0,"_bbp_topic_count_hidden":0,"_bbp_reply_count_hidden":0,"_bbp_forum_subforum_count":0,"site-sidebar-layout":"default","site-content-layout":"","ast-site-content-layout":"","site-content-style":"default","site-sidebar-style":"default","ast-global-header-display":"","ast-banner-title-visibility":"","ast-main-header-display":"","ast-hfb-above-header-display":"","ast-hfb-below-header-display":"","ast-hfb-mobile-header-display":"","site-post-title":"","ast-breadcrumbs-content":"","ast-featured-img":"","footer-sml-layout":"","theme-transparent-header-meta":"","adv-header-id-meta":"","stick-header-meta":"","header-above-stick-meta":"","header-main-stick-meta":"","header-below-stick-meta":"","astra-migrate-meta-layouts":"default","ast-page-background-enabled":"default","ast-page-background-meta":{"desktop":{"background-color":"var(--ast-global-color-4)","background-image":"","background-repeat":"repeat","background-position":"center center","background-size":"auto","background-attachment":"scroll","background-type":"","background-media":"","overlay-type":"","overlay-color":"","overlay-opacity":"","overlay-gradient":""},"tablet":{"background-color":"","background-image":"","background-repeat":"repeat","background-position":"center center","background-size":"auto","background-attachment":"scroll","background-type":"","background-media":"","overlay-type":"","overlay-color":"","overlay-opacity":"","overlay-gradient":""},"mobile":{"background-color":"","background-image":"","background-repeat":"repeat","background-position":"center center","background-size":"auto","background-attachment":"scroll","background-type":"","background-media":"","overlay-type":"","overlay-color":"","overlay-opacity":"","overlay-gradient":""}},"ast-content-background-meta":{"desktop":{"background-color":"var(--ast-global-color-5)","background-image":"","background-repeat":"repeat","background-position":"center center","background-size":"auto","background-attachment":"scroll","background-type":"","background-media":"","overlay-type":"","overlay-color":"","overlay-opacity":"","overlay-gradient":""},"tablet":{"background-color":"var(--ast-global-color-5)","background-image":"","background-repeat":"repeat","background-position":"center center","background-size":"auto","background-attachment":"scroll","background-type":"","background-media":"","overlay-type":"","overlay-color":"","overlay-opacity":"","overlay-gradient":""},"mobile":{"background-color":"var(--ast-global-color-5)","background-image":"","background-repeat":"repeat","background-position":"center center","background-size":"auto","background-attachment":"scroll","background-type":"","background-media":"","overlay-type":"","overlay-color":"","overlay-opacity":"","overlay-gradient":""}},"footnotes":""},"categories":[30,29],"tags":[],"class_list":["post-8225","post","type-post","status-publish","format-standard","hentry","category-cicles-formatius","category-portada"],"post_mailing_queue_ids":[],"_links":{"self":[{"href":"https:\/\/agora.xtec.cat\/iesdesales\/wp-json\/wp\/v2\/posts\/8225","targetHints":{"allow":["GET"]}}],"collection":[{"href":"https:\/\/agora.xtec.cat\/iesdesales\/wp-json\/wp\/v2\/posts"}],"about":[{"href":"https:\/\/agora.xtec.cat\/iesdesales\/wp-json\/wp\/v2\/types\/post"}],"author":[{"embeddable":true,"href":"https:\/\/agora.xtec.cat\/iesdesales\/wp-json\/wp\/v2\/users\/8"}],"replies":[{"embeddable":true,"href":"https:\/\/agora.xtec.cat\/iesdesales\/wp-json\/wp\/v2\/comments?post=8225"}],"version-history":[{"count":5,"href":"https:\/\/agora.xtec.cat\/iesdesales\/wp-json\/wp\/v2\/posts\/8225\/revisions"}],"predecessor-version":[{"id":8231,"href":"https:\/\/agora.xtec.cat\/iesdesales\/wp-json\/wp\/v2\/posts\/8225\/revisions\/8231"}],"wp:attachment":[{"href":"https:\/\/agora.xtec.cat\/iesdesales\/wp-json\/wp\/v2\/media?parent=8225"}],"wp:term":[{"taxonomy":"category","embeddable":true,"href":"https:\/\/agora.xtec.cat\/iesdesales\/wp-json\/wp\/v2\/categories?post=8225"},{"taxonomy":"post_tag","embeddable":true,"href":"https:\/\/agora.xtec.cat\/iesdesales\/wp-json\/wp\/v2\/tags?post=8225"}],"curies":[{"name":"wp","href":"https:\/\/api.w.org\/{rel}","templated":true}]}}