{"id":7156,"date":"2022-11-10T12:09:31","date_gmt":"2022-11-10T11:09:31","guid":{"rendered":"https:\/\/agora.xtec.cat\/iesdesales\/?p=7156"},"modified":"2022-11-10T12:09:31","modified_gmt":"2022-11-10T11:09:31","slug":"resolent-dubtes-sobre-cervells","status":"publish","type":"post","link":"https:\/\/agora.xtec.cat\/iesdesales\/general\/resolent-dubtes-sobre-cervells\/","title":{"rendered":"Resolent dubtes sobre Cervell(s)?"},"content":{"rendered":"<p>Aquesta setmana l&#8217;alumnat del CFGM de Farm\u00e0cia i Parafarm\u00e0cia hem anat al Centre de Cultura Contempor\u00e0nia de Barcelona per veure una exposici\u00f3 que ens ha ajudat a reflexionar sobre el cervell, la ment i qu\u00e8 considerem la realitat.<br \/>\nDurant la visita guiada hem pogut observar com al llarg de la hist\u00f2ria el cervell i, sobretot, l&#8217;estudi d&#8217;aquest ha anat evolucionant. Tamb\u00e9 hem vist imatges molt xules de l&#8217;estructura del cervell i les xarxes neuronals. A l&#8217;\u00faltima part ens hem q\u00fcestionat qu\u00e8 \u00e9s la intel\u00b7lig\u00e8ncia i si nom\u00e9s la humanitat en tenim. Al final no sabem si hem resolt els dubtes o amb la reflexi\u00f3 encara n&#8217;han sorgit de nous&#8230;<\/p>\n<p><img loading=\"lazy\" decoding=\"async\" class=\"size-large wp-image-7157\" src=\"https:\/\/agora.xtec.cat\/iesdesales\/wp-content\/uploads\/usu678\/2022\/11\/IMG_20221110_055723-1024x768.jpg\" alt=\"\" width=\"1024\" height=\"768\" srcset=\"https:\/\/agora.xtec.cat\/iesdesales\/wp-content\/uploads\/usu678\/2022\/11\/IMG_20221110_055723-1024x768.jpg 1024w, https:\/\/agora.xtec.cat\/iesdesales\/wp-content\/uploads\/usu678\/2022\/11\/IMG_20221110_055723-300x225.jpg 300w, https:\/\/agora.xtec.cat\/iesdesales\/wp-content\/uploads\/usu678\/2022\/11\/IMG_20221110_055723-768x576.jpg 768w, https:\/\/agora.xtec.cat\/iesdesales\/wp-content\/uploads\/usu678\/2022\/11\/IMG_20221110_055723-1536x1152.jpg 1536w, https:\/\/agora.xtec.cat\/iesdesales\/wp-content\/uploads\/usu678\/2022\/11\/IMG_20221110_055723-2048x1536.jpg 2048w, https:\/\/agora.xtec.cat\/iesdesales\/wp-content\/uploads\/usu678\/2022\/11\/IMG_20221110_055723-200x150.jpg 200w\" sizes=\"auto, (max-width: 1024px) 100vw, 1024px\" \/><\/p>\n","protected":false},"excerpt":{"rendered":"<p>Aquesta setmana l&#8217;alumnat del CFGM de Farm\u00e0cia i Parafarm\u00e0cia hem anat al Centre de Cultura Contempor\u00e0nia de Barcelona per veure una exposici\u00f3 que ens ha ajudat a reflexionar sobre el cervell, la ment i qu\u00e8 considerem la realitat. Durant la visita guiada hem pogut observar com al llarg de la hist\u00f2ria el cervell i, sobretot, [&hellip;]<\/p>\n","protected":false},"author":1,"featured_media":7157,"comment_status":"open","ping_status":"closed","sticky":false,"template":"","format":"standard","meta":{"_bbp_topic_count":0,"_bbp_reply_count":0,"_bbp_total_topic_count":0,"_bbp_total_reply_count":0,"_bbp_voice_count":0,"_bbp_anonymous_reply_count":0,"_bbp_topic_count_hidden":0,"_bbp_reply_count_hidden":0,"_bbp_forum_subforum_count":0,"site-sidebar-layout":"default","site-content-layout":"","ast-site-content-layout":"","site-content-style":"default","site-sidebar-style":"default","ast-global-header-display":"","ast-banner-title-visibility":"","ast-main-header-display":"","ast-hfb-above-header-display":"","ast-hfb-below-header-display":"","ast-hfb-mobile-header-display":"","site-post-title":"","ast-breadcrumbs-content":"","ast-featured-img":"","footer-sml-layout":"","theme-transparent-header-meta":"","adv-header-id-meta":"","stick-header-meta":"","header-above-stick-meta":"","header-main-stick-meta":"","header-below-stick-meta":"","astra-migrate-meta-layouts":"default","ast-page-background-enabled":"default","ast-page-background-meta":{"desktop":{"background-color":"var(--ast-global-color-4)","background-image":"","background-repeat":"repeat","background-position":"center center","background-size":"auto","background-attachment":"scroll","background-type":"","background-media":"","overlay-type":"","overlay-color":"","overlay-opacity":"","overlay-gradient":""},"tablet":{"background-color":"","background-image":"","background-repeat":"repeat","background-position":"center center","background-size":"auto","background-attachment":"scroll","background-type":"","background-media":"","overlay-type":"","overlay-color":"","overlay-opacity":"","overlay-gradient":""},"mobile":{"background-color":"","background-image":"","background-repeat":"repeat","background-position":"center center","background-size":"auto","background-attachment":"scroll","background-type":"","background-media":"","overlay-type":"","overlay-color":"","overlay-opacity":"","overlay-gradient":""}},"ast-content-background-meta":{"desktop":{"background-color":"var(--ast-global-color-5)","background-image":"","background-repeat":"repeat","background-position":"center center","background-size":"auto","background-attachment":"scroll","background-type":"","background-media":"","overlay-type":"","overlay-color":"","overlay-opacity":"","overlay-gradient":""},"tablet":{"background-color":"var(--ast-global-color-5)","background-image":"","background-repeat":"repeat","background-position":"center center","background-size":"auto","background-attachment":"scroll","background-type":"","background-media":"","overlay-type":"","overlay-color":"","overlay-opacity":"","overlay-gradient":""},"mobile":{"background-color":"var(--ast-global-color-5)","background-image":"","background-repeat":"repeat","background-position":"center center","background-size":"auto","background-attachment":"scroll","background-type":"","background-media":"","overlay-type":"","overlay-color":"","overlay-opacity":"","overlay-gradient":""}},"footnotes":""},"categories":[30,139,1,29],"tags":[],"class_list":["post-7156","post","type-post","status-publish","format-standard","has-post-thumbnail","hentry","category-cicles-formatius","category-fip","category-general","category-portada"],"post_mailing_queue_ids":[],"_links":{"self":[{"href":"https:\/\/agora.xtec.cat\/iesdesales\/wp-json\/wp\/v2\/posts\/7156","targetHints":{"allow":["GET"]}}],"collection":[{"href":"https:\/\/agora.xtec.cat\/iesdesales\/wp-json\/wp\/v2\/posts"}],"about":[{"href":"https:\/\/agora.xtec.cat\/iesdesales\/wp-json\/wp\/v2\/types\/post"}],"author":[{"embeddable":true,"href":"https:\/\/agora.xtec.cat\/iesdesales\/wp-json\/wp\/v2\/users\/1"}],"replies":[{"embeddable":true,"href":"https:\/\/agora.xtec.cat\/iesdesales\/wp-json\/wp\/v2\/comments?post=7156"}],"version-history":[{"count":1,"href":"https:\/\/agora.xtec.cat\/iesdesales\/wp-json\/wp\/v2\/posts\/7156\/revisions"}],"predecessor-version":[{"id":7158,"href":"https:\/\/agora.xtec.cat\/iesdesales\/wp-json\/wp\/v2\/posts\/7156\/revisions\/7158"}],"wp:featuredmedia":[{"embeddable":true,"href":"https:\/\/agora.xtec.cat\/iesdesales\/wp-json\/wp\/v2\/media\/7157"}],"wp:attachment":[{"href":"https:\/\/agora.xtec.cat\/iesdesales\/wp-json\/wp\/v2\/media?parent=7156"}],"wp:term":[{"taxonomy":"category","embeddable":true,"href":"https:\/\/agora.xtec.cat\/iesdesales\/wp-json\/wp\/v2\/categories?post=7156"},{"taxonomy":"post_tag","embeddable":true,"href":"https:\/\/agora.xtec.cat\/iesdesales\/wp-json\/wp\/v2\/tags?post=7156"}],"curies":[{"name":"wp","href":"https:\/\/api.w.org\/{rel}","templated":true}]}}