{"id":6825,"date":"2022-06-23T13:55:53","date_gmt":"2022-06-23T11:55:53","guid":{"rendered":"https:\/\/agora.xtec.cat\/iesdesales\/?p=6825"},"modified":"2022-06-23T13:56:48","modified_gmt":"2022-06-23T11:56:48","slug":"graduacio-de-2n-de-batxillerat","status":"publish","type":"post","link":"https:\/\/agora.xtec.cat\/iesdesales\/general\/graduacio-de-2n-de-batxillerat\/","title":{"rendered":"Graduaci\u00f3 de 2n de Batxillerat"},"content":{"rendered":"<p>El passat dimarts, els alumnes de 2n de batxillerat van celebrar la seva graduaci\u00f3.<\/p>\n<p>Van fer un acte molt emotiu que va tenir lloc al gimn\u00e0s per la previsi\u00f3 de pluj<a href=\"https:\/\/agora.xtec.cat\/iesdesales\/wp-content\/uploads\/usu678\/2022\/06\/IMG_3527.heic\"><img loading=\"lazy\" decoding=\"async\" class=\"alignnone size-large wp-image-6826\" src=\"https:\/\/agora.xtec.cat\/iesdesales\/wp-content\/uploads\/usu678\/2022\/06\/IMG_3527.heic\" alt=\"\" width=\"1\" height=\"1\" \/><\/a>a. Despr\u00e9s van sopar al centre i, segons alguns rumors no confirmats, despr\u00e9s van marxar de festa (molt ben merescuda, tot s&#8217;ha de dir).<\/p>\n<p>A continuaci\u00f3 us deixem alguns documents gr\u00e0fics de la festa (cliqueu a la imatge i hi accedireu):<\/p>\n<p><a href=\"https:\/\/photos.app.goo.gl\/mC7P8UfL9Yrr7ynH8\"><img loading=\"lazy\" decoding=\"async\" class=\"alignnone size-large wp-image-6827\" src=\"https:\/\/agora.xtec.cat\/iesdesales\/wp-content\/uploads\/usu678\/2022\/06\/IMG_3527-1024x659.jpg\" alt=\"\" width=\"1024\" height=\"659\" srcset=\"https:\/\/agora.xtec.cat\/iesdesales\/wp-content\/uploads\/usu678\/2022\/06\/IMG_3527-1024x659.jpg 1024w, https:\/\/agora.xtec.cat\/iesdesales\/wp-content\/uploads\/usu678\/2022\/06\/IMG_3527-300x193.jpg 300w, https:\/\/agora.xtec.cat\/iesdesales\/wp-content\/uploads\/usu678\/2022\/06\/IMG_3527-768x494.jpg 768w, https:\/\/agora.xtec.cat\/iesdesales\/wp-content\/uploads\/usu678\/2022\/06\/IMG_3527-1536x989.jpg 1536w, https:\/\/agora.xtec.cat\/iesdesales\/wp-content\/uploads\/usu678\/2022\/06\/IMG_3527-2048x1318.jpg 2048w\" sizes=\"auto, (max-width: 1024px) 100vw, 1024px\" \/><\/a><\/p>\n","protected":false},"excerpt":{"rendered":"<p>El passat dimarts, els alumnes de 2n de batxillerat van celebrar la seva graduaci\u00f3. Van fer un acte molt emotiu que va tenir lloc al gimn\u00e0s per la previsi\u00f3 de pluja. Despr\u00e9s van sopar al centre i, segons alguns rumors no confirmats, despr\u00e9s van marxar de festa (molt ben merescuda, tot s&#8217;ha de dir). A [&hellip;]<\/p>\n","protected":false},"author":1,"featured_media":6827,"comment_status":"open","ping_status":"closed","sticky":false,"template":"","format":"standard","meta":{"_bbp_topic_count":0,"_bbp_reply_count":0,"_bbp_total_topic_count":0,"_bbp_total_reply_count":0,"_bbp_voice_count":0,"_bbp_anonymous_reply_count":0,"_bbp_topic_count_hidden":0,"_bbp_reply_count_hidden":0,"_bbp_forum_subforum_count":0,"site-sidebar-layout":"default","site-content-layout":"","ast-site-content-layout":"","site-content-style":"default","site-sidebar-style":"default","ast-global-header-display":"","ast-banner-title-visibility":"","ast-main-header-display":"","ast-hfb-above-header-display":"","ast-hfb-below-header-display":"","ast-hfb-mobile-header-display":"","site-post-title":"","ast-breadcrumbs-content":"","ast-featured-img":"","footer-sml-layout":"","theme-transparent-header-meta":"","adv-header-id-meta":"","stick-header-meta":"","header-above-stick-meta":"","header-main-stick-meta":"","header-below-stick-meta":"","astra-migrate-meta-layouts":"default","ast-page-background-enabled":"default","ast-page-background-meta":{"desktop":{"background-color":"var(--ast-global-color-4)","background-image":"","background-repeat":"repeat","background-position":"center center","background-size":"auto","background-attachment":"scroll","background-type":"","background-media":"","overlay-type":"","overlay-color":"","overlay-opacity":"","overlay-gradient":""},"tablet":{"background-color":"","background-image":"","background-repeat":"repeat","background-position":"center center","background-size":"auto","background-attachment":"scroll","background-type":"","background-media":"","overlay-type":"","overlay-color":"","overlay-opacity":"","overlay-gradient":""},"mobile":{"background-color":"","background-image":"","background-repeat":"repeat","background-position":"center center","background-size":"auto","background-attachment":"scroll","background-type":"","background-media":"","overlay-type":"","overlay-color":"","overlay-opacity":"","overlay-gradient":""}},"ast-content-background-meta":{"desktop":{"background-color":"var(--ast-global-color-5)","background-image":"","background-repeat":"repeat","background-position":"center center","background-size":"auto","background-attachment":"scroll","background-type":"","background-media":"","overlay-type":"","overlay-color":"","overlay-opacity":"","overlay-gradient":""},"tablet":{"background-color":"var(--ast-global-color-5)","background-image":"","background-repeat":"repeat","background-position":"center center","background-size":"auto","background-attachment":"scroll","background-type":"","background-media":"","overlay-type":"","overlay-color":"","overlay-opacity":"","overlay-gradient":""},"mobile":{"background-color":"var(--ast-global-color-5)","background-image":"","background-repeat":"repeat","background-position":"center center","background-size":"auto","background-attachment":"scroll","background-type":"","background-media":"","overlay-type":"","overlay-color":"","overlay-opacity":"","overlay-gradient":""}},"footnotes":""},"categories":[8,122,1,29],"tags":[],"class_list":["post-6825","post","type-post","status-publish","format-standard","has-post-thumbnail","hentry","category-batxillerat","category-batxillerat-2","category-general","category-portada"],"post_mailing_queue_ids":[],"_links":{"self":[{"href":"https:\/\/agora.xtec.cat\/iesdesales\/wp-json\/wp\/v2\/posts\/6825","targetHints":{"allow":["GET"]}}],"collection":[{"href":"https:\/\/agora.xtec.cat\/iesdesales\/wp-json\/wp\/v2\/posts"}],"about":[{"href":"https:\/\/agora.xtec.cat\/iesdesales\/wp-json\/wp\/v2\/types\/post"}],"author":[{"embeddable":true,"href":"https:\/\/agora.xtec.cat\/iesdesales\/wp-json\/wp\/v2\/users\/1"}],"replies":[{"embeddable":true,"href":"https:\/\/agora.xtec.cat\/iesdesales\/wp-json\/wp\/v2\/comments?post=6825"}],"version-history":[{"count":1,"href":"https:\/\/agora.xtec.cat\/iesdesales\/wp-json\/wp\/v2\/posts\/6825\/revisions"}],"predecessor-version":[{"id":6828,"href":"https:\/\/agora.xtec.cat\/iesdesales\/wp-json\/wp\/v2\/posts\/6825\/revisions\/6828"}],"wp:featuredmedia":[{"embeddable":true,"href":"https:\/\/agora.xtec.cat\/iesdesales\/wp-json\/wp\/v2\/media\/6827"}],"wp:attachment":[{"href":"https:\/\/agora.xtec.cat\/iesdesales\/wp-json\/wp\/v2\/media?parent=6825"}],"wp:term":[{"taxonomy":"category","embeddable":true,"href":"https:\/\/agora.xtec.cat\/iesdesales\/wp-json\/wp\/v2\/categories?post=6825"},{"taxonomy":"post_tag","embeddable":true,"href":"https:\/\/agora.xtec.cat\/iesdesales\/wp-json\/wp\/v2\/tags?post=6825"}],"curies":[{"name":"wp","href":"https:\/\/api.w.org\/{rel}","templated":true}]}}