{"id":497,"date":"2011-03-13T17:27:08","date_gmt":"2011-03-13T16:27:08","guid":{"rendered":"http:\/\/agora.xtec.cat\/iesdesales\/general\/us-recomanem-exposicions-matem\/"},"modified":"2016-07-08T09:55:52","modified_gmt":"2016-07-08T08:55:52","slug":"us-recomanem-exposicions-matem","status":"publish","type":"post","link":"https:\/\/agora.xtec.cat\/iesdesales\/general\/us-recomanem-exposicions-matem\/","title":{"rendered":"Us recomanem&#8230; exposicions matem\u00e0tiques"},"content":{"rendered":"<p>Les matem\u00e0tiques estan presents en el nostre dia a dia i manipulant materials sovint podem entendre conceptes que d&#8217;una altra manera ens poden semblar incomprensibles.<\/p>\n<p>Si voleu passar una bona estona, viure les matem\u00e0tiques a trav\u00e9s dels vostres ulls i sentir-les amb les vostre pr\u00f2pies mans us proposem dues exposicions: <\/p>\n<ul>\n<li>Exposici\u00f3 temporal de  <a title=\"Exposici\u00f3 Les matem\u00e0tiques i la vida\" target=\"_blank\" href=\"http:\/\/www.mnactec.cat\/expo\/les_matematiques_i_la_vida.html\">\u201cLes Matem\u00e0tiques i la vida\u201d<\/a> al museu de la Ci\u00e8ncia i de la T\u00e8cnica de Catalunya (a Terrassa) del 6 d&#8217;octubre de 2010 al 7 de juliol de 2011.<\/li>\n<\/ul>\n<ul>\n<li>Exposici\u00f3 <a title=\"Setmana de les matem\u00e0tiques\" target=\"_blank\" href=\"http:\/\/setmanamatematiques.blogspot.com\/p\/exposicions.html\">&quot;Experi\u00e8ncies matem\u00e0tiques. Prohibit no tocar!&quot;<\/a> organitzada pel MMACA, del 8 al 22 de mar\u00e7 a Berga.<\/li>\n<\/ul>\n<p>Si voleu m\u00e9s informaci\u00f3 nom\u00e9s heu de clicar a sobre del t\u00edtol de cada exposici\u00f3. Si decidiu anar la sorpresa est\u00e0 assegurada! <\/p><\/p>\n","protected":false},"excerpt":{"rendered":"<p>Les matem\u00e0tiques estan presents en el nostre dia a dia i manipulant materials sovint podem entendre conceptes que d&#8217;una altra manera ens poden semblar incomprensibles. Si voleu passar una bona estona, viure les matem\u00e0tiques a trav\u00e9s dels vostres ulls i sentir-les amb les vostre pr\u00f2pies mans us proposem dues exposicions: Exposici\u00f3 temporal de \u201cLes Matem\u00e0tiques [&hellip;]<\/p>\n","protected":false},"author":1,"featured_media":0,"comment_status":"open","ping_status":"open","sticky":false,"template":"","format":"standard","meta":{"_bbp_topic_count":0,"_bbp_reply_count":0,"_bbp_total_topic_count":0,"_bbp_total_reply_count":0,"_bbp_voice_count":0,"_bbp_anonymous_reply_count":0,"_bbp_topic_count_hidden":0,"_bbp_reply_count_hidden":0,"_bbp_forum_subforum_count":0,"site-sidebar-layout":"default","site-content-layout":"","ast-site-content-layout":"","site-content-style":"default","site-sidebar-style":"default","ast-global-header-display":"","ast-banner-title-visibility":"","ast-main-header-display":"","ast-hfb-above-header-display":"","ast-hfb-below-header-display":"","ast-hfb-mobile-header-display":"","site-post-title":"","ast-breadcrumbs-content":"","ast-featured-img":"","footer-sml-layout":"","theme-transparent-header-meta":"","adv-header-id-meta":"","stick-header-meta":"","header-above-stick-meta":"","header-main-stick-meta":"","header-below-stick-meta":"","astra-migrate-meta-layouts":"default","ast-page-background-enabled":"default","ast-page-background-meta":{"desktop":{"background-color":"var(--ast-global-color-4)","background-image":"","background-repeat":"repeat","background-position":"center center","background-size":"auto","background-attachment":"scroll","background-type":"","background-media":"","overlay-type":"","overlay-color":"","overlay-opacity":"","overlay-gradient":""},"tablet":{"background-color":"","background-image":"","background-repeat":"repeat","background-position":"center center","background-size":"auto","background-attachment":"scroll","background-type":"","background-media":"","overlay-type":"","overlay-color":"","overlay-opacity":"","overlay-gradient":""},"mobile":{"background-color":"","background-image":"","background-repeat":"repeat","background-position":"center center","background-size":"auto","background-attachment":"scroll","background-type":"","background-media":"","overlay-type":"","overlay-color":"","overlay-opacity":"","overlay-gradient":""}},"ast-content-background-meta":{"desktop":{"background-color":"var(--ast-global-color-5)","background-image":"","background-repeat":"repeat","background-position":"center center","background-size":"auto","background-attachment":"scroll","background-type":"","background-media":"","overlay-type":"","overlay-color":"","overlay-opacity":"","overlay-gradient":""},"tablet":{"background-color":"var(--ast-global-color-5)","background-image":"","background-repeat":"repeat","background-position":"center center","background-size":"auto","background-attachment":"scroll","background-type":"","background-media":"","overlay-type":"","overlay-color":"","overlay-opacity":"","overlay-gradient":""},"mobile":{"background-color":"var(--ast-global-color-5)","background-image":"","background-repeat":"repeat","background-position":"center center","background-size":"auto","background-attachment":"scroll","background-type":"","background-media":"","overlay-type":"","overlay-color":"","overlay-opacity":"","overlay-gradient":""}},"footnotes":""},"categories":[1,29],"tags":[74,77],"class_list":["post-497","post","type-post","status-publish","format-standard","hentry","category-general","category-portada","tag-intraweb","tag-noticies"],"post_mailing_queue_ids":[],"_links":{"self":[{"href":"https:\/\/agora.xtec.cat\/iesdesales\/wp-json\/wp\/v2\/posts\/497","targetHints":{"allow":["GET"]}}],"collection":[{"href":"https:\/\/agora.xtec.cat\/iesdesales\/wp-json\/wp\/v2\/posts"}],"about":[{"href":"https:\/\/agora.xtec.cat\/iesdesales\/wp-json\/wp\/v2\/types\/post"}],"author":[{"embeddable":true,"href":"https:\/\/agora.xtec.cat\/iesdesales\/wp-json\/wp\/v2\/users\/1"}],"replies":[{"embeddable":true,"href":"https:\/\/agora.xtec.cat\/iesdesales\/wp-json\/wp\/v2\/comments?post=497"}],"version-history":[{"count":1,"href":"https:\/\/agora.xtec.cat\/iesdesales\/wp-json\/wp\/v2\/posts\/497\/revisions"}],"predecessor-version":[{"id":1520,"href":"https:\/\/agora.xtec.cat\/iesdesales\/wp-json\/wp\/v2\/posts\/497\/revisions\/1520"}],"wp:attachment":[{"href":"https:\/\/agora.xtec.cat\/iesdesales\/wp-json\/wp\/v2\/media?parent=497"}],"wp:term":[{"taxonomy":"category","embeddable":true,"href":"https:\/\/agora.xtec.cat\/iesdesales\/wp-json\/wp\/v2\/categories?post=497"},{"taxonomy":"post_tag","embeddable":true,"href":"https:\/\/agora.xtec.cat\/iesdesales\/wp-json\/wp\/v2\/tags?post=497"}],"curies":[{"name":"wp","href":"https:\/\/api.w.org\/{rel}","templated":true}]}}