{"id":3297,"date":"2018-01-30T14:21:25","date_gmt":"2018-01-30T13:21:25","guid":{"rendered":"http:\/\/agora.xtec.cat\/iesdesales\/?p=3297"},"modified":"2018-01-30T14:23:56","modified_gmt":"2018-01-30T13:23:56","slug":"informacio-sobre-les-competencies-basiques-de-4t-deso","status":"publish","type":"post","link":"https:\/\/agora.xtec.cat\/iesdesales\/general\/informacio-sobre-les-competencies-basiques-de-4t-deso\/","title":{"rendered":"Informaci\u00f3 sobre les compet\u00e8ncies b\u00e0siques de 4t d&#8217;ESO"},"content":{"rendered":"<p>Els dies 6 i 7 de febrer de 2018 es duran al centre les proves de compet\u00e8ncies b\u00e0siques als alumnes de 4rt d\u2019ESO. Com ja coneixeu, s\u00f3n unes proves externes de car\u00e0cter informatiu, formatiu i orientador tant per alumnes i fam\u00edlies com per al centre.<\/p>\n<p>El Consell Superior d\u2019Avaluaci\u00f3 del Sistema Educatiu de Catalunya ha publicat uns documents informatius tant per als alumnes com per a les fam\u00edlies.<\/p>\n<p>Ens posem a la vostra disposici\u00f3 per tal que els pugueu consultar.<\/p>\n<p><a href=\"http:\/\/agora.xtec.cat\/iesdesales\/wp-content\/uploads\/usu678\/2018\/01\/INFO-families-CB-2018.jpg\"><img loading=\"lazy\" decoding=\"async\" class=\"alignnone size-large wp-image-3299\" src=\"http:\/\/agora.xtec.cat\/iesdesales\/wp-content\/uploads\/usu678\/2018\/01\/INFO-families-CB-2018-661x1024.jpg\" alt=\"\" width=\"661\" height=\"1024\" srcset=\"https:\/\/agora.xtec.cat\/iesdesales\/wp-content\/uploads\/usu678\/2018\/01\/INFO-families-CB-2018-661x1024.jpg 661w, https:\/\/agora.xtec.cat\/iesdesales\/wp-content\/uploads\/usu678\/2018\/01\/INFO-families-CB-2018-194x300.jpg 194w, https:\/\/agora.xtec.cat\/iesdesales\/wp-content\/uploads\/usu678\/2018\/01\/INFO-families-CB-2018-768x1190.jpg 768w, https:\/\/agora.xtec.cat\/iesdesales\/wp-content\/uploads\/usu678\/2018\/01\/INFO-families-CB-2018.jpg 2048w\" sizes=\"auto, (max-width: 661px) 100vw, 661px\" \/><\/a><\/p>\n<p>Tamb\u00e9 teniu disponible la informaci\u00f3 per l&#8217;estudiant:<\/p>\n<p><a href=\"http:\/\/agora.xtec.cat\/iesdesales\/wp-content\/uploads\/usu678\/2018\/01\/INFO-alumnes-CB-2018.pdf\">\u00a0\u00a0\u00a0\u00a0 INFO-alumnes-CB-2018<\/a><\/p>\n<p>&nbsp;<\/p>\n<p>&nbsp;<\/p>\n","protected":false},"excerpt":{"rendered":"<p>Els dies 6 i 7 de febrer de 2018 es duran al centre les proves de compet\u00e8ncies b\u00e0siques als alumnes de 4rt d\u2019ESO. Com ja coneixeu, s\u00f3n unes proves externes de car\u00e0cter informatiu, formatiu i orientador tant per alumnes i fam\u00edlies com per al centre. El Consell Superior d\u2019Avaluaci\u00f3 del Sistema Educatiu de Catalunya ha [&hellip;]<\/p>\n","protected":false},"author":1,"featured_media":3299,"comment_status":"open","ping_status":"closed","sticky":false,"template":"","format":"standard","meta":{"_bbp_topic_count":0,"_bbp_reply_count":0,"_bbp_total_topic_count":0,"_bbp_total_reply_count":0,"_bbp_voice_count":0,"_bbp_anonymous_reply_count":0,"_bbp_topic_count_hidden":0,"_bbp_reply_count_hidden":0,"_bbp_forum_subforum_count":0,"site-sidebar-layout":"default","site-content-layout":"","ast-site-content-layout":"","site-content-style":"default","site-sidebar-style":"default","ast-global-header-display":"","ast-banner-title-visibility":"","ast-main-header-display":"","ast-hfb-above-header-display":"","ast-hfb-below-header-display":"","ast-hfb-mobile-header-display":"","site-post-title":"","ast-breadcrumbs-content":"","ast-featured-img":"","footer-sml-layout":"","theme-transparent-header-meta":"","adv-header-id-meta":"","stick-header-meta":"","header-above-stick-meta":"","header-main-stick-meta":"","header-below-stick-meta":"","astra-migrate-meta-layouts":"default","ast-page-background-enabled":"default","ast-page-background-meta":{"desktop":{"background-color":"var(--ast-global-color-4)","background-image":"","background-repeat":"repeat","background-position":"center center","background-size":"auto","background-attachment":"scroll","background-type":"","background-media":"","overlay-type":"","overlay-color":"","overlay-opacity":"","overlay-gradient":""},"tablet":{"background-color":"","background-image":"","background-repeat":"repeat","background-position":"center center","background-size":"auto","background-attachment":"scroll","background-type":"","background-media":"","overlay-type":"","overlay-color":"","overlay-opacity":"","overlay-gradient":""},"mobile":{"background-color":"","background-image":"","background-repeat":"repeat","background-position":"center center","background-size":"auto","background-attachment":"scroll","background-type":"","background-media":"","overlay-type":"","overlay-color":"","overlay-opacity":"","overlay-gradient":""}},"ast-content-background-meta":{"desktop":{"background-color":"var(--ast-global-color-5)","background-image":"","background-repeat":"repeat","background-position":"center center","background-size":"auto","background-attachment":"scroll","background-type":"","background-media":"","overlay-type":"","overlay-color":"","overlay-opacity":"","overlay-gradient":""},"tablet":{"background-color":"var(--ast-global-color-5)","background-image":"","background-repeat":"repeat","background-position":"center center","background-size":"auto","background-attachment":"scroll","background-type":"","background-media":"","overlay-type":"","overlay-color":"","overlay-opacity":"","overlay-gradient":""},"mobile":{"background-color":"var(--ast-global-color-5)","background-image":"","background-repeat":"repeat","background-position":"center center","background-size":"auto","background-attachment":"scroll","background-type":"","background-media":"","overlay-type":"","overlay-color":"","overlay-opacity":"","overlay-gradient":""}},"footnotes":""},"categories":[3,7,1,29],"tags":[],"class_list":["post-3297","post","type-post","status-publish","format-standard","has-post-thumbnail","hentry","category-eso","category-eso-4","category-general","category-portada"],"post_mailing_queue_ids":[],"_links":{"self":[{"href":"https:\/\/agora.xtec.cat\/iesdesales\/wp-json\/wp\/v2\/posts\/3297","targetHints":{"allow":["GET"]}}],"collection":[{"href":"https:\/\/agora.xtec.cat\/iesdesales\/wp-json\/wp\/v2\/posts"}],"about":[{"href":"https:\/\/agora.xtec.cat\/iesdesales\/wp-json\/wp\/v2\/types\/post"}],"author":[{"embeddable":true,"href":"https:\/\/agora.xtec.cat\/iesdesales\/wp-json\/wp\/v2\/users\/1"}],"replies":[{"embeddable":true,"href":"https:\/\/agora.xtec.cat\/iesdesales\/wp-json\/wp\/v2\/comments?post=3297"}],"version-history":[{"count":1,"href":"https:\/\/agora.xtec.cat\/iesdesales\/wp-json\/wp\/v2\/posts\/3297\/revisions"}],"predecessor-version":[{"id":3301,"href":"https:\/\/agora.xtec.cat\/iesdesales\/wp-json\/wp\/v2\/posts\/3297\/revisions\/3301"}],"wp:featuredmedia":[{"embeddable":true,"href":"https:\/\/agora.xtec.cat\/iesdesales\/wp-json\/wp\/v2\/media\/3299"}],"wp:attachment":[{"href":"https:\/\/agora.xtec.cat\/iesdesales\/wp-json\/wp\/v2\/media?parent=3297"}],"wp:term":[{"taxonomy":"category","embeddable":true,"href":"https:\/\/agora.xtec.cat\/iesdesales\/wp-json\/wp\/v2\/categories?post=3297"},{"taxonomy":"post_tag","embeddable":true,"href":"https:\/\/agora.xtec.cat\/iesdesales\/wp-json\/wp\/v2\/tags?post=3297"}],"curies":[{"name":"wp","href":"https:\/\/api.w.org\/{rel}","templated":true}]}}