{"id":10309,"date":"2026-04-27T09:48:32","date_gmt":"2026-04-27T07:48:32","guid":{"rendered":"https:\/\/agora.xtec.cat\/iesdesales\/?p=10309"},"modified":"2026-04-28T12:27:46","modified_gmt":"2026-04-28T10:27:46","slug":"activitats-durant-la-setmana-de-sant-jordi","status":"publish","type":"post","link":"https:\/\/agora.xtec.cat\/iesdesales\/general\/activitats-durant-la-setmana-de-sant-jordi\/","title":{"rendered":"Activitats durant la setmana de Sant Jordi"},"content":{"rendered":"<p>La setmana de Sant Jordi al Sales ha estat plena d&#8217;activitats, com ja hem anat comunicant. Les activitats en angl\u00e8s, el M\u00e0gic English per a 1r d&#8217;ESO i un Scaproom per a 2n, 3r i 4t ESO. Per\u00f2 n&#8217;hi ha hagut d&#8217;altres: una xerrada liter\u00e0ria amb l&#8217;autora Laura Casanovas, la final de Slam Poetry de Viladecans, un intercanvi de llibres al vest\u00edbul, la final de Slam poetry del Sales, i l&#8217;entrega de premis del concurs literari&#8230;\ud83c\udf39\ud83d\udcda\ud83c\udf39\ud83d\udcda<\/p>\n<p>A m\u00e9s a m\u00e9s, el mateix dis de Sant Jordi, l&#8217;AMPA va convidar a tots els alumnes a un tros de pa de pessic casol\u00e0, fet a la nostra cantina, i va donar-los tamb\u00e9 un petit term\u00f2metre digital.<\/p>\n<p>Moltes gr\u00e0cies a tots!<\/p>\n<p>Clicant la imatge accedireu a la galeria de fotografies:<\/p>\n<p><a href=\"https:\/\/photos.app.goo.gl\/CMiWyXVuKYmhyoAv5\"><img loading=\"lazy\" decoding=\"async\" class=\"alignnone size-large wp-image-10310\" src=\"https:\/\/agora.xtec.cat\/iesdesales\/wp-content\/uploads\/usu678\/2026\/04\/WhatsApp-Image-2026-04-25-at-17.05.152-768x1024.jpeg\" alt=\"\" width=\"768\" height=\"1024\" srcset=\"https:\/\/agora.xtec.cat\/iesdesales\/wp-content\/uploads\/usu678\/2026\/04\/WhatsApp-Image-2026-04-25-at-17.05.152-768x1024.jpeg 768w, https:\/\/agora.xtec.cat\/iesdesales\/wp-content\/uploads\/usu678\/2026\/04\/WhatsApp-Image-2026-04-25-at-17.05.152-225x300.jpeg 225w, https:\/\/agora.xtec.cat\/iesdesales\/wp-content\/uploads\/usu678\/2026\/04\/WhatsApp-Image-2026-04-25-at-17.05.152-1152x1536.jpeg 1152w, https:\/\/agora.xtec.cat\/iesdesales\/wp-content\/uploads\/usu678\/2026\/04\/WhatsApp-Image-2026-04-25-at-17.05.152.jpeg 1530w\" sizes=\"auto, (max-width: 768px) 100vw, 768px\" \/><\/a><\/p>\n","protected":false},"excerpt":{"rendered":"<p>La setmana de Sant Jordi al Sales ha estat plena d&#8217;activitats, com ja hem anat comunicant. Les activitats en angl\u00e8s, el M\u00e0gic English per a 1r d&#8217;ESO i un Scaproom per a 2n, 3r i 4t ESO. Per\u00f2 n&#8217;hi ha hagut d&#8217;altres: una xerrada liter\u00e0ria&hellip;  <a href=\"https:\/\/agora.xtec.cat\/iesdesales\/general\/activitats-durant-la-setmana-de-sant-jordi\/\" title=\"Read Activitats durant la setmana de Sant Jordi\">Llegeix m\u00e9s\u00bb<\/a><\/p>\n","protected":false},"author":1,"featured_media":10310,"comment_status":"open","ping_status":"open","sticky":false,"template":"","format":"standard","meta":{"_bbp_topic_count":0,"_bbp_reply_count":0,"_bbp_total_topic_count":0,"_bbp_total_reply_count":0,"_bbp_voice_count":0,"_bbp_anonymous_reply_count":0,"_bbp_topic_count_hidden":0,"_bbp_reply_count_hidden":0,"_bbp_forum_subforum_count":0,"footnotes":""},"categories":[3,4,5,6,7,1,29],"tags":[],"class_list":["post-10309","post","type-post","status-publish","format-standard","has-post-thumbnail","hentry","category-eso","category-eso-1","category-eso-2","category-eso-3","category-eso-4","category-general","category-portada"],"post_mailing_queue_ids":[],"_links":{"self":[{"href":"https:\/\/agora.xtec.cat\/iesdesales\/wp-json\/wp\/v2\/posts\/10309","targetHints":{"allow":["GET"]}}],"collection":[{"href":"https:\/\/agora.xtec.cat\/iesdesales\/wp-json\/wp\/v2\/posts"}],"about":[{"href":"https:\/\/agora.xtec.cat\/iesdesales\/wp-json\/wp\/v2\/types\/post"}],"author":[{"embeddable":true,"href":"https:\/\/agora.xtec.cat\/iesdesales\/wp-json\/wp\/v2\/users\/1"}],"replies":[{"embeddable":true,"href":"https:\/\/agora.xtec.cat\/iesdesales\/wp-json\/wp\/v2\/comments?post=10309"}],"version-history":[{"count":2,"href":"https:\/\/agora.xtec.cat\/iesdesales\/wp-json\/wp\/v2\/posts\/10309\/revisions"}],"predecessor-version":[{"id":10321,"href":"https:\/\/agora.xtec.cat\/iesdesales\/wp-json\/wp\/v2\/posts\/10309\/revisions\/10321"}],"wp:featuredmedia":[{"embeddable":true,"href":"https:\/\/agora.xtec.cat\/iesdesales\/wp-json\/wp\/v2\/media\/10310"}],"wp:attachment":[{"href":"https:\/\/agora.xtec.cat\/iesdesales\/wp-json\/wp\/v2\/media?parent=10309"}],"wp:term":[{"taxonomy":"category","embeddable":true,"href":"https:\/\/agora.xtec.cat\/iesdesales\/wp-json\/wp\/v2\/categories?post=10309"},{"taxonomy":"post_tag","embeddable":true,"href":"https:\/\/agora.xtec.cat\/iesdesales\/wp-json\/wp\/v2\/tags?post=10309"}],"curies":[{"name":"wp","href":"https:\/\/api.w.org\/{rel}","templated":true}]}}