{"id":10148,"date":"2026-02-20T11:47:28","date_gmt":"2026-02-20T10:47:28","guid":{"rendered":"https:\/\/agora.xtec.cat\/iesdesales\/?p=10148"},"modified":"2026-02-20T12:03:13","modified_gmt":"2026-02-20T11:03:13","slug":"divendres-13-de-febrer-dia-mundial-de-la-nena-i-la-dona-en-la-ciencia","status":"publish","type":"post","link":"https:\/\/agora.xtec.cat\/iesdesales\/general\/divendres-13-de-febrer-dia-mundial-de-la-nena-i-la-dona-en-la-ciencia\/","title":{"rendered":"Divendres 13 de febrer, dia mundial de la Nena i la Dona en la Ci\u00e8ncia"},"content":{"rendered":"<p>L&#8217;institut va celebrar divendres passat dia 13 de febrer una activitat especial amb motiu del Dia de la Nena i la Dona en la Ci\u00e8ncia amb la visita de la cient\u00edfica Anna Bartomeu, que va oferir una xerrada inspiradora a l\u2019alumnat de 3r i 4t d&#8217;ESO.<\/p>\n<p>Durant la sessi\u00f3, la investigadora va explicar en qu\u00e8 consisteix la seva feina dins del camp de la ci\u00e8ncia, com \u00e9s el dia a dia en el m\u00f3n de la recerca i quins reptes afronten actualment els cient\u00edfics i cient\u00edfiques. Tamb\u00e9 va compartir la seva experi\u00e8ncia personal, des dels seus inicis com a estudiant fins a arribar a convertir-se en una professional reconeguda, posant \u00e8mfasi en la import\u00e0ncia de la curiositat, la perseveran\u00e7a i el pensament cr\u00edtic.<\/p>\n<p>L\u2019alumnat va participar activament amb preguntes i reflexions, mostrant un gran inter\u00e8s tant pel contingut cient\u00edfic com pel vessant m\u00e9s hum\u00e0 de la traject\u00f2ria de la ponent. La xerrada va servir, a m\u00e9s, per visibilitzar el paper fonamental de les dones en la ci\u00e8ncia i per animar especialment les noies a plantejar-se carreres cient\u00edfiques i tecnol\u00f2giques.<\/p>\n<p>Des del centre es valora molt positivament aquesta iniciativa, que contribueix a fomentar vocacions cient\u00edfiques i a transmetre referents reals i propers. Activitats com aquesta reforcen el comprom\u00eds de l&#8217;institut amb la igualtat d&#8217;oportunitats i amb la promoci\u00f3 del coneixement cient\u00edfic entre els joves.<\/p>\n<p>Clicant la imatge accedireu a la galeria de fotografies:<\/p>\n<p><a href=\"https:\/\/photos.app.goo.gl\/p4TFyoFiS3xQxxdW9\"><img loading=\"lazy\" decoding=\"async\" class=\"alignnone size-large wp-image-10149\" src=\"https:\/\/agora.xtec.cat\/iesdesales\/wp-content\/uploads\/usu678\/2026\/02\/IMG_20260213_123958_WEB-1024x465.jpg\" alt=\"\" width=\"1024\" height=\"465\" srcset=\"https:\/\/agora.xtec.cat\/iesdesales\/wp-content\/uploads\/usu678\/2026\/02\/IMG_20260213_123958_WEB-1024x465.jpg 1024w, https:\/\/agora.xtec.cat\/iesdesales\/wp-content\/uploads\/usu678\/2026\/02\/IMG_20260213_123958_WEB-300x136.jpg 300w, https:\/\/agora.xtec.cat\/iesdesales\/wp-content\/uploads\/usu678\/2026\/02\/IMG_20260213_123958_WEB-768x349.jpg 768w, https:\/\/agora.xtec.cat\/iesdesales\/wp-content\/uploads\/usu678\/2026\/02\/IMG_20260213_123958_WEB-1536x698.jpg 1536w, https:\/\/agora.xtec.cat\/iesdesales\/wp-content\/uploads\/usu678\/2026\/02\/IMG_20260213_123958_WEB-2048x930.jpg 2048w\" sizes=\"auto, (max-width: 1024px) 100vw, 1024px\" \/><\/a><\/p>\n","protected":false},"excerpt":{"rendered":"<p>L&#8217;institut va celebrar divendres passat dia 13 de febrer una activitat especial amb motiu del Dia de la Nena i la Dona en la Ci\u00e8ncia amb la visita de la cient\u00edfica Anna Bartomeu, que va oferir una xerrada inspiradora a l\u2019alumnat de 3r i 4t&hellip;  <a href=\"https:\/\/agora.xtec.cat\/iesdesales\/general\/divendres-13-de-febrer-dia-mundial-de-la-nena-i-la-dona-en-la-ciencia\/\" title=\"Read Divendres 13 de febrer, dia mundial de la Nena i la Dona en la Ci\u00e8ncia\">Llegeix m\u00e9s\u00bb<\/a><\/p>\n","protected":false},"author":1,"featured_media":10149,"comment_status":"open","ping_status":"open","sticky":false,"template":"","format":"standard","meta":{"_bbp_topic_count":0,"_bbp_reply_count":0,"_bbp_total_topic_count":0,"_bbp_total_reply_count":0,"_bbp_voice_count":0,"_bbp_anonymous_reply_count":0,"_bbp_topic_count_hidden":0,"_bbp_reply_count_hidden":0,"_bbp_forum_subforum_count":0,"footnotes":""},"categories":[3,6,7,1,29],"tags":[],"class_list":["post-10148","post","type-post","status-publish","format-standard","has-post-thumbnail","hentry","category-eso","category-eso-3","category-eso-4","category-general","category-portada"],"post_mailing_queue_ids":[],"_links":{"self":[{"href":"https:\/\/agora.xtec.cat\/iesdesales\/wp-json\/wp\/v2\/posts\/10148","targetHints":{"allow":["GET"]}}],"collection":[{"href":"https:\/\/agora.xtec.cat\/iesdesales\/wp-json\/wp\/v2\/posts"}],"about":[{"href":"https:\/\/agora.xtec.cat\/iesdesales\/wp-json\/wp\/v2\/types\/post"}],"author":[{"embeddable":true,"href":"https:\/\/agora.xtec.cat\/iesdesales\/wp-json\/wp\/v2\/users\/1"}],"replies":[{"embeddable":true,"href":"https:\/\/agora.xtec.cat\/iesdesales\/wp-json\/wp\/v2\/comments?post=10148"}],"version-history":[{"count":1,"href":"https:\/\/agora.xtec.cat\/iesdesales\/wp-json\/wp\/v2\/posts\/10148\/revisions"}],"predecessor-version":[{"id":10150,"href":"https:\/\/agora.xtec.cat\/iesdesales\/wp-json\/wp\/v2\/posts\/10148\/revisions\/10150"}],"wp:featuredmedia":[{"embeddable":true,"href":"https:\/\/agora.xtec.cat\/iesdesales\/wp-json\/wp\/v2\/media\/10149"}],"wp:attachment":[{"href":"https:\/\/agora.xtec.cat\/iesdesales\/wp-json\/wp\/v2\/media?parent=10148"}],"wp:term":[{"taxonomy":"category","embeddable":true,"href":"https:\/\/agora.xtec.cat\/iesdesales\/wp-json\/wp\/v2\/categories?post=10148"},{"taxonomy":"post_tag","embeddable":true,"href":"https:\/\/agora.xtec.cat\/iesdesales\/wp-json\/wp\/v2\/tags?post=10148"}],"curies":[{"name":"wp","href":"https:\/\/api.w.org\/{rel}","templated":true}]}}