{"id":918,"date":"2016-02-03T12:53:29","date_gmt":"2016-02-03T11:53:29","guid":{"rendered":"http:\/\/agora.xtec.cat\/iesdelvoltreganes\/?p=918"},"modified":"2016-02-03T13:10:54","modified_gmt":"2016-02-03T12:10:54","slug":"la-uab-visita-linstitut-del-voltreganes","status":"publish","type":"post","link":"https:\/\/agora.xtec.cat\/iesdelvoltreganes\/general\/la-uab-visita-linstitut-del-voltreganes\/","title":{"rendered":"La UAB visita l&#8217;institut del Voltregan\u00e8s"},"content":{"rendered":"<p>Ahir, dimarts 2 de febrer, el professor de la Facultat d&#8217; Educaci\u00f3 de la Universitat Aut\u00f2noma de Barcelona, Tom\u00e0s Peire, va fer una xerrada a l&#8217; Institut per presentar l&#8217; oferta educativa de la Universitat pel curs 2016-2017 als alumnes de 1r i 2n de Batxillerat i el funcionament de la Vila Universit\u00e0ria.<\/p>\n<p>Per qualsevol dubte podeu consultar:<a href=\"http:\/\/www.uab.cat\/\" target=\"_blank\"> http:\/\/www.uab.cat\/<\/a><br \/>\n<a href=\"https:\/\/drive.google.com\/file\/d\/0B-t4vBsl7WldbTAwSlQ4SURFaTg\/view?usp=sharing\" target=\"_blank\">Cartell UAB<\/a><\/p>\n<p><a href=\"https:\/\/drive.google.com\/file\/d\/0B-t4vBsl7WldTUZHQUhWLXpqRzQ\/view?usp=sharing\" target=\"_blank\">Visites de fam\u00edlies d&#8217;estudiants de 2n debatxillerat<\/a><\/p>\n","protected":false},"excerpt":{"rendered":"<p>Ahir, dimarts 2 de febrer, el professor de la Facultat d&#8217; Educaci\u00f3 de la Universitat Aut\u00f2noma de Barcelona, Tom\u00e0s Peire, va fer una xerrada a l&#8217; Institut per presentar l&#8217; oferta educativa de la Universitat pel curs 2016-2017 als alumnes de 1r i 2n de&hellip;  <a href=\"https:\/\/agora.xtec.cat\/iesdelvoltreganes\/general\/la-uab-visita-linstitut-del-voltreganes\/\" title=\"Read La UAB visita l&#8217;institut del Voltregan\u00e8s\">Llegeix m\u00e9s\u00bb<\/a><\/p>\n","protected":false},"author":6,"featured_media":922,"comment_status":"open","ping_status":"open","sticky":false,"template":"","format":"standard","meta":{"_bbp_topic_count":0,"_bbp_reply_count":0,"_bbp_total_topic_count":0,"_bbp_total_reply_count":0,"_bbp_voice_count":0,"_bbp_anonymous_reply_count":0,"_bbp_topic_count_hidden":0,"_bbp_reply_count_hidden":0,"_bbp_forum_subforum_count":0,"footnotes":""},"categories":[8,1,29],"tags":[44],"class_list":["post-918","post","type-post","status-publish","format-standard","has-post-thumbnail","hentry","category-batxillerat","category-general","category-portada","tag-xerrades"],"post_mailing_queue_ids":[],"_links":{"self":[{"href":"https:\/\/agora.xtec.cat\/iesdelvoltreganes\/wp-json\/wp\/v2\/posts\/918","targetHints":{"allow":["GET"]}}],"collection":[{"href":"https:\/\/agora.xtec.cat\/iesdelvoltreganes\/wp-json\/wp\/v2\/posts"}],"about":[{"href":"https:\/\/agora.xtec.cat\/iesdelvoltreganes\/wp-json\/wp\/v2\/types\/post"}],"author":[{"embeddable":true,"href":"https:\/\/agora.xtec.cat\/iesdelvoltreganes\/wp-json\/wp\/v2\/users\/6"}],"replies":[{"embeddable":true,"href":"https:\/\/agora.xtec.cat\/iesdelvoltreganes\/wp-json\/wp\/v2\/comments?post=918"}],"version-history":[{"count":2,"href":"https:\/\/agora.xtec.cat\/iesdelvoltreganes\/wp-json\/wp\/v2\/posts\/918\/revisions"}],"predecessor-version":[{"id":926,"href":"https:\/\/agora.xtec.cat\/iesdelvoltreganes\/wp-json\/wp\/v2\/posts\/918\/revisions\/926"}],"wp:featuredmedia":[{"embeddable":true,"href":"https:\/\/agora.xtec.cat\/iesdelvoltreganes\/wp-json\/wp\/v2\/media\/922"}],"wp:attachment":[{"href":"https:\/\/agora.xtec.cat\/iesdelvoltreganes\/wp-json\/wp\/v2\/media?parent=918"}],"wp:term":[{"taxonomy":"category","embeddable":true,"href":"https:\/\/agora.xtec.cat\/iesdelvoltreganes\/wp-json\/wp\/v2\/categories?post=918"},{"taxonomy":"post_tag","embeddable":true,"href":"https:\/\/agora.xtec.cat\/iesdelvoltreganes\/wp-json\/wp\/v2\/tags?post=918"}],"curies":[{"name":"wp","href":"https:\/\/api.w.org\/{rel}","templated":true}]}}